{"id":11393,"date":"2024-09-22T15:05:24","date_gmt":"2024-09-22T13:05:24","guid":{"rendered":"https:\/\/www.psy.link\/blog\/?p=11393"},"modified":"2025-12-21T19:28:00","modified_gmt":"2025-12-21T18:28:00","slug":"limagery-rescripting-transformer-les-traumatismes-et-schemas","status":"publish","type":"post","link":"https:\/\/www.psy.link\/blog\/2024\/09\/22\/limagery-rescripting-transformer-les-traumatismes-et-schemas\/","title":{"rendered":"L\u2019Imagery Rescripting : Transformer les traumatismes et sch\u00e9mas avec la m\u00e9thode d\u2019Arntz"},"content":{"rendered":"\n<p>Les traumatismes laissent souvent des empreintes durables sur les individus, cr\u00e9ant <strong>des sch\u00e9mas cognitivo-\u00e9motionnels r\u00e9p\u00e9titifs<\/strong>. Ces derniers influencent leur comportement, leur bien-\u00eatre, et leurs relations&#8230;&nbsp;L\u2019Imagery Rescripting (IR)&nbsp;est une approche th\u00e9rapeutique valid\u00e9e pour soigner ces sch\u00e9mas dysfonctionnels. Elle a \u00e9t\u00e9 d\u00e9velopp\u00e9e \u00e0 partir des travaux sur les sch\u00e9mas pr\u00e9coces inadapt\u00e9s, tels que d\u00e9finis dans la&nbsp;Th\u00e9rapie des Sch\u00e9mas&nbsp;(Young, Klosko, &amp; Weishaar, 2003).<\/p>\n\n\n\n<figure class=\"wp-block-image size-full\"><img decoding=\"async\" width=\"600\" height=\"400\" src=\"https:\/\/www.psy.link\/blog\/wp-content\/uploads\/2024\/09\/1.jpg\" alt=\"\" class=\"wp-image-11395\" srcset=\"https:\/\/www.psy.link\/blog\/wp-content\/uploads\/2024\/09\/1.jpg 600w, https:\/\/www.psy.link\/blog\/wp-content\/uploads\/2024\/09\/1-300x200.jpg 300w\" sizes=\"(max-width: 600px) 100vw, 600px\" \/><\/figure>\n\n\n\n<p><strong><a href=\"https:\/\/www.researchgate.net\/profile\/Arnoud-Arntz\">Arnoud Arntz<\/a><\/strong>, un chercheur influent dans le domaine de la th\u00e9rapie des sch\u00e9mas et du traitement des troubles de la personnalit\u00e9, en particulier du trouble de la personnalit\u00e9 borderline, a jou\u00e9 un r\u00f4le d\u00e9terminant dans le perfectionnement et l\u2019\u00e9valuation empirique de cette approche. Il a test\u00e9, dans de nombreuses \u00e9tudes, son approche th\u00e9rapeutique permettant de cibler plus sp\u00e9cifiquement les sch\u00e9mas dysfonctionnels. Ce travail offre non seulement la possibilit\u00e9 de revisiter les souvenirs traumatiques, mais surtout de les <strong>transformer<\/strong>. Cela afin d&rsquo;aider les patients \u00e0 d\u00e9passer leurs traumatismes et \u00e0 modifier durablement leurs sch\u00e9mas dysfonctionnels (Arntz &amp; van Genderen, 2009; Bamelis, Evers, Spinhoven, &amp; Arntz, 2013).<\/p>\n\n\n\n<div class=\"wp-block-group has-ast-global-color-6-color has-ast-global-color-4-background-color has-text-color has-background has-link-color has-medium-font-size wp-elements-84c9e1d6270e51d3a9ea427264a734ab is-horizontal is-content-justification-center is-layout-flex wp-container-core-group-is-layout-5b1888b8 wp-block-group-is-layout-flex\" style=\"padding-top:var(--wp--preset--spacing--20);padding-right:var(--wp--preset--spacing--20);padding-bottom:var(--wp--preset--spacing--20);padding-left:var(--wp--preset--spacing--20)\">\n<p><strong>Comment cette m\u00e9thode fonctionne-t-elle ? <\/strong><\/p>\n\n\n\n<p class=\"has-text-align-center\"><strong>Quels sont ses b\u00e9n\u00e9fices cliniques ? <\/strong><\/p>\n\n\n\n<p class=\"has-text-align-center\"><strong>Et comment l\u2019int\u00e9grer dans une pratique th\u00e9rapeutique quotidienne ? <\/strong><\/p>\n<\/div>\n\n\n\n<p>Cet article explore les r\u00e9ponses \u00e0 ces questions, en s&rsquo;appuyant sur des bases scientifiques solides (Arntz, Sofi, &amp; van Breukelen, 2015). Nous vous proposerons un t\u00e9moignage clinique, et une vignette illustrant l\u2019efficacit\u00e9 de l\u2019IR dans la transformation des sch\u00e9mas traumatiques.<\/p>\n\n\n\n<div class=\"wp-block-columns is-layout-flex wp-container-core-columns-is-layout-28f84493 wp-block-columns-is-layout-flex\">\n<div class=\"wp-block-column is-vertically-aligned-stretch has-ast-global-color-4-background-color has-background is-layout-flow wp-block-column-is-layout-flow\" style=\"padding-top:var(--wp--preset--spacing--20);padding-right:var(--wp--preset--spacing--20);padding-bottom:var(--wp--preset--spacing--20);padding-left:var(--wp--preset--spacing--20)\">\n<div class=\"wp-block-group is-nowrap is-layout-flex wp-container-core-group-is-layout-6c531013 wp-block-group-is-layout-flex\">\n<figure class=\"wp-block-image aligncenter size-full is-resized\"><img decoding=\"async\" width=\"400\" height=\"600\" src=\"https:\/\/www.psy.link\/blog\/wp-content\/uploads\/2025\/11\/9.png\" alt=\"\" class=\"wp-image-14284\" style=\"width:170px;height:auto\" srcset=\"https:\/\/www.psy.link\/blog\/wp-content\/uploads\/2025\/11\/9.png 400w, https:\/\/www.psy.link\/blog\/wp-content\/uploads\/2025\/11\/9-200x300.png 200w\" sizes=\"(max-width: 400px) 100vw, 400px\" \/><\/figure>\n\n\n\n<div class=\"wp-block-uagb-call-to-action uagb-block-4806f25e wp-block-button\"><div class=\"uagb-cta__wrap\"><h2 class=\"uagb-cta__title\"><strong>Trouvez un psychologue TCC qualifi\u00e9 pr\u00e8s de chez vous<\/strong><\/h2><p class=\"uagb-cta__desc\">L\u2019annuaire national Psy.link regroupe des praticiens form\u00e9s et v\u00e9rifi\u00e9s, disponibles rapidement.<\/p><\/div><div class=\"uagb-cta__buttons\"><a href=\"https:\/\/app.psy.link\/psychologues-tcc\" class=\"uagb-cta__button-link-wrapper wp-block-button__link\" target=\"_blank\" rel=\"noopener noreferrer\">\ud83d\udd0e Consulter l\u2019annuaire<\/a><\/div><\/div>\n<\/div>\n<\/div>\n<\/div>\n\n\n\n<h3 class=\"wp-block-heading\">Une technique pour traiter les traumatismes et d&rsquo;autres troubles<\/h3>\n\n\n\n<p>L\u2019Imagery Rescripting (IR)&nbsp;est une technique psychoth\u00e9rapeutique d\u00e9riv\u00e9e des&nbsp;th\u00e9rapies cognitivo-comportementales (TCC), principalement utilis\u00e9e pour traiter les&nbsp;traumatismes, les&nbsp;troubles anxieux, et certains&nbsp;troubles de la personnalit\u00e9, tels que le&nbsp;trouble de la personnalit\u00e9 borderline&nbsp;(Arntz et al., 2006). Cette m\u00e9thode se distingue par sa capacit\u00e9 \u00e0 cibler et \u00e0 restructurer les souvenirs \u00e9motionnels n\u00e9gatifs. Elle permet ainsi au patient de r\u00e9interpr\u00e9ter ses exp\u00e9riences pass\u00e9es de mani\u00e8re plus adaptative.<\/p>\n\n\n\n<p>Concr\u00e8tement, l&rsquo;IR implique que le patient revienne sur une situation traumatique ou une exp\u00e9rience \u00e9motionnelle marquante. N\u00e9anmoins, cette fois-ci dans un&nbsp;<strong>cadre s\u00e9curis\u00e9<\/strong>&nbsp;fourni par le th\u00e9rapeute. Pendant cette reconstitution, le th\u00e9rapeute encourage activement le patient \u00e0 modifier les \u00e9l\u00e9ments de la sc\u00e8ne v\u00e9cue, en y introduisant de nouvelles ressources, en changeant les comportements des protagonistes, ou en modifiant les \u00e9v\u00e9nements eux-m\u00eames. Cette \u00ab\u00a0r\u00e9\u00e9criture\u00a0\u00bb du sc\u00e9nario originel vise \u00e0 changer les r\u00e9ponses \u00e9motionnelles n\u00e9gatives associ\u00e9es au souvenir (Arntz, Sofi, &amp; van Breukelen, 2015).<\/p>\n\n\n\n<figure class=\"wp-block-image size-full\"><img decoding=\"async\" width=\"600\" height=\"400\" src=\"https:\/\/www.psy.link\/blog\/wp-content\/uploads\/2024\/09\/2.jpg\" alt=\"\" class=\"wp-image-11396\" srcset=\"https:\/\/www.psy.link\/blog\/wp-content\/uploads\/2024\/09\/2.jpg 600w, https:\/\/www.psy.link\/blog\/wp-content\/uploads\/2024\/09\/2-300x200.jpg 300w\" sizes=\"(max-width: 600px) 100vw, 600px\" \/><\/figure>\n\n\n\n<p>Le fondement scientifique de l&rsquo;Imagery Rescripting repose sur les principes de&nbsp;<strong>r\u00e9organisation cognitive<\/strong>&nbsp;et de&nbsp;<strong>reconsolidation de la m\u00e9moire<\/strong>&nbsp;(Lee et al., 2017). Lorsque le patient revisite un souvenir douloureux, il r\u00e9active les&nbsp;<strong>\u00e9motions<\/strong>&nbsp;et les&nbsp;<strong>croyances<\/strong>&nbsp;associ\u00e9es \u00e0 ce souvenir dans l\u2019\u00e9tat \u00e9motionnel pr\u00e9sent. Selon les th\u00e9ories actuelles, ce processus de r\u00e9activation rend la m\u00e9moire mall\u00e9able. Cela offre ainsi une opportunit\u00e9 unique pour&nbsp;<strong>reconsolider<\/strong>&nbsp;le souvenir sous une forme modifi\u00e9e (Arntz et al., 2005). L&rsquo;ajout de nouvelles informations ou de ressources \u00e9motionnelles, au sein de ce processus de reconsolidation, permet de diminuer l&rsquo;intensit\u00e9 des \u00e9motions n\u00e9gatives associ\u00e9es au souvenir et de&nbsp;<strong>modifier les croyances rigides<\/strong>&nbsp;qui en d\u00e9coulent (Brewin et al., 2010).<\/p>\n\n\n\n<figure class=\"wp-block-image size-full\"><img decoding=\"async\" width=\"600\" height=\"400\" src=\"https:\/\/www.psy.link\/blog\/wp-content\/uploads\/2024\/09\/Photos.jpg\" alt=\"\" class=\"wp-image-11405\" srcset=\"https:\/\/www.psy.link\/blog\/wp-content\/uploads\/2024\/09\/Photos.jpg 600w, https:\/\/www.psy.link\/blog\/wp-content\/uploads\/2024\/09\/Photos-300x200.jpg 300w\" sizes=\"(max-width: 600px) 100vw, 600px\" \/><\/figure>\n\n\n\n<h2 class=\"wp-block-heading\">T\u00e9moignage d\u2019un praticien<\/h2>\n\n\n\n<div class=\"wp-block-group has-ast-global-color-6-color has-ast-global-color-4-background-color has-text-color has-background has-link-color wp-elements-07a404d3b577d86475ab1be424f5893f is-vertical is-content-justification-center is-layout-flex wp-container-core-group-is-layout-ce155fab wp-block-group-is-layout-flex\">\n<p class=\"has-ast-global-color-6-color has-text-color has-link-color wp-elements-48f23f28847e85762c869f00b30dfecb\"><em>Lorsque j\u2019ai d\u00e9couvert l\u2019Imagery Rescripting (IR), je travaillais avec plusieurs patients souffrant de&nbsp;traumatismes complexes. Nombre d\u2019entre eux avaient essay\u00e9 diff\u00e9rentes formes de th\u00e9rapie, sans obtenir de r\u00e9sultats durables. Ce qui m\u2019a frapp\u00e9e avec cette m\u00e9thode, c\u2019est la&nbsp;<strong>rapidit\u00e9<\/strong>&nbsp;avec laquelle elle permet des changements profonds.<\/em><\/p>\n\n\n\n<p class=\"has-ast-global-color-6-color has-text-color has-link-color wp-elements-50bb2081afaaabad51cfa1aac69cfa1b\"><em>Par exemple, l\u2019un de mes patients avait v\u00e9cu des&nbsp;<strong>abus durant son enfance<\/strong><\/em>. Celui-ci<em> se trouvait r\u00e9guli\u00e8rement submerg\u00e9 par des \u00e9motions ing\u00e9rables d\u00e8s que des souvenirs traumatiques refaisaient surface. Gr\u00e2ce \u00e0 l\u2019IR, il a pu revisiter ces souvenirs douloureux et, au cours des s\u00e9ances, nous avons r\u00e9\u00e9crit ensemble l\u2019exp\u00e9rience traumatique<\/em>. D<em>ans cette nouvelle version, il devenait l&rsquo;adulte protecteur de lui-m\u00eame, capable d&rsquo;intervenir dans la sc\u00e8ne et de se d\u00e9fendre.<\/em><\/p>\n\n\n\n<p class=\"has-ast-global-color-6-color has-text-color has-link-color wp-elements-2723a46c70db7a238f8fc625662a076d\"><em>Peu \u00e0 peu, il a appris \u00e0&nbsp;<strong>reprendre le contr\u00f4le<\/strong>&nbsp;de ses \u00e9motions, \u00e0&nbsp;<strong>transformer ses r\u00e9ponses<\/strong>&nbsp;aux souvenirs traumatiques, et surtout, \u00e0 se lib\u00e9rer de la&nbsp;<strong>culpabilit\u00e9<\/strong>&nbsp;qui le hantait depuis des ann\u00e9es.<\/em><\/p>\n\n\n\n<p class=\"has-ast-global-color-6-color has-text-color has-link-color wp-elements-ff7314eb86193e9022791bf7c3e1ec95\">Ce t\u00e9moignage illustre clairement comment l\u2019IR ne se limite pas \u00e0 traiter les&nbsp;<strong>sympt\u00f4mes des traumatismes<\/strong>, mais permet aussi de r\u00e9\u00e9crire les sch\u00e9mas \u00e9motionnels en profondeur, cr\u00e9ant ainsi des mod\u00e8les plus adaptatifs capables de soutenir un meilleur&nbsp;<strong>\u00e9quilibre \u00e9motionnel \u00e0 long terme<\/strong>.<\/p>\n<\/div>\n\n\n\n<h2 class=\"wp-block-heading\">Vignette clinique : traitement d\u2019un traumatisme d\u2019abandon<\/h2>\n\n\n\n<figure class=\"wp-block-image size-full\"><img decoding=\"async\" width=\"600\" height=\"400\" src=\"https:\/\/www.psy.link\/blog\/wp-content\/uploads\/2024\/09\/5.jpg\" alt=\"\" class=\"wp-image-11398\" srcset=\"https:\/\/www.psy.link\/blog\/wp-content\/uploads\/2024\/09\/5.jpg 600w, https:\/\/www.psy.link\/blog\/wp-content\/uploads\/2024\/09\/5-300x200.jpg 300w\" sizes=\"(max-width: 600px) 100vw, 600px\" \/><\/figure>\n\n\n\n<p>Prenons l\u2019exemple de&nbsp;<strong>Marie<\/strong>, 35 ans, pr\u00e9sentant un&nbsp;<strong>sch\u00e9ma d\u2019abandon<\/strong>. Celui-ci est caract\u00e9ris\u00e9 par des relations interpersonnelles instables et une anxi\u00e9t\u00e9 marqu\u00e9e \u00e0 l\u2019id\u00e9e de perdre ses proches. Ce sch\u00e9ma, couramment observ\u00e9 dans le cadre de la&nbsp;<strong>th\u00e9rapie des sch\u00e9mas<\/strong>&nbsp;(Young, Klosko, &amp; Weishaar, 2003), est souvent enracin\u00e9 dans des exp\u00e9riences d\u2019enfance marqu\u00e9es par l&rsquo;ins\u00e9curit\u00e9 du lien et la peur de la s\u00e9paration. Lors d\u2019une s\u00e9ance d\u2019<strong>Imagery Rescripting (IR)<\/strong>, Marie a \u00e9t\u00e9 invit\u00e9e \u00e0 revisiter un souvenir cl\u00e9 de son enfance, lorsqu&rsquo;elle s&rsquo;\u00e9tait sentie abandonn\u00e9e par sa m\u00e8re dans un magasin.<\/p>\n\n\n\n<h3 class=\"wp-block-heading\">\u00c9tape 1 : Revivre le souvenir<\/h3>\n\n\n\n<p>Le processus d\u00e9bute par la r\u00e9activation du souvenir \u00e9motionnel. Marie est <strong>guid\u00e9e<\/strong> pour se replonger dans cette sc\u00e8ne traumatique en d\u00e9crivant avec pr\u00e9cision ses \u00e9motions d\u2019alors \u2013 la panique, l\u2019impuissance, et la peur de l\u2019abandon. Le th\u00e9rapeute, form\u00e9 aux techniques d\u2019IR, veille \u00e0 cr\u00e9er un cadre s\u00e9curis\u00e9 pour permettre l&rsquo;exploration du souvenir, assurant \u00e0 Marie qu&rsquo;elle est \u00e9motionnellement prot\u00e9g\u00e9e dans le cadre th\u00e9rapeutique (Arntz et al., 2005).<\/p>\n\n\n\n<h3 class=\"wp-block-heading\">\u00c9tape 2 : Intervention dans la sc\u00e8ne<\/h3>\n\n\n\n<p>La seconde \u00e9tape, qui diff\u00e9rencie l\u2019IR des approches classiques d&rsquo;exposition, consiste \u00e0&nbsp;<strong>intervenir activement<\/strong>&nbsp;dans la sc\u00e8ne. Le th\u00e9rapeute encourage Marie \u00e0 \u00ab\u00a0r\u00e9\u00e9crire\u00a0\u00bb l\u2019\u00e9v\u00e9nement traumatique. Dans cette nouvelle version, Marie visualise une version adulte et bienveillante d\u2019elle-m\u00eame intervenir dans la sc\u00e8ne pour&nbsp;<strong>r\u00e9conforter<\/strong>&nbsp;l&rsquo;enfant qu&rsquo;elle \u00e9tait. Elle la rassure, en lui disant qu\u2019elle n\u2019est pas seule et qu\u2019elle ne sera jamais abandonn\u00e9e. Cette intervention vise \u00e0 reconfigurer le souvenir, non pas en tant que simple r\u00e9miniscence d\u2019un traumatisme, mais en tant qu\u2019opportunit\u00e9 de restructurer les&nbsp;<strong>croyances dysfonctionnelles<\/strong>&nbsp;associ\u00e9es au sch\u00e9ma d\u2019abandon (Bamelis et al., 2013).<\/p>\n\n\n\n<h3 class=\"wp-block-heading\">\u00c9tape 3 : Transformation \u00e9motionnelle<\/h3>\n\n\n\n<p>Une fois l\u2019intervention r\u00e9alis\u00e9e, Marie rapporte un&nbsp;<strong>changement \u00e9motionnel significatif<\/strong>. L\u00e0 o\u00f9 elle ressentait autrefois la peur et la panique, elle exprime maintenant des sentiments de s\u00e9r\u00e9nit\u00e9 et de confiance. Cette transformation \u00e9motionnelle est facilit\u00e9e par le processus de&nbsp;<strong>reconsolidation de la m\u00e9moire<\/strong>, qui permet de stocker un souvenir modifi\u00e9, associ\u00e9 \u00e0 des \u00e9motions plus positives et plus adaptatives (Lee et al., 2017). En fin de s\u00e9ance, Marie exprime un sentiment de soulagement et de ma\u00eetrise accrue sur ses \u00e9motions, ce qui marque le d\u00e9but d\u2019un travail de r\u00e9organisation cognitive et \u00e9motionnelle plus durable.<\/p>\n\n\n\n<h3 class=\"wp-block-heading\">R\u00e9sultats cliniques \u00e0 long terme<\/h3>\n\n\n\n<p>Au fil des s\u00e9ances, les b\u00e9n\u00e9fices de l\u2019IR deviennent de plus en plus apparents. Marie parvient progressivement \u00e0 d\u00e9construire le&nbsp;<strong>sch\u00e9ma d\u2019abandon<\/strong>&nbsp;qui influen\u00e7ait n\u00e9gativement sa vie affective et sociale. Elle devient capable de nouer des relations plus saines, sans \u00eatre domin\u00e9e par la peur constante du rejet ou de la perte. Cet exemple illustre comment l\u2019IR, en ciblant directement les souvenirs \u00e9motionnels perturbateurs, permet une modification durable des sch\u00e9mas dysfonctionnels et favorise une meilleure stabilit\u00e9 \u00e9motionnelle (Arntz, Sofi, &amp; van Breukelen, 2015).<\/p>\n\n\n\n<div class=\"wp-block-group is-layout-constrained wp-block-group-is-layout-constrained\"><div class=\"wp-block-group__inner-container\">\n<div class=\"wp-block-columns is-layout-flex wp-container-core-columns-is-layout-28f84493 wp-block-columns-is-layout-flex\">\n<div class=\"wp-block-column is-layout-flow wp-block-column-is-layout-flow\" style=\"flex-basis:100%\">\n<div class=\"wp-block-uagb-container uagb-layout-grid uagb-block-6588ff3e alignfull uagb-is-root-container\">\n<div class=\"wp-block-uagb-container uagb-block-22367a12\">\n<div class=\"wp-block-uagb-call-to-action uagb-block-0bd688a4 wp-block-button\"><div class=\"uagb-cta__wrap\"><h3 class=\"uagb-cta__title\"><strong>Prenez rendez-vous avec un psychologue TCC v\u00e9rifi\u00e9<\/strong><\/h3><p class=\"uagb-cta__desc\">Des psychologues form\u00e9s, disponibles rapidement, pour une prise en charge efficace d\u00e8s la premi\u00e8re s\u00e9ance.<\/p><\/div><div class=\"uagb-cta__buttons\"><a href=\"https:\/\/app.psy.link\/psychologues-tcc\" class=\"uagb-cta__button-link-wrapper wp-block-button__link\" target=\"_self\" rel=\"noopener noreferrer\">\ud83d\udc49 Trouver un psychologue TCC maintenant<\/a><\/div><\/div>\n<\/div>\n<\/div>\n<\/div>\n<\/div>\n<\/div><\/div>\n\n\n\n<h2 class=\"wp-block-heading\">Historique de l\u2019Imagery Rescripting<\/h2>\n\n\n\n<p>L&rsquo;Imagery Rescripting trouve ses racines dans les th\u00e9rapies cognitivo-comportementales, mais son d\u00e9veloppement en tant que technique sp\u00e9cifique remonte aux ann\u00e9es 1990, avec les travaux pionniers d&rsquo;<strong>Arnoud Arntz<\/strong>&nbsp;et de&nbsp;<strong>Jeffrey Young<\/strong>. Ces chercheurs ont remarqu\u00e9 que les m\u00e9thodes purement cognitives ne suffisaient pas \u00e0 modifier les&nbsp;<strong>r\u00e9actions \u00e9motionnelles profondes<\/strong>&nbsp;dans des pathologies complexes, telles que les&nbsp;<strong>troubles de la personnalit\u00e9<\/strong>&nbsp;ou les&nbsp;<strong>traumatismes complexes<\/strong>&nbsp;(Arntz &amp; van Genderen, 2009). Ils ont alors int\u00e9gr\u00e9 des \u00e9l\u00e9ments \u00e9motionnels et exp\u00e9rientiels, permettant aux patients de revisiter et de modifier activement leurs souvenirs traumatiques.<\/p>\n\n\n\n<p>Contrairement aux techniques d&rsquo;exposition classiques, qui se concentrent sur la reviviscence des souvenirs, l&rsquo;IR met l&rsquo;accent sur leur transformation active. Cette approche permet de&nbsp;<strong>r\u00e9\u00e9crire le souvenir<\/strong>&nbsp;en y ajoutant des \u00e9l\u00e9ments protecteurs et en restructurant les croyances sous-jacentes. Aujourd&rsquo;hui, l&rsquo;IR est utilis\u00e9e dans des contextes th\u00e9rapeutiques vari\u00e9s, allant des&nbsp;<strong>troubles anxieux<\/strong>&nbsp;aux&nbsp;<strong>troubles de la personnalit\u00e9<\/strong>, et elle est largement reconnue pour sa polyvalence et son efficacit\u00e9 clinique (Bamelis et al., 2013).<\/p>\n\n\n\n<p>L\u2019Imagery Rescripting est une m\u00e9thode puissante pour traiter les traumatismes et modifier les sch\u00e9mas \u00e9motionnels profonds. Bas\u00e9e sur des ann\u00e9es de recherche et valid\u00e9e par des praticiens dans le monde entier, elle offre aux patients une chance de r\u00e9\u00e9crire leur pass\u00e9 et d&rsquo;envisager un avenir plus serein. Si vous souhaitez int\u00e9grer cette technique dans votre pratique, ne manquez pas notre prochaine session de formation sur l\u2019Imagery Rescripting, sp\u00e9cialement con\u00e7ue pour les th\u00e9rapeutes d\u00e9sireux d\u2019approfondir leurs comp\u00e9tences.<\/p>\n\n\n\n<p><a href=\"https:\/\/formations.psy.link\/formations\/imagery-rescripting-reecrire-en-souvenirs-des-traumas\"><strong>Vous souhaites vous former \u00e0 l\u2019Imagery Rescripting. Innscrivez-vous d\u00e8s maintenant et d\u00e9couvrez comment cette m\u00e9thode peut transformer la vie de vos patients !<\/strong><\/a><\/p>\n\n\n\n<figure class=\"wp-block-image size-full\"><a href=\"https:\/\/formations.psy.link\/formations\/imagery-rescripting-reecrire-en-souvenirs-des-traumas\"><img decoding=\"async\" width=\"600\" height=\"405\" src=\"https:\/\/www.psy.link\/blog\/wp-content\/uploads\/2024\/09\/5da395950a45c992e92f18c700245361.png\" alt=\"\" class=\"wp-image-11402\" srcset=\"https:\/\/www.psy.link\/blog\/wp-content\/uploads\/2024\/09\/5da395950a45c992e92f18c700245361.png 600w, https:\/\/www.psy.link\/blog\/wp-content\/uploads\/2024\/09\/5da395950a45c992e92f18c700245361-300x203.png 300w\" sizes=\"(max-width: 600px) 100vw, 600px\" \/><\/a><\/figure>\n\n\n\n<h2 class=\"wp-block-heading\">Bibliographie<\/h2>\n\n\n\n<p>Young, J. E., Klosko, J. S., &amp; Weishaar, M. E. (2003). Schema therapy: A practitioner&rsquo;s guide.&nbsp;The Guilford Press.<\/p>\n\n\n\n<p>Arntz, A., &amp; van Genderen, H. (2006). Schema therapy for borderline personality disorder: A randomized controlled trial and follow-up study.&nbsp;<em>Journal of Behavior Therapy and Experimental Psychiatry<\/em>, 37(3), 150-158.&nbsp;<a href=\"https:\/\/doi.org\/10.1016\/j.jbtep.2005.07.003\">https:\/\/doi.org\/10.1016\/j.jbtep.2005.07.003<\/a><\/p>\n\n\n\n<p>Arntz, A., &amp; van Genderen, H. (2009).&nbsp;<em>Schema therapy for borderline personality disorder<\/em>. Wiley-Blackwell.<\/p>\n\n\n\n<p>Arntz, A., Dietzel, R., &amp; Dreessen, L. (2004). The role of childhood trauma in the development of borderline personality disorder: A cognitive-developmental perspective.&nbsp;<em>Behaviour Research and Therapy<\/em>, 37(9), 835-847. https:\/\/doi.org\/10.1016\/S0005-7967(99)00174-2<\/p>\n\n\n\n<p>Arntz, A., Sofi, D., &amp; van Breukelen, G. (2015). Schema therapy for chronic depression: A randomized controlled trial.&nbsp;<em>Journal of Consulting and Clinical Psychology<\/em>, 83(5), 909-922.&nbsp;<a href=\"https:\/\/doi.org\/10.1037\/ccp0000031\">https:\/\/doi.org\/10.1037\/ccp0000031<\/a><\/p>\n\n\n\n<p>Bamelis, L. L. M., Evers, S. M. A. A., Spinhoven, P., &amp; Arntz, A. (2013). Effectiveness of schema therapy for personality disorders: A meta-analysis.&nbsp;<em>American Journal of Psychiatry, 171<\/em>(3), 305-322. https:\/\/doi.org\/10.1176\/appi.ajp.2013.12020108<\/p>\n\n\n\n<p>Brewin, C. R., Gregory, J. D., Lipton, M., &amp; Burgess, N. (2010). Intrusive images in psychological disorders: Characteristics, neural mechanisms, and treatment implications.&nbsp;<em>Psychological Review, 117<\/em>(1), 210-232.&nbsp;<a href=\"https:\/\/doi.org\/10.1037\/a0018113\">https:\/\/doi.org\/10.1037\/a0018113<\/a><\/p>\n\n\n\n<p>Lee, J. L., Nader, K., &amp; Schiller, D. (2017). An update on memory reconsolidation updating.&nbsp;<em>Trends in Cognitive Sciences, 21<\/em>(7), 531-545. https:\/\/doi.org\/10.1016\/j.tics.2017.04.006<\/p>\n\n\n\n\t\t\t<div class=\"wp-block-uagb-post-masonry uagb-post-grid  uagb-post__image-position-top uagb-post__image-enabled uagb-block-de6086c9     uagb-post__items uagb-post__columns-3 is-masonry uagb-post__columns-tablet-2 uagb-post__columns-mobile-1\" data-total=\"20\" style=\"\">\n\n\t\t\t\t\t\t\t\t\t\t\t\t<article class=\"uagb-post__inner-wrap\">\t\t\t\t\t\t\t\t<div class='uagb-post__image'>\n\t\t\t\t\t\t\t\t\t<a href=\"https:\/\/www.psy.link\/blog\/2026\/04\/22\/structurer-seance-focused-act-breve-guide-pratique\/\" target=\"_self\" rel=\"bookmark noopener noreferrer\"><img decoding=\"async\" width=\"960\" height=\"540\" src=\"https:\/\/www.psy.link\/blog\/wp-content\/uploads\/2023\/11\/jhjk-3.jpg\" class=\"attachment-large size-large\" alt=\"\" srcset=\"https:\/\/www.psy.link\/blog\/wp-content\/uploads\/2023\/11\/jhjk-3.jpg 960w, https:\/\/www.psy.link\/blog\/wp-content\/uploads\/2023\/11\/jhjk-3-300x169.jpg 300w, https:\/\/www.psy.link\/blog\/wp-content\/uploads\/2023\/11\/jhjk-3-768x432.jpg 768w\" sizes=\"(max-width: 960px) 100vw, 960px\" \/>\t\t\t\t\t<\/a>\n\t\t\t\t\t\t\t\t\t<\/div>\n\t\t\t\t\t\t<h4 class=\"uagb-post__title uagb-post__text\">\n\t\t\t\t<a href=\"https:\/\/www.psy.link\/blog\/2026\/04\/22\/structurer-seance-focused-act-breve-guide-pratique\/\" target=\"_self\" rel=\"bookmark noopener noreferrer\">Comment mener un entretien Focused ACT pas \u00e0 pas : guide pour les cliniciens<\/a>\n\t\t\t<\/h4>\n\t\t\t\t\t\t<div class='uagb-post__text uagb-post-grid-byline'>\n\t\t\t\t\t\t\t\t<time datetime=\"2026-04-22T13:47:07+02:00\" class=\"uagb-post__date\">\n\t\t\t\t<span class=\"dashicons-calendar dashicons\"><\/span>\t\t\t\t\t22 avril 2026\t\t\t\t<\/time>\n\t\t\t\t\t\t\t<span class=\"uagb-post__comment\">\n\t\t\t\t<span class=\"dashicons-admin-comments dashicons\"><\/span>\t\t\t\t\tAucun commentaire\t\t\t\t<\/span>\n\t\t\t\t\t\t<\/div>\n\t\t\t\t\t\t\t<div class='uagb-post__text uagb-post__excerpt'>\n\t\t\t\t\t<p>Aider un patient \u00e0 avancer en une seule s\u00e9ance \u2014 mythe ou r\u00e9alit\u00e9 clinique&nbsp;? Par&#8230;\t\t\t\t<\/div>\n\t\t\t\t\t\t<div class=\"uagb-post__text uagb-post__cta wp-block-button\">\n\t\t\t\t<a class=\"wp-block-button__link uagb-text-link\" style=\"\" href=\"https:\/\/www.psy.link\/blog\/2026\/04\/22\/structurer-seance-focused-act-breve-guide-pratique\/\" target=\"_self\" rel=\"bookmark noopener noreferrer\">Lire la suite<\/a>\n\t\t\t<\/div>\n\t\t\t\n\t\t\t\t\t\t\t\t\t<\/article>\n\t\t\t\t\t\t\t\t\t\t\t\t\t\t\t\t<article class=\"uagb-post__inner-wrap\">\t\t\t\t\t\t\t\t<div class='uagb-post__image'>\n\t\t\t\t\t\t\t\t\t<a href=\"https:\/\/www.psy.link\/blog\/2026\/04\/17\/depression-endogene-exogene-differences-cles\/\" target=\"_self\" rel=\"bookmark noopener noreferrer\"><img decoding=\"async\" width=\"600\" height=\"400\" src=\"https:\/\/www.psy.link\/blog\/wp-content\/uploads\/2026\/04\/6-1.jpg\" class=\"attachment-large size-large\" alt=\"\" srcset=\"https:\/\/www.psy.link\/blog\/wp-content\/uploads\/2026\/04\/6-1.jpg 600w, https:\/\/www.psy.link\/blog\/wp-content\/uploads\/2026\/04\/6-1-300x200.jpg 300w\" sizes=\"(max-width: 600px) 100vw, 600px\" \/>\t\t\t\t\t<\/a>\n\t\t\t\t\t\t\t\t\t<\/div>\n\t\t\t\t\t\t<h4 class=\"uagb-post__title uagb-post__text\">\n\t\t\t\t<a href=\"https:\/\/www.psy.link\/blog\/2026\/04\/17\/depression-endogene-exogene-differences-cles\/\" target=\"_self\" rel=\"bookmark noopener noreferrer\">D\u00e9pression endog\u00e8ne vs d\u00e9pression exog\u00e8ne : quelles diff\u00e9rences et comment les reconna\u00eetre ?<\/a>\n\t\t\t<\/h4>\n\t\t\t\t\t\t<div class='uagb-post__text uagb-post-grid-byline'>\n\t\t\t\t\t\t\t\t<time datetime=\"2026-04-17T17:25:39+02:00\" class=\"uagb-post__date\">\n\t\t\t\t<span class=\"dashicons-calendar dashicons\"><\/span>\t\t\t\t\t17 avril 2026\t\t\t\t<\/time>\n\t\t\t\t\t\t\t<span class=\"uagb-post__comment\">\n\t\t\t\t<span class=\"dashicons-admin-comments dashicons\"><\/span>\t\t\t\t\tAucun commentaire\t\t\t\t<\/span>\n\t\t\t\t\t\t<\/div>\n\t\t\t\t\t\t\t<div class='uagb-post__text uagb-post__excerpt'>\n\t\t\t\t\t<p>Introduction : la d\u00e9pression, une r\u00e9alit\u00e9 complexe La d\u00e9pression touche plus de&nbsp;300 millions de personnes&nbsp;dans&#8230;\t\t\t\t<\/div>\n\t\t\t\t\t\t<div class=\"uagb-post__text uagb-post__cta wp-block-button\">\n\t\t\t\t<a class=\"wp-block-button__link uagb-text-link\" style=\"\" href=\"https:\/\/www.psy.link\/blog\/2026\/04\/17\/depression-endogene-exogene-differences-cles\/\" target=\"_self\" rel=\"bookmark noopener noreferrer\">Lire la suite<\/a>\n\t\t\t<\/div>\n\t\t\t\n\t\t\t\t\t\t\t\t\t<\/article>\n\t\t\t\t\t\t\t\t\t\t\t\t\t\t\t\t<article class=\"uagb-post__inner-wrap\">\t\t\t\t\t\t\t\t<div class='uagb-post__image'>\n\t\t\t\t\t\t\t\t\t<a href=\"https:\/\/www.psy.link\/blog\/2026\/04\/16\/formation-tcc-i-tout-ce-que-doit-maitriser-un-psychologue-pour-traiter-linsomnie-chronique\/\" target=\"_self\" rel=\"bookmark noopener noreferrer\"><img decoding=\"async\" width=\"600\" height=\"400\" src=\"https:\/\/www.psy.link\/blog\/wp-content\/uploads\/2026\/04\/6.jpg\" class=\"attachment-large size-large\" alt=\"\" srcset=\"https:\/\/www.psy.link\/blog\/wp-content\/uploads\/2026\/04\/6.jpg 600w, https:\/\/www.psy.link\/blog\/wp-content\/uploads\/2026\/04\/6-300x200.jpg 300w\" sizes=\"(max-width: 600px) 100vw, 600px\" \/>\t\t\t\t\t<\/a>\n\t\t\t\t\t\t\t\t\t<\/div>\n\t\t\t\t\t\t<h4 class=\"uagb-post__title uagb-post__text\">\n\t\t\t\t<a href=\"https:\/\/www.psy.link\/blog\/2026\/04\/16\/formation-tcc-i-tout-ce-que-doit-maitriser-un-psychologue-pour-traiter-linsomnie-chronique\/\" target=\"_self\" rel=\"bookmark noopener noreferrer\">Formation TCC-I : tout ce que doit ma\u00eetriser un psychologue pour traiter l&rsquo;insomnie chronique<\/a>\n\t\t\t<\/h4>\n\t\t\t\t\t\t<div class='uagb-post__text uagb-post-grid-byline'>\n\t\t\t\t\t\t\t\t<time datetime=\"2026-04-16T22:20:47+02:00\" class=\"uagb-post__date\">\n\t\t\t\t<span class=\"dashicons-calendar dashicons\"><\/span>\t\t\t\t\t16 avril 2026\t\t\t\t<\/time>\n\t\t\t\t\t\t\t<span class=\"uagb-post__comment\">\n\t\t\t\t<span class=\"dashicons-admin-comments dashicons\"><\/span>\t\t\t\t\tAucun commentaire\t\t\t\t<\/span>\n\t\t\t\t\t\t<\/div>\n\t\t\t\t\t\t\t<div class='uagb-post__text uagb-post__excerpt'>\n\t\t\t\t\t<p>6 \u00e0 10 % de la population g\u00e9n\u00e9rale souffre d&rsquo;insomnie chronique selon les crit\u00e8res du&#8230;\t\t\t\t<\/div>\n\t\t\t\t\t\t<div class=\"uagb-post__text uagb-post__cta wp-block-button\">\n\t\t\t\t<a class=\"wp-block-button__link uagb-text-link\" style=\"\" href=\"https:\/\/www.psy.link\/blog\/2026\/04\/16\/formation-tcc-i-tout-ce-que-doit-maitriser-un-psychologue-pour-traiter-linsomnie-chronique\/\" target=\"_self\" rel=\"bookmark noopener noreferrer\">Lire la suite<\/a>\n\t\t\t<\/div>\n\t\t\t\n\t\t\t\t\t\t\t\t\t<\/article>\n\t\t\t\t\t\t\t\t\t\t\t\t\t\t\t\t<article class=\"uagb-post__inner-wrap\">\t\t\t\t\t\t\t\t<div class='uagb-post__image'>\n\t\t\t\t\t\t\t\t\t<a href=\"https:\/\/www.psy.link\/blog\/2026\/04\/13\/laffirmation-de-soi-chez-lenfant-prise-en-charge-tcc\/\" target=\"_self\" rel=\"bookmark noopener noreferrer\"><img decoding=\"async\" width=\"600\" height=\"400\" src=\"https:\/\/www.psy.link\/blog\/wp-content\/uploads\/2026\/04\/1.png\" class=\"attachment-large size-large\" alt=\"\" srcset=\"https:\/\/www.psy.link\/blog\/wp-content\/uploads\/2026\/04\/1.png 600w, https:\/\/www.psy.link\/blog\/wp-content\/uploads\/2026\/04\/1-300x200.png 300w\" sizes=\"(max-width: 600px) 100vw, 600px\" \/>\t\t\t\t\t<\/a>\n\t\t\t\t\t\t\t\t\t<\/div>\n\t\t\t\t\t\t<h4 class=\"uagb-post__title uagb-post__text\">\n\t\t\t\t<a href=\"https:\/\/www.psy.link\/blog\/2026\/04\/13\/laffirmation-de-soi-chez-lenfant-prise-en-charge-tcc\/\" target=\"_self\" rel=\"bookmark noopener noreferrer\">L&rsquo;affirmation de soi chez l&rsquo;enfant : enjeux cliniques et prise en charge TCC<\/a>\n\t\t\t<\/h4>\n\t\t\t\t\t\t<div class='uagb-post__text uagb-post-grid-byline'>\n\t\t\t\t\t\t\t\t<time datetime=\"2026-04-13T21:08:17+02:00\" class=\"uagb-post__date\">\n\t\t\t\t<span class=\"dashicons-calendar dashicons\"><\/span>\t\t\t\t\t13 avril 2026\t\t\t\t<\/time>\n\t\t\t\t\t\t\t<span class=\"uagb-post__comment\">\n\t\t\t\t<span class=\"dashicons-admin-comments dashicons\"><\/span>\t\t\t\t\tAucun commentaire\t\t\t\t<\/span>\n\t\t\t\t\t\t<\/div>\n\t\t\t\t\t\t\t<div class='uagb-post__text uagb-post__excerpt'>\n\t\t\t\t\t<p>De l&rsquo;\u00e9valuation clinique aux strat\u00e9gies d&rsquo;intervention, comment accompagner l&rsquo;enfant vers une assertivit\u00e9 saine \u2014 et&#8230;\t\t\t\t<\/div>\n\t\t\t\t\t\t<div class=\"uagb-post__text uagb-post__cta wp-block-button\">\n\t\t\t\t<a class=\"wp-block-button__link uagb-text-link\" style=\"\" href=\"https:\/\/www.psy.link\/blog\/2026\/04\/13\/laffirmation-de-soi-chez-lenfant-prise-en-charge-tcc\/\" target=\"_self\" rel=\"bookmark noopener noreferrer\">Lire la suite<\/a>\n\t\t\t<\/div>\n\t\t\t\n\t\t\t\t\t\t\t\t\t<\/article>\n\t\t\t\t\t\t\t\t\t\t\t\t\t\t\t\t<article class=\"uagb-post__inner-wrap\">\t\t\t\t\t\t\t\t<div class='uagb-post__image'>\n\t\t\t\t\t\t\t\t\t<a href=\"https:\/\/www.psy.link\/blog\/2026\/03\/17\/comprendre-les-crises-non-epileptiques-psychogenes-cnep\/\" target=\"_self\" rel=\"bookmark noopener noreferrer\"><img decoding=\"async\" width=\"600\" height=\"400\" src=\"https:\/\/www.psy.link\/blog\/wp-content\/uploads\/2026\/03\/2.png\" class=\"attachment-large size-large\" alt=\"\" srcset=\"https:\/\/www.psy.link\/blog\/wp-content\/uploads\/2026\/03\/2.png 600w, https:\/\/www.psy.link\/blog\/wp-content\/uploads\/2026\/03\/2-300x200.png 300w\" sizes=\"(max-width: 600px) 100vw, 600px\" \/>\t\t\t\t\t<\/a>\n\t\t\t\t\t\t\t\t\t<\/div>\n\t\t\t\t\t\t<h4 class=\"uagb-post__title uagb-post__text\">\n\t\t\t\t<a href=\"https:\/\/www.psy.link\/blog\/2026\/03\/17\/comprendre-les-crises-non-epileptiques-psychogenes-cnep\/\" target=\"_self\" rel=\"bookmark noopener noreferrer\">Comprendre les Crises Non \u00c9pileptiques Psychog\u00e8nes (CNEP)<\/a>\n\t\t\t<\/h4>\n\t\t\t\t\t\t<div class='uagb-post__text uagb-post-grid-byline'>\n\t\t\t\t\t\t\t\t<time datetime=\"2026-03-17T11:24:32+01:00\" class=\"uagb-post__date\">\n\t\t\t\t<span class=\"dashicons-calendar dashicons\"><\/span>\t\t\t\t\t17 mars 2026\t\t\t\t<\/time>\n\t\t\t\t\t\t\t<span class=\"uagb-post__comment\">\n\t\t\t\t<span class=\"dashicons-admin-comments dashicons\"><\/span>\t\t\t\t\tAucun commentaire\t\t\t\t<\/span>\n\t\t\t\t\t\t<\/div>\n\t\t\t\t\t\t\t<div class='uagb-post__text uagb-post__excerpt'>\n\t\t\t\t\t<p>Un guide pour les patients, leur entourage et les professionnels de sant\u00e9 \u00c0 propos de&#8230;\t\t\t\t<\/div>\n\t\t\t\t\t\t<div class=\"uagb-post__text uagb-post__cta wp-block-button\">\n\t\t\t\t<a class=\"wp-block-button__link uagb-text-link\" style=\"\" href=\"https:\/\/www.psy.link\/blog\/2026\/03\/17\/comprendre-les-crises-non-epileptiques-psychogenes-cnep\/\" target=\"_self\" rel=\"bookmark noopener noreferrer\">Lire la suite<\/a>\n\t\t\t<\/div>\n\t\t\t\n\t\t\t\t\t\t\t\t\t<\/article>\n\t\t\t\t\t\t\t\t\t\t\t\t\t\t\t\t<article class=\"uagb-post__inner-wrap\">\t\t\t\t\t\t\t\t<div class='uagb-post__image'>\n\t\t\t\t\t\t\t\t\t<a href=\"https:\/\/www.psy.link\/blog\/2026\/02\/28\/exposition-prolongee-foa-traitement-ptsd-protocole-psychologue\/\" target=\"_self\" rel=\"bookmark noopener noreferrer\"><img decoding=\"async\" width=\"600\" height=\"400\" src=\"https:\/\/www.psy.link\/blog\/wp-content\/uploads\/2026\/02\/8.jpg\" class=\"attachment-large size-large\" alt=\"\" srcset=\"https:\/\/www.psy.link\/blog\/wp-content\/uploads\/2026\/02\/8.jpg 600w, https:\/\/www.psy.link\/blog\/wp-content\/uploads\/2026\/02\/8-300x200.jpg 300w\" sizes=\"(max-width: 600px) 100vw, 600px\" \/>\t\t\t\t\t<\/a>\n\t\t\t\t\t\t\t\t\t<\/div>\n\t\t\t\t\t\t<h4 class=\"uagb-post__title uagb-post__text\">\n\t\t\t\t<a href=\"https:\/\/www.psy.link\/blog\/2026\/02\/28\/exposition-prolongee-foa-traitement-ptsd-protocole-psychologue\/\" target=\"_self\" rel=\"bookmark noopener noreferrer\">L&rsquo;Exposition Prolong\u00e9e de Foa<\/a>\n\t\t\t<\/h4>\n\t\t\t\t\t\t<div class='uagb-post__text uagb-post-grid-byline'>\n\t\t\t\t\t\t\t\t<time datetime=\"2026-02-28T22:04:23+01:00\" class=\"uagb-post__date\">\n\t\t\t\t<span class=\"dashicons-calendar dashicons\"><\/span>\t\t\t\t\t28 f\u00e9vrier 2026\t\t\t\t<\/time>\n\t\t\t\t\t\t\t<span class=\"uagb-post__comment\">\n\t\t\t\t<span class=\"dashicons-admin-comments dashicons\"><\/span>\t\t\t\t\tAucun commentaire\t\t\t\t<\/span>\n\t\t\t\t\t\t<\/div>\n\t\t\t\t\t\t\t<div class='uagb-post__text uagb-post__excerpt'>\n\t\t\t\t\t<p>Psy.link Formations \u2014 Formation Clinique Approfondie L&rsquo;Exposition Prolong\u00e9e de Foa :transformer le traumatismeen m\u00e9moire apais\u00e9e&#8230;\t\t\t\t<\/div>\n\t\t\t\t\t\t<div class=\"uagb-post__text uagb-post__cta wp-block-button\">\n\t\t\t\t<a class=\"wp-block-button__link uagb-text-link\" style=\"\" href=\"https:\/\/www.psy.link\/blog\/2026\/02\/28\/exposition-prolongee-foa-traitement-ptsd-protocole-psychologue\/\" target=\"_self\" rel=\"bookmark noopener noreferrer\">Lire la suite<\/a>\n\t\t\t<\/div>\n\t\t\t\n\t\t\t\t\t\t\t\t\t<\/article>\n\t\t\t\t\t\t\t\t\t\t\t<\/div>\n\t\t\t","protected":false},"excerpt":{"rendered":"<p>Les traumatismes laissent souvent des empreintes durables sur les individus, cr\u00e9ant des sch\u00e9mas cognitivo-\u00e9motionnels r\u00e9p\u00e9titifs. Ces derniers influencent leur comportement, leur bien-\u00eatre, et leurs relations&#8230;&nbsp;L\u2019Imagery Rescripting (IR)&nbsp;est une approche th\u00e9rapeutique valid\u00e9e pour soigner ces sch\u00e9mas dysfonctionnels. Elle a \u00e9t\u00e9 d\u00e9velopp\u00e9e \u00e0 partir des travaux sur les sch\u00e9mas pr\u00e9coces inadapt\u00e9s, tels que d\u00e9finis dans la&nbsp;Th\u00e9rapie des [&hellip;]<\/p>\n","protected":false},"author":6,"featured_media":11399,"comment_status":"closed","ping_status":"closed","sticky":false,"template":"","format":"standard","meta":{"_uag_custom_page_level_css":"","_exactmetrics_skip_tracking":false,"_exactmetrics_sitenote_active":false,"_exactmetrics_sitenote_note":"","_exactmetrics_sitenote_category":0,"site-sidebar-layout":"default","site-content-layout":"","ast-site-content-layout":"default","site-content-style":"default","site-sidebar-style":"default","ast-global-header-display":"","ast-banner-title-visibility":"","ast-main-header-display":"","ast-hfb-above-header-display":"","ast-hfb-below-header-display":"","ast-hfb-mobile-header-display":"","site-post-title":"","ast-breadcrumbs-content":"","ast-featured-img":"disabled","footer-sml-layout":"","theme-transparent-header-meta":"","adv-header-id-meta":"","stick-header-meta":"","header-above-stick-meta":"","header-main-stick-meta":"","header-below-stick-meta":"","astra-migrate-meta-layouts":"set","ast-page-background-enabled":"default","ast-page-background-meta":{"desktop":{"background-color":"","background-image":"","background-repeat":"repeat","background-position":"center center","background-size":"auto","background-attachment":"scroll","background-type":"","background-media":"","overlay-type":"","overlay-color":"","overlay-opacity":"","overlay-gradient":""},"tablet":{"background-color":"","background-image":"","background-repeat":"repeat","background-position":"center center","background-size":"auto","background-attachment":"scroll","background-type":"","background-media":"","overlay-type":"","overlay-color":"","overlay-opacity":"","overlay-gradient":""},"mobile":{"background-color":"","background-image":"","background-repeat":"repeat","background-position":"center center","background-size":"auto","background-attachment":"scroll","background-type":"","background-media":"","overlay-type":"","overlay-color":"","overlay-opacity":"","overlay-gradient":""}},"ast-content-background-meta":{"desktop":{"background-color":"var(--ast-global-color-5)","background-image":"","background-repeat":"repeat","background-position":"center center","background-size":"auto","background-attachment":"scroll","background-type":"","background-media":"","overlay-type":"","overlay-color":"","overlay-opacity":"","overlay-gradient":""},"tablet":{"background-color":"var(--ast-global-color-5)","background-image":"","background-repeat":"repeat","background-position":"center center","background-size":"auto","background-attachment":"scroll","background-type":"","background-media":"","overlay-type":"","overlay-color":"","overlay-opacity":"","overlay-gradient":""},"mobile":{"background-color":"var(--ast-global-color-5)","background-image":"","background-repeat":"repeat","background-position":"center center","background-size":"auto","background-attachment":"scroll","background-type":"","background-media":"","overlay-type":"","overlay-color":"","overlay-opacity":"","overlay-gradient":""}},"footnotes":""},"categories":[30,63],"tags":[],"class_list":["post-11393","post","type-post","status-publish","format-standard","has-post-thumbnail","hentry","category-actualites-psychologues","category-schemas-et-croyances"],"yoast_head":"<!-- This site is optimized with the Yoast SEO plugin v26.2 - https:\/\/yoast.com\/wordpress\/plugins\/seo\/ -->\n<title>L&#039;Imagery Rescripting - Transformer les traumatismes et sch\u00e9mas| Blog Psy.link<\/title>\n<meta name=\"description\" content=\"L&#039;Imagery Rescripting (IR) permet de transformer les souvenirs traumatiques et modifier les sch\u00e9mas. D\u00e9couvrez ses applications cliniques.\" \/>\n<meta name=\"robots\" content=\"index, follow, max-snippet:-1, max-image-preview:large, max-video-preview:-1\" \/>\n<link rel=\"canonical\" href=\"https:\/\/www.psy.link\/blog\/2024\/09\/22\/limagery-rescripting-transformer-les-traumatismes-et-schemas\/\" \/>\n<meta property=\"og:locale\" content=\"fr_FR\" \/>\n<meta property=\"og:type\" content=\"article\" \/>\n<meta property=\"og:title\" content=\"L&#039;Imagery Rescripting - Transformer les traumatismes et sch\u00e9mas| Blog Psy.link\" \/>\n<meta property=\"og:description\" content=\"L&#039;Imagery Rescripting (IR) permet de transformer les souvenirs traumatiques et modifier les sch\u00e9mas. D\u00e9couvrez ses applications cliniques.\" \/>\n<meta property=\"og:url\" content=\"https:\/\/www.psy.link\/blog\/2024\/09\/22\/limagery-rescripting-transformer-les-traumatismes-et-schemas\/\" \/>\n<meta property=\"og:site_name\" content=\"Blog Psy.link\" \/>\n<meta property=\"article:publisher\" content=\"https:\/\/www.facebook.com\/psy.link.therapie\/\" \/>\n<meta property=\"article:published_time\" content=\"2024-09-22T13:05:24+00:00\" \/>\n<meta property=\"article:modified_time\" content=\"2025-12-21T18:28:00+00:00\" \/>\n<meta property=\"og:image\" content=\"https:\/\/www.psy.link\/blog\/wp-content\/uploads\/2024\/09\/3.jpg\" \/>\n\t<meta property=\"og:image:width\" content=\"600\" \/>\n\t<meta property=\"og:image:height\" content=\"400\" \/>\n\t<meta property=\"og:image:type\" content=\"image\/jpeg\" \/>\n<meta name=\"author\" content=\"Linda Kempe\" \/>\n<meta name=\"twitter:card\" content=\"summary_large_image\" \/>\n<meta name=\"twitter:creator\" content=\"@Psylink_tcc\" \/>\n<meta name=\"twitter:site\" content=\"@Psylink_tcc\" \/>\n<meta name=\"twitter:label1\" content=\"\u00c9crit par\" \/>\n\t<meta name=\"twitter:data1\" content=\"Linda Kempe\" \/>\n\t<meta name=\"twitter:label2\" content=\"Dur\u00e9e de lecture estim\u00e9e\" \/>\n\t<meta name=\"twitter:data2\" content=\"9 minutes\" \/>\n<script type=\"application\/ld+json\" class=\"yoast-schema-graph\">{\"@context\":\"https:\/\/schema.org\",\"@graph\":[{\"@type\":\"Article\",\"@id\":\"https:\/\/www.psy.link\/blog\/2024\/09\/22\/limagery-rescripting-transformer-les-traumatismes-et-schemas\/#article\",\"isPartOf\":{\"@id\":\"https:\/\/www.psy.link\/blog\/2024\/09\/22\/limagery-rescripting-transformer-les-traumatismes-et-schemas\/\"},\"author\":{\"name\":\"Linda Kempe\",\"@id\":\"https:\/\/www.psy.link\/blog\/#\/schema\/person\/42e87036448e52b90611c0559a5f005a\"},\"headline\":\"L\u2019Imagery Rescripting : Transformer les traumatismes et sch\u00e9mas avec la m\u00e9thode d\u2019Arntz\",\"datePublished\":\"2024-09-22T13:05:24+00:00\",\"dateModified\":\"2025-12-21T18:28:00+00:00\",\"mainEntityOfPage\":{\"@id\":\"https:\/\/www.psy.link\/blog\/2024\/09\/22\/limagery-rescripting-transformer-les-traumatismes-et-schemas\/\"},\"wordCount\":1935,\"publisher\":{\"@id\":\"https:\/\/www.psy.link\/blog\/#organization\"},\"image\":{\"@id\":\"https:\/\/www.psy.link\/blog\/2024\/09\/22\/limagery-rescripting-transformer-les-traumatismes-et-schemas\/#primaryimage\"},\"thumbnailUrl\":\"https:\/\/www.psy.link\/blog\/wp-content\/uploads\/2024\/09\/3.jpg\",\"articleSection\":[\"Actualit\u00e9s psychologues\",\"Sch\u00e9mas et croyances\"],\"inLanguage\":\"fr-FR\"},{\"@type\":\"WebPage\",\"@id\":\"https:\/\/www.psy.link\/blog\/2024\/09\/22\/limagery-rescripting-transformer-les-traumatismes-et-schemas\/\",\"url\":\"https:\/\/www.psy.link\/blog\/2024\/09\/22\/limagery-rescripting-transformer-les-traumatismes-et-schemas\/\",\"name\":\"L'Imagery Rescripting - Transformer les traumatismes et sch\u00e9mas| Blog Psy.link\",\"isPartOf\":{\"@id\":\"https:\/\/www.psy.link\/blog\/#website\"},\"primaryImageOfPage\":{\"@id\":\"https:\/\/www.psy.link\/blog\/2024\/09\/22\/limagery-rescripting-transformer-les-traumatismes-et-schemas\/#primaryimage\"},\"image\":{\"@id\":\"https:\/\/www.psy.link\/blog\/2024\/09\/22\/limagery-rescripting-transformer-les-traumatismes-et-schemas\/#primaryimage\"},\"thumbnailUrl\":\"https:\/\/www.psy.link\/blog\/wp-content\/uploads\/2024\/09\/3.jpg\",\"datePublished\":\"2024-09-22T13:05:24+00:00\",\"dateModified\":\"2025-12-21T18:28:00+00:00\",\"description\":\"L'Imagery Rescripting (IR) permet de transformer les souvenirs traumatiques et modifier les sch\u00e9mas. D\u00e9couvrez ses applications cliniques.\",\"breadcrumb\":{\"@id\":\"https:\/\/www.psy.link\/blog\/2024\/09\/22\/limagery-rescripting-transformer-les-traumatismes-et-schemas\/#breadcrumb\"},\"inLanguage\":\"fr-FR\",\"potentialAction\":[{\"@type\":\"ReadAction\",\"target\":[\"https:\/\/www.psy.link\/blog\/2024\/09\/22\/limagery-rescripting-transformer-les-traumatismes-et-schemas\/\"]}]},{\"@type\":\"ImageObject\",\"inLanguage\":\"fr-FR\",\"@id\":\"https:\/\/www.psy.link\/blog\/2024\/09\/22\/limagery-rescripting-transformer-les-traumatismes-et-schemas\/#primaryimage\",\"url\":\"https:\/\/www.psy.link\/blog\/wp-content\/uploads\/2024\/09\/3.jpg\",\"contentUrl\":\"https:\/\/www.psy.link\/blog\/wp-content\/uploads\/2024\/09\/3.jpg\",\"width\":600,\"height\":400},{\"@type\":\"BreadcrumbList\",\"@id\":\"https:\/\/www.psy.link\/blog\/2024\/09\/22\/limagery-rescripting-transformer-les-traumatismes-et-schemas\/#breadcrumb\",\"itemListElement\":[{\"@type\":\"ListItem\",\"position\":1,\"name\":\"Accueil\",\"item\":\"https:\/\/www.psy.link\/blog\/\"},{\"@type\":\"ListItem\",\"position\":2,\"name\":\"L\u2019Imagery Rescripting : Transformer les traumatismes et sch\u00e9mas avec la m\u00e9thode d\u2019Arntz\"}]},{\"@type\":\"WebSite\",\"@id\":\"https:\/\/www.psy.link\/blog\/#website\",\"url\":\"https:\/\/www.psy.link\/blog\/\",\"name\":\"Blog Psy.link\",\"description\":\"Votre guide pour comprendre la psychologie et cultiver votre sant\u00e9 mentale\",\"publisher\":{\"@id\":\"https:\/\/www.psy.link\/blog\/#organization\"},\"potentialAction\":[{\"@type\":\"SearchAction\",\"target\":{\"@type\":\"EntryPoint\",\"urlTemplate\":\"https:\/\/www.psy.link\/blog\/?s={search_term_string}\"},\"query-input\":{\"@type\":\"PropertyValueSpecification\",\"valueRequired\":true,\"valueName\":\"search_term_string\"}}],\"inLanguage\":\"fr-FR\"},{\"@type\":\"Organization\",\"@id\":\"https:\/\/www.psy.link\/blog\/#organization\",\"name\":\"Psy.link\",\"url\":\"https:\/\/www.psy.link\/blog\/\",\"logo\":{\"@type\":\"ImageObject\",\"inLanguage\":\"fr-FR\",\"@id\":\"https:\/\/www.psy.link\/blog\/#\/schema\/logo\/image\/\",\"url\":\"https:\/\/www.psy.link\/blog\/wp-content\/uploads\/2022\/06\/full_logo.png\",\"contentUrl\":\"https:\/\/www.psy.link\/blog\/wp-content\/uploads\/2022\/06\/full_logo.png\",\"width\":2461,\"height\":1642,\"caption\":\"Psy.link\"},\"image\":{\"@id\":\"https:\/\/www.psy.link\/blog\/#\/schema\/logo\/image\/\"},\"sameAs\":[\"https:\/\/www.facebook.com\/psy.link.therapie\/\",\"https:\/\/x.com\/Psylink_tcc\",\"https:\/\/www.instagram.com\/psy.link_\/\",\"https:\/\/www.linkedin.com\/company\/psy-link-therapie\"]},{\"@type\":\"Person\",\"@id\":\"https:\/\/www.psy.link\/blog\/#\/schema\/person\/42e87036448e52b90611c0559a5f005a\",\"name\":\"Linda Kempe\",\"description\":\"Fondateur de Psy.link - Psychologue clinicienne - Charg\u00e9e de cours \u00e0 l'Universit\u00e9\",\"sameAs\":[\"https:\/\/psy.link\/\"],\"url\":\"https:\/\/www.psy.link\/blog\/author\/linda\/\"}]}<\/script>\n<!-- \/ Yoast SEO plugin. -->","yoast_head_json":{"title":"L'Imagery Rescripting - Transformer les traumatismes et sch\u00e9mas| Blog Psy.link","description":"L'Imagery Rescripting (IR) permet de transformer les souvenirs traumatiques et modifier les sch\u00e9mas. D\u00e9couvrez ses applications cliniques.","robots":{"index":"index","follow":"follow","max-snippet":"max-snippet:-1","max-image-preview":"max-image-preview:large","max-video-preview":"max-video-preview:-1"},"canonical":"https:\/\/www.psy.link\/blog\/2024\/09\/22\/limagery-rescripting-transformer-les-traumatismes-et-schemas\/","og_locale":"fr_FR","og_type":"article","og_title":"L'Imagery Rescripting - Transformer les traumatismes et sch\u00e9mas| Blog Psy.link","og_description":"L'Imagery Rescripting (IR) permet de transformer les souvenirs traumatiques et modifier les sch\u00e9mas. D\u00e9couvrez ses applications cliniques.","og_url":"https:\/\/www.psy.link\/blog\/2024\/09\/22\/limagery-rescripting-transformer-les-traumatismes-et-schemas\/","og_site_name":"Blog Psy.link","article_publisher":"https:\/\/www.facebook.com\/psy.link.therapie\/","article_published_time":"2024-09-22T13:05:24+00:00","article_modified_time":"2025-12-21T18:28:00+00:00","og_image":[{"width":600,"height":400,"url":"https:\/\/www.psy.link\/blog\/wp-content\/uploads\/2024\/09\/3.jpg","type":"image\/jpeg"}],"author":"Linda Kempe","twitter_card":"summary_large_image","twitter_creator":"@Psylink_tcc","twitter_site":"@Psylink_tcc","twitter_misc":{"\u00c9crit par":"Linda Kempe","Dur\u00e9e de lecture estim\u00e9e":"9 minutes"},"schema":{"@context":"https:\/\/schema.org","@graph":[{"@type":"Article","@id":"https:\/\/www.psy.link\/blog\/2024\/09\/22\/limagery-rescripting-transformer-les-traumatismes-et-schemas\/#article","isPartOf":{"@id":"https:\/\/www.psy.link\/blog\/2024\/09\/22\/limagery-rescripting-transformer-les-traumatismes-et-schemas\/"},"author":{"name":"Linda Kempe","@id":"https:\/\/www.psy.link\/blog\/#\/schema\/person\/42e87036448e52b90611c0559a5f005a"},"headline":"L\u2019Imagery Rescripting : Transformer les traumatismes et sch\u00e9mas avec la m\u00e9thode d\u2019Arntz","datePublished":"2024-09-22T13:05:24+00:00","dateModified":"2025-12-21T18:28:00+00:00","mainEntityOfPage":{"@id":"https:\/\/www.psy.link\/blog\/2024\/09\/22\/limagery-rescripting-transformer-les-traumatismes-et-schemas\/"},"wordCount":1935,"publisher":{"@id":"https:\/\/www.psy.link\/blog\/#organization"},"image":{"@id":"https:\/\/www.psy.link\/blog\/2024\/09\/22\/limagery-rescripting-transformer-les-traumatismes-et-schemas\/#primaryimage"},"thumbnailUrl":"https:\/\/www.psy.link\/blog\/wp-content\/uploads\/2024\/09\/3.jpg","articleSection":["Actualit\u00e9s psychologues","Sch\u00e9mas et croyances"],"inLanguage":"fr-FR"},{"@type":"WebPage","@id":"https:\/\/www.psy.link\/blog\/2024\/09\/22\/limagery-rescripting-transformer-les-traumatismes-et-schemas\/","url":"https:\/\/www.psy.link\/blog\/2024\/09\/22\/limagery-rescripting-transformer-les-traumatismes-et-schemas\/","name":"L'Imagery Rescripting - Transformer les traumatismes et sch\u00e9mas| Blog Psy.link","isPartOf":{"@id":"https:\/\/www.psy.link\/blog\/#website"},"primaryImageOfPage":{"@id":"https:\/\/www.psy.link\/blog\/2024\/09\/22\/limagery-rescripting-transformer-les-traumatismes-et-schemas\/#primaryimage"},"image":{"@id":"https:\/\/www.psy.link\/blog\/2024\/09\/22\/limagery-rescripting-transformer-les-traumatismes-et-schemas\/#primaryimage"},"thumbnailUrl":"https:\/\/www.psy.link\/blog\/wp-content\/uploads\/2024\/09\/3.jpg","datePublished":"2024-09-22T13:05:24+00:00","dateModified":"2025-12-21T18:28:00+00:00","description":"L'Imagery Rescripting (IR) permet de transformer les souvenirs traumatiques et modifier les sch\u00e9mas. D\u00e9couvrez ses applications cliniques.","breadcrumb":{"@id":"https:\/\/www.psy.link\/blog\/2024\/09\/22\/limagery-rescripting-transformer-les-traumatismes-et-schemas\/#breadcrumb"},"inLanguage":"fr-FR","potentialAction":[{"@type":"ReadAction","target":["https:\/\/www.psy.link\/blog\/2024\/09\/22\/limagery-rescripting-transformer-les-traumatismes-et-schemas\/"]}]},{"@type":"ImageObject","inLanguage":"fr-FR","@id":"https:\/\/www.psy.link\/blog\/2024\/09\/22\/limagery-rescripting-transformer-les-traumatismes-et-schemas\/#primaryimage","url":"https:\/\/www.psy.link\/blog\/wp-content\/uploads\/2024\/09\/3.jpg","contentUrl":"https:\/\/www.psy.link\/blog\/wp-content\/uploads\/2024\/09\/3.jpg","width":600,"height":400},{"@type":"BreadcrumbList","@id":"https:\/\/www.psy.link\/blog\/2024\/09\/22\/limagery-rescripting-transformer-les-traumatismes-et-schemas\/#breadcrumb","itemListElement":[{"@type":"ListItem","position":1,"name":"Accueil","item":"https:\/\/www.psy.link\/blog\/"},{"@type":"ListItem","position":2,"name":"L\u2019Imagery Rescripting : Transformer les traumatismes et sch\u00e9mas avec la m\u00e9thode d\u2019Arntz"}]},{"@type":"WebSite","@id":"https:\/\/www.psy.link\/blog\/#website","url":"https:\/\/www.psy.link\/blog\/","name":"Blog Psy.link","description":"Votre guide pour comprendre la psychologie et cultiver votre sant\u00e9 mentale","publisher":{"@id":"https:\/\/www.psy.link\/blog\/#organization"},"potentialAction":[{"@type":"SearchAction","target":{"@type":"EntryPoint","urlTemplate":"https:\/\/www.psy.link\/blog\/?s={search_term_string}"},"query-input":{"@type":"PropertyValueSpecification","valueRequired":true,"valueName":"search_term_string"}}],"inLanguage":"fr-FR"},{"@type":"Organization","@id":"https:\/\/www.psy.link\/blog\/#organization","name":"Psy.link","url":"https:\/\/www.psy.link\/blog\/","logo":{"@type":"ImageObject","inLanguage":"fr-FR","@id":"https:\/\/www.psy.link\/blog\/#\/schema\/logo\/image\/","url":"https:\/\/www.psy.link\/blog\/wp-content\/uploads\/2022\/06\/full_logo.png","contentUrl":"https:\/\/www.psy.link\/blog\/wp-content\/uploads\/2022\/06\/full_logo.png","width":2461,"height":1642,"caption":"Psy.link"},"image":{"@id":"https:\/\/www.psy.link\/blog\/#\/schema\/logo\/image\/"},"sameAs":["https:\/\/www.facebook.com\/psy.link.therapie\/","https:\/\/x.com\/Psylink_tcc","https:\/\/www.instagram.com\/psy.link_\/","https:\/\/www.linkedin.com\/company\/psy-link-therapie"]},{"@type":"Person","@id":"https:\/\/www.psy.link\/blog\/#\/schema\/person\/42e87036448e52b90611c0559a5f005a","name":"Linda Kempe","description":"Fondateur de Psy.link - Psychologue clinicienne - Charg\u00e9e de cours \u00e0 l'Universit\u00e9","sameAs":["https:\/\/psy.link\/"],"url":"https:\/\/www.psy.link\/blog\/author\/linda\/"}]}},"uagb_featured_image_src":{"full":["https:\/\/www.psy.link\/blog\/wp-content\/uploads\/2024\/09\/3.jpg",600,400,false],"thumbnail":["https:\/\/www.psy.link\/blog\/wp-content\/uploads\/2024\/09\/3-150x150.jpg",150,150,true],"medium":["https:\/\/www.psy.link\/blog\/wp-content\/uploads\/2024\/09\/3-300x200.jpg",300,200,true],"medium_large":["https:\/\/www.psy.link\/blog\/wp-content\/uploads\/2024\/09\/3.jpg",600,400,false],"large":["https:\/\/www.psy.link\/blog\/wp-content\/uploads\/2024\/09\/3.jpg",600,400,false],"1536x1536":["https:\/\/www.psy.link\/blog\/wp-content\/uploads\/2024\/09\/3.jpg",600,400,false],"2048x2048":["https:\/\/www.psy.link\/blog\/wp-content\/uploads\/2024\/09\/3.jpg",600,400,false]},"uagb_author_info":{"display_name":"Linda Kempe","author_link":"https:\/\/www.psy.link\/blog\/author\/linda\/"},"uagb_comment_info":0,"uagb_excerpt":"Les traumatismes laissent souvent des empreintes durables sur les individus, cr\u00e9ant des sch\u00e9mas cognitivo-\u00e9motionnels r\u00e9p\u00e9titifs. Ces derniers influencent leur comportement, leur bien-\u00eatre, et leurs relations&#8230;&nbsp;L\u2019Imagery Rescripting (IR)&nbsp;est une approche th\u00e9rapeutique valid\u00e9e pour soigner ces sch\u00e9mas dysfonctionnels. Elle a \u00e9t\u00e9 d\u00e9velopp\u00e9e \u00e0 partir des travaux sur les sch\u00e9mas pr\u00e9coces inadapt\u00e9s, tels que d\u00e9finis dans la&nbsp;Th\u00e9rapie des\u2026","_links":{"self":[{"href":"https:\/\/www.psy.link\/blog\/wp-json\/wp\/v2\/posts\/11393","targetHints":{"allow":["GET"]}}],"collection":[{"href":"https:\/\/www.psy.link\/blog\/wp-json\/wp\/v2\/posts"}],"about":[{"href":"https:\/\/www.psy.link\/blog\/wp-json\/wp\/v2\/types\/post"}],"author":[{"embeddable":true,"href":"https:\/\/www.psy.link\/blog\/wp-json\/wp\/v2\/users\/6"}],"replies":[{"embeddable":true,"href":"https:\/\/www.psy.link\/blog\/wp-json\/wp\/v2\/comments?post=11393"}],"version-history":[{"count":7,"href":"https:\/\/www.psy.link\/blog\/wp-json\/wp\/v2\/posts\/11393\/revisions"}],"predecessor-version":[{"id":14367,"href":"https:\/\/www.psy.link\/blog\/wp-json\/wp\/v2\/posts\/11393\/revisions\/14367"}],"wp:featuredmedia":[{"embeddable":true,"href":"https:\/\/www.psy.link\/blog\/wp-json\/wp\/v2\/media\/11399"}],"wp:attachment":[{"href":"https:\/\/www.psy.link\/blog\/wp-json\/wp\/v2\/media?parent=11393"}],"wp:term":[{"taxonomy":"category","embeddable":true,"href":"https:\/\/www.psy.link\/blog\/wp-json\/wp\/v2\/categories?post=11393"},{"taxonomy":"post_tag","embeddable":true,"href":"https:\/\/www.psy.link\/blog\/wp-json\/wp\/v2\/tags?post=11393"}],"curies":[{"name":"wp","href":"https:\/\/api.w.org\/{rel}","templated":true}]}}