{"id":14677,"date":"2026-04-16T22:20:47","date_gmt":"2026-04-16T20:20:47","guid":{"rendered":"https:\/\/www.psy.link\/blog\/?p=14677"},"modified":"2026-04-17T07:04:34","modified_gmt":"2026-04-17T05:04:34","slug":"formation-tcc-i-tout-ce-que-doit-maitriser-un-psychologue-pour-traiter-linsomnie-chronique","status":"publish","type":"post","link":"https:\/\/www.psy.link\/blog\/2026\/04\/16\/formation-tcc-i-tout-ce-que-doit-maitriser-un-psychologue-pour-traiter-linsomnie-chronique\/","title":{"rendered":"Formation TCC-I : tout ce que doit ma\u00eetriser un psychologue pour traiter l&rsquo;insomnie chronique"},"content":{"rendered":"\n<p><strong>6 \u00e0 10 % de la population g\u00e9n\u00e9rale<\/strong> souffre d&rsquo;insomnie chronique selon les crit\u00e8res du DSM-5. Derri\u00e8re ce chiffre : des millions de patients qui consultent, qui tentent les somnif\u00e8res, qui s&rsquo;\u00e9puisent \u2014 et des professionnels de sant\u00e9 qui n&rsquo;ont pas toujours les outils pour r\u00e9pondre autrement que par une ordonnance. La <strong>Haute Autorit\u00e9 de Sant\u00e9 (HAS)<\/strong> est pourtant claire depuis plusieurs ann\u00e9es : la th\u00e9rapie cognitivo-comportementale pour l&rsquo;insomnie (TCC-I) est le <strong>traitement de premi\u00e8re intention<\/strong> de l&rsquo;insomnie chronique. Pas un compl\u00e9ment. Pas une alternative douce. La premi\u00e8re ligne.<\/p>\n\n\n\n<p>Le probl\u00e8me ? La TCC-I reste encore trop peu enseign\u00e9e dans les cursus universitaires, et les psychologues qui souhaitent se sp\u00e9cialiser dans ce domaine doivent souvent construire leurs comp\u00e9tences seuls, entre manuels anglais et articles de recherche. Cet article est l\u00e0 pour changer \u00e7a.<\/p>\n\n\n\n<hr class=\"wp-block-separator has-alpha-channel-opacity\"\/>\n\n\n\n<script src=\"https:\/\/api.teachizy.fr\/embeds\/embed.js\" async=\"async\"><\/script><a href=\"https:\/\/psylinkformations.teachizy.fr\/formations\/prise-en-charge-des-troubles-du-sommeil-approches-cognitivo-comportementales\" data-teachizy=\"CARD\" data-teachizy-params='{\"style\":{\"width\":\"\",\"height\":\"\"}}'>Prise en charge clinique de l\u2019insomnie : \u00e9valuation et intervention en TCC-I<\/a>\n\n\n\n<h2 class=\"wp-block-heading\">Pourquoi la TCC-I est devenue incontournable pour les psychologues<\/h2>\n\n\n\n<p>L&rsquo;insomnie n&rsquo;est pas un sympt\u00f4me anodin. Elle est \u00e0 la fois un facteur de risque et un facteur de maintien d&rsquo;un grand nombre de pathologies psychiatriques et m\u00e9dicales. Ignorer sa prise en charge sp\u00e9cifique, c&rsquo;est traiter la d\u00e9pression sans s&rsquo;attaquer aux ruminations qui emp\u00eachent le patient de dormir, g\u00e9rer un trouble anxieux sans comprendre que l&rsquo;hyper\u00e9veil nocturne alimente l&rsquo;anxi\u00e9t\u00e9 diurne, ou accompagner une douleur chronique sans aborder le cercle bidirectionnel entre privation de sommeil et abaissement du seuil nociceptif.<\/p>\n\n\n\n<ul class=\"wp-block-list\">\n<li>6\u201310 % de pr\u00e9valence de l&rsquo;insomnie chronique (DSM-5)<\/li>\n\n\n\n<li>70\u201380 % des patients d\u00e9pressifs pr\u00e9sentent des sympt\u00f4mes d&rsquo;insomnie<\/li>\n\n\n\n<li>\u00d72 \u00e0 \u00d74 risque d&rsquo;insomnie en pr\u00e9sence d&rsquo;un trouble anxieux ou de l&rsquo;humeur<\/li>\n\n\n\n<li>50 %  des patients insomniaques pr\u00e9sentent au moins une comorbidit\u00e9<\/li>\n<\/ul>\n\n\n\n<div class=\"wp-block-uagb-image uagb-block-48ce417e wp-block-uagb-image--layout-default wp-block-uagb-image--effect-static wp-block-uagb-image--align-none\"><figure class=\"wp-block-uagb-image__figure\"><img decoding=\"async\" srcset=\"https:\/\/www.psy.link\/blog\/wp-content\/uploads\/2026\/04\/1.jpg ,https:\/\/www.psy.link\/blog\/wp-content\/uploads\/2026\/04\/1.jpg 780w, https:\/\/www.psy.link\/blog\/wp-content\/uploads\/2026\/04\/1.jpg 360w\" sizes=\"auto, (max-width: 480px) 150px\" src=\"https:\/\/www.psy.link\/blog\/wp-content\/uploads\/2026\/04\/1.jpg\" alt=\"\" class=\"uag-image-14682\" width=\"600\" height=\"400\" title=\"1\" loading=\"lazy\" role=\"img\"\/><\/figure><\/div>\n\n\n\n<p>Face \u00e0 cette r\u00e9alit\u00e9 clinique, la TCC-I offre quelque chose que les hypnotiques ne peuvent pas donner : <strong>des effets durables.<\/strong> Les \u00e9tudes cliniques le confirment syst\u00e9matiquement \u2014 les b\u00e9n\u00e9fices de la TCC-I se maintiennent \u00e0 6 mois, 12 mois, parfois au-del\u00e0, l\u00e0 o\u00f9 les benzodiaz\u00e9pines et apparent\u00e9s g\u00e9n\u00e8rent d\u00e9pendance, tol\u00e9rance et rebond \u00e0 l&rsquo;arr\u00eat.<\/p>\n\n\n\n<p>\ud83d\udccb Ce que dit la HAS La Haute Autorit\u00e9 de Sant\u00e9 recommande explicitement la TCC-I comme <strong><a href=\"https:\/\/www.has-sante.fr\/jcms\/c_522637\/fr\/prise-en-charge-du-patient-adulte-se-plaignant-d-insomnie-en-medecine-generale\">traitement de premi\u00e8re intention<\/a><\/strong> de l&rsquo;insomnie chronique, avant tout traitement m\u00e9dicamenteux. Les hypnotiques ne sont indiqu\u00e9s qu&rsquo;en deuxi\u00e8me intention, pour des dur\u00e9es strictement limit\u00e9es, et en l&rsquo;absence de contre-indications.<\/p>\n\n\n\n<p>Pour un psychologue, se former \u00e0 la TCC-I, c&rsquo;est non seulement acqu\u00e9rir une comp\u00e9tence clinique tr\u00e8s demand\u00e9e, mais aussi se positionner comme le professionnel de r\u00e9f\u00e9rence sur une probl\u00e9matique qui concerne <strong>presque un patient sur dix<\/strong> en population g\u00e9n\u00e9rale \u2014 et beaucoup plus dans les populations cliniques.<\/p>\n\n\n\n<hr class=\"wp-block-separator has-alpha-channel-opacity\"\/>\n\n\n\n<h2 class=\"wp-block-heading\">Ce que recouvre vraiment la TCC-I \u2014 au-del\u00e0 de l&rsquo;hygi\u00e8ne du sommeil<\/h2>\n\n\n\n<p>Une erreur fr\u00e9quente consiste \u00e0 r\u00e9duire la TCC-I \u00e0 une liste de conseils d&rsquo;hygi\u00e8ne du sommeil : \u00e9viter la caf\u00e9ine, \u00e9teindre les \u00e9crans, garder une chambre fra\u00eeche. Ces recommandations ont leur place, mais elles ne constituent pas la TCC-I. Un psychologue form\u00e9 sait que le vrai travail se situe ailleurs \u2014 dans les mod\u00e8les, les m\u00e9canismes, et les interventions cibl\u00e9es qui en d\u00e9coulent.<\/p>\n\n\n\n<div class=\"wp-block-uagb-image uagb-block-1f51f2ee wp-block-uagb-image--layout-default wp-block-uagb-image--effect-static wp-block-uagb-image--align-none\"><figure class=\"wp-block-uagb-image__figure\"><img decoding=\"async\" srcset=\"https:\/\/www.psy.link\/blog\/wp-content\/uploads\/2026\/04\/2.jpg ,https:\/\/www.psy.link\/blog\/wp-content\/uploads\/2026\/04\/2.jpg 780w, https:\/\/www.psy.link\/blog\/wp-content\/uploads\/2026\/04\/2.jpg 360w\" sizes=\"auto, (max-width: 480px) 150px\" src=\"https:\/\/www.psy.link\/blog\/wp-content\/uploads\/2026\/04\/2.jpg\" alt=\"\" class=\"uag-image-14683\" width=\"600\" height=\"400\" title=\"2\" loading=\"lazy\" role=\"img\"\/><\/figure><\/div>\n\n\n\n<h3 class=\"wp-block-heading\">1. Comprendre les mod\u00e8les explicatifs avant d&rsquo;intervenir<\/h3>\n\n\n\n<p>La TCC-I repose sur une compr\u00e9hension fine des m\u00e9canismes qui <em>maintiennent<\/em> l&rsquo;insomnie, pas seulement de ceux qui la d\u00e9clenchent. Quatre mod\u00e8les sont fondamentaux \u00e0 ma\u00eetriser.<\/p>\n\n\n\n<h4 class=\"wp-block-heading\">\ud83d\udd3a Le mod\u00e8le des 3P \u2014 Spielman<\/h4>\n\n\n\n<p>Distingue les facteurs <strong>pr\u00e9disposants<\/strong> (vuln\u00e9rabilit\u00e9 individuelle : temp\u00e9rament anxieux, genre f\u00e9minin, \u00e2ge), <strong>pr\u00e9cipitants<\/strong> (stress aigu, \u00e9v\u00e9nement de vie, pathologie m\u00e9dicale) et <strong>perp\u00e9tuants<\/strong> (comportements inadapt\u00e9s, croyances dysfonctionnelles). L&rsquo;intervention TCC-I cible essentiellement ce troisi\u00e8me P.<\/p>\n\n\n\n<h4 class=\"wp-block-heading\">\u26a1 Le mod\u00e8le de l&rsquo;hyper\u00e9veil<\/h4>\n\n\n\n<p>L&rsquo;insomnie n&rsquo;est pas un d\u00e9ficit de sommeil mais une <strong>activation excessive des syst\u00e8mes d&rsquo;\u00e9veil<\/strong> \u2014 physiologique (tonus sympathique \u00e9lev\u00e9, cortisol en soir\u00e9e), cortical (ondes b\u00eata pendant le sommeil), cognitif (ruminations, anticipation anxieuse) et diurne (fatigue tendue, hyperr\u00e9activit\u00e9 au stress).<\/p>\n\n\n\n<h4 class=\"wp-block-heading\">\ud83e\udde0 Le mod\u00e8le cognitif de Harvey (2002)<\/h4>\n\n\n\n<p>Met en lumi\u00e8re le r\u00f4le central des <strong>croyances dysfonctionnelles<\/strong> sur le sommeil, de la focalisation attentionnelle s\u00e9lective sur les sensations corporelles, et des strat\u00e9gies de contr\u00f4le paradoxalement aggravantes (se coucher plus t\u00f4t, surveiller l&rsquo;heure, multiplier les tentatives d&rsquo;endormissement volontaire).<\/p>\n\n\n\n<div class=\"wp-block-uagb-image uagb-block-dcd69cc6 wp-block-uagb-image--layout-default wp-block-uagb-image--effect-static wp-block-uagb-image--align-none\"><figure class=\"wp-block-uagb-image__figure\"><img decoding=\"async\" srcset=\"https:\/\/www.psy.link\/blog\/wp-content\/uploads\/2026\/04\/3.jpg ,https:\/\/www.psy.link\/blog\/wp-content\/uploads\/2026\/04\/3.jpg 780w, https:\/\/www.psy.link\/blog\/wp-content\/uploads\/2026\/04\/3.jpg 360w\" sizes=\"auto, (max-width: 480px) 150px\" src=\"https:\/\/www.psy.link\/blog\/wp-content\/uploads\/2026\/04\/3.jpg\" alt=\"\" class=\"uag-image-14684\" width=\"600\" height=\"400\" title=\"3\" loading=\"lazy\" role=\"img\"\/><\/figure><\/div>\n\n\n\n<h4 class=\"wp-block-heading\">\ud83d\udd04 Le mod\u00e8le de Borb\u00e9ly \u2014 Processus S et C<\/h4>\n\n\n\n<p>Le sommeil r\u00e9sulte de l&rsquo;interaction entre la <strong>pression hom\u00e9ostatique (S)<\/strong> \u2014 qui s&rsquo;accumule avec la dur\u00e9e d&rsquo;\u00e9veil \u2014 et le <strong>rythme circadien (C)<\/strong> orchestr\u00e9 par le noyau suprachiasmatique. L&rsquo;insomnie perturbe ces deux processus ; la TCC-I agit directement sur eux.<\/p>\n\n\n\n<p>\ud83d\udca1 Point cl\u00e9 pour la pratique Ma\u00eetriser ces quatre mod\u00e8les, c&rsquo;est savoir <em>pourquoi<\/em> on prescrit chaque intervention \u2014 et pouvoir l&rsquo;expliquer au patient de mani\u00e8re \u00e0 renforcer son adh\u00e9sion. La psycho\u00e9ducation n&rsquo;est pas un pr\u00e9ambule \u00e0 la th\u00e9rapie : elle <strong>est<\/strong> th\u00e9rapeutique.<\/p>\n\n\n\n<h3 class=\"wp-block-heading\">2. Les interventions comportementales \u2014 le c\u0153ur du protocole<\/h3>\n\n\n\n<p>\ud83d\udecf\ufe0f Restriction du temps pass\u00e9 au lit<\/p>\n\n\n\n<p>Technique la plus puissante de la TCC-I \u2014 et la moins intuitive. Elle consiste \u00e0 <strong>aligner le temps pass\u00e9 au lit sur la dur\u00e9e r\u00e9elle de sommeil<\/strong>, pour augmenter la pression hom\u00e9ostatique et consolider le sommeil nocturne.<\/p>\n\n\n\n<ul class=\"wp-block-list\">\n<li>Calcul\u00e9e \u00e0 partir de l&rsquo;agenda du sommeil (dur\u00e9e moyenne de sommeil effectif)<\/li>\n\n\n\n<li>Seuil minimum fix\u00e9 \u00e0 5h30\u20136h pour \u00e9viter la privation excessive<\/li>\n\n\n\n<li>Fen\u00eatre de sommeil \u00e9largie progressivement lorsque l&rsquo;efficacit\u00e9 du sommeil d\u00e9passe <strong>85\u201390 %<\/strong><\/li>\n\n\n\n<li>Contre-indiqu\u00e9e en cas d&rsquo;\u00e9pilepsie, trouble bipolaire, hypersomnie ou profession \u00e0 risque si privation<\/li>\n<\/ul>\n\n\n\n<p><strong>Exemple clinique :<\/strong> Un patient passant 9h au lit pour 5h45 de sommeil effectif voit son heure de coucher repouss\u00e9e \u00e0 00h30 avec lever fix\u00e9 \u00e0 6h30. D\u00e8s la deuxi\u00e8me semaine, la consolidation nocturne s&rsquo;am\u00e9liore significativement.<\/p>\n\n\n\n<p>\ud83d\udd14 Contr\u00f4le des stimuli<\/p>\n\n\n\n<p>Vise \u00e0 <strong>restaurer l&rsquo;association conditionn\u00e9e lit \u2192 sommeil<\/strong>, bris\u00e9e par des ann\u00e9es de conditionnement n\u00e9gatif (lit associ\u00e9 \u00e0 l&rsquo;\u00e9chec, \u00e0 l&rsquo;anxi\u00e9t\u00e9, \u00e0 la rumination).<\/p>\n\n\n\n<ul class=\"wp-block-list\">\n<li>Ne se coucher qu&rsquo;en pr\u00e9sence d&rsquo;une somnolence r\u00e9elle \u2014 pas \u00e0 une heure d\u00e9cid\u00e9e cognitivement<\/li>\n\n\n\n<li>Quitter le lit apr\u00e8s 15\u201320 minutes d&rsquo;\u00e9veil sans somnolence<\/li>\n\n\n\n<li>Activit\u00e9 calme et neutre en dehors de la chambre (faible luminosit\u00e9)<\/li>\n\n\n\n<li>R\u00e9server le lit exclusivement au sommeil et \u00e0 la sexualit\u00e9<\/li>\n\n\n\n<li>Maintenir un horaire de lever fixe, <em>y compris apr\u00e8s une nuit difficile<\/em><\/li>\n<\/ul>\n\n\n\n<p>\u23f0 R\u00e9gularisation circadienne<\/p>\n\n\n\n<p>Agit sur le processus C de Borb\u00e9ly en stabilisant les synchroniseurs externes.<\/p>\n\n\n\n<ul class=\"wp-block-list\">\n<li>Heure de lever fixe 7j\/7, \u00e9cart maximum d&rsquo;1h entre semaine et week-end<\/li>\n\n\n\n<li>Exposition \u00e0 la lumi\u00e8re naturelle le matin (minimum 20 minutes)<\/li>\n\n\n\n<li>R\u00e9duction de l&rsquo;exposition lumineuse en soir\u00e9e (\u00e9crans, lumi\u00e8re vive)<\/li>\n\n\n\n<li>R\u00e9gularit\u00e9 des repas et de l&rsquo;activit\u00e9 physique comme synchroniseurs secondaires<\/li>\n<\/ul>\n\n\n\n<p><strong>Cas clinique :<\/strong> Une patiente pr\u00e9sentant un retard de phase (somnolence naturelle \u00e0 1h30) b\u00e9n\u00e9ficie d&rsquo;un recalage progressif : coucher align\u00e9 sur son rythme r\u00e9el, puis avance progressive via luminoth\u00e9rapie matinale.<\/p>\n\n\n\n<div class=\"wp-block-uagb-image uagb-block-d3a092da wp-block-uagb-image--layout-default wp-block-uagb-image--effect-static wp-block-uagb-image--align-none\"><figure class=\"wp-block-uagb-image__figure\"><img decoding=\"async\" srcset=\"https:\/\/www.psy.link\/blog\/wp-content\/uploads\/2026\/04\/4.jpg ,https:\/\/www.psy.link\/blog\/wp-content\/uploads\/2026\/04\/4.jpg 780w, https:\/\/www.psy.link\/blog\/wp-content\/uploads\/2026\/04\/4.jpg 360w\" sizes=\"auto, (max-width: 480px) 150px\" src=\"https:\/\/www.psy.link\/blog\/wp-content\/uploads\/2026\/04\/4.jpg\" alt=\"\" class=\"uag-image-14685\" width=\"600\" height=\"400\" title=\"4\" loading=\"lazy\" role=\"img\"\/><\/figure><\/div>\n\n\n\n<h3 class=\"wp-block-heading\">3. Les interventions cognitives \u2014 travailler sur la relation au sommeil<\/h3>\n\n\n\n<p>L&rsquo;insomnie chronique g\u00e9n\u00e8re un rapport au sommeil marqu\u00e9 par la peur de ne pas dormir, la catastrophisation des cons\u00e9quences et la surveillance obsessionnelle de l&rsquo;endormissement. Ces cognitions sont aussi maintenues par des comportements \u2014 et r\u00e9ciproquement.<\/p>\n\n\n\n<p>\ud83d\udd0d Croyances dysfonctionnelles fr\u00e9quentes<\/p>\n\n\n\n<ul class=\"wp-block-list\">\n<li>\u00ab Je dois absolument dormir 8 heures pour fonctionner. \u00bb<\/li>\n\n\n\n<li>\u00ab Si je dors mal ce soir, demain sera catastrophique. \u00bb<\/li>\n\n\n\n<li>\u00ab Je n&rsquo;ai aucun contr\u00f4le sur mon sommeil. \u00bb<\/li>\n\n\n\n<li>\u00ab Mon insomnie va d\u00e9truire ma sant\u00e9. \u00bb<\/li>\n<\/ul>\n\n\n\n<p>Ces croyances s&rsquo;\u00e9valuent via le <strong>DBAS-16<\/strong> (Dysfunctional Beliefs and Attitudes about Sleep) et font l&rsquo;objet d&rsquo;une restructuration cognitive syst\u00e9matique.<\/p>\n\n\n\n<p>Les techniques cognitives mobilis\u00e9es en TCC-I incluent :<\/p>\n\n\n\n<ul class=\"wp-block-list\">\n<li>La <strong>restructuration cognitive<\/strong> des croyances catastrophiques sur le sommeil<\/li>\n\n\n\n<li>Le <strong>worry time programm\u00e9<\/strong> \u2014 d\u00e9limiter un cr\u00e9neau quotidien (ex : 18h30) pour traiter les pr\u00e9occupations, afin de les externaliser hors du lit<\/li>\n\n\n\n<li>Les <strong>exp\u00e9riences comportementales<\/strong> \u2014 observer objectivement sa performance r\u00e9elle apr\u00e8s diff\u00e9rentes dur\u00e9es de sommeil<\/li>\n\n\n\n<li>La <strong>d\u00e9fusion cognitive<\/strong> et les techniques de d\u00e9tachement attentionnel<\/li>\n\n\n\n<li>L&rsquo;<strong>intention paradoxale<\/strong> pour r\u00e9duire l&rsquo;effort d&rsquo;endormissement<\/li>\n<\/ul>\n\n\n\n<h3 class=\"wp-block-heading\">4. Les interventions physiologiques \u2014 agir sur l&rsquo;hyper\u00e9veil somatique<\/h3>\n\n\n\n<p>La composante physiologique de l&rsquo;hyper\u00e9veil \u2014 tension musculaire, activation autonome, tonus sympathique \u00e9lev\u00e9 \u2014 n\u00e9cessite ses propres outils. Deux techniques sont particuli\u00e8rement int\u00e9gr\u00e9es en TCC-I.<\/p>\n\n\n\n<p>\ud83d\udc86 Relaxation musculaire progressive (Jacobson)<\/p>\n\n\n\n<p>Alternance syst\u00e9matique de contractions et de rel\u00e2chements musculaires permettant une prise de conscience et une diminution progressive des tensions. Elle agit sur la composante somatique de l&rsquo;hyper\u00e9veil. \u00c0 utiliser en fin de journ\u00e9e plut\u00f4t qu&rsquo;au moment du coucher pour \u00e9viter qu&rsquo;elle ne devienne une \u00ab strat\u00e9gie de performance \u00bb.<\/p>\n\n\n\n<p>\u2764\ufe0f Coh\u00e9rence cardiaque<\/p>\n\n\n\n<p>Respiration lente et rythm\u00e9e (6 cycles\/minute \u2014 5 secondes inspiration \/ 5 secondes expiration) favorisant l&rsquo;activation parasympathique via le nerf vague. Dans le contexte de l&rsquo;insomnie, elle cible directement l&rsquo;hyper\u00e9veil physiologique incompatible avec l&rsquo;endormissement.<\/p>\n\n\n\n<ul class=\"wp-block-list\">\n<li><strong>En fin de journ\u00e9e<\/strong> : r\u00e9duction du niveau g\u00e9n\u00e9ral d&rsquo;activation<\/li>\n\n\n\n<li><strong>\u00c0 l&rsquo;extinction des lumi\u00e8res<\/strong> : transition vers l&rsquo;endormissement<\/li>\n\n\n\n<li><strong>Lors des r\u00e9veils nocturnes<\/strong> : limitation de la mont\u00e9e anxieuse secondaire<\/li>\n<\/ul>\n\n\n\n<p><em>Point de vigilance :<\/em> si investie comme technique de performance (\u00ab je dois me d\u00e9tendre pour dormir \u00bb), elle peut paradoxalement renforcer la pression d&rsquo;\u00e9veil. La psycho\u00e9ducation est indispensable.<\/p>\n\n\n\n<hr class=\"wp-block-separator has-alpha-channel-opacity\"\/>\n\n\n\n<h2 class=\"wp-block-heading\">Ce qu&rsquo;un professionnel form\u00e9 doit \u00eatre capable de faire concr\u00e8tement<\/h2>\n\n\n\n<p>La ma\u00eetrise th\u00e9orique des mod\u00e8les ne suffit pas. Une formation TCC-I compl\u00e8te pr\u00e9pare le praticien \u00e0 des comp\u00e9tences cliniques pr\u00e9cises et directement applicables en consultation.<\/p>\n\n\n\n<p>\u2705 Comp\u00e9tences op\u00e9rationnelles vis\u00e9es<\/p>\n\n\n\n<ul class=\"wp-block-list\">\n<li>Conduire une <strong>\u00e9valuation diagnostique compl\u00e8te<\/strong> de l&rsquo;insomnie (DSM-5, ISI, DBAS-16, agenda du sommeil sur 2 semaines)<\/li>\n\n\n\n<li>Distinguer insomnie chronique, hypersomnie d&rsquo;origine centrale, parasomnie et trouble du rythme circadien<\/li>\n\n\n\n<li>Calculer et adapter la <strong>fen\u00eatre de sommeil<\/strong> dans le cadre de la restriction du temps au lit<\/li>\n\n\n\n<li>Mener une <strong>psycho\u00e9ducation sur les processus S et C<\/strong> adapt\u00e9e au niveau de compr\u00e9hension du patient<\/li>\n\n\n\n<li>Identifier et restructurer les <strong>croyances dysfonctionnelles<\/strong> avec le DBAS-16 comme outil de suivi<\/li>\n\n\n\n<li>G\u00e9rer les r\u00e9sistances \u00e0 la restriction du sommeil (peur, fatigue, doute sur l&rsquo;efficacit\u00e9)<\/li>\n\n\n\n<li>Int\u00e9grer les <strong>outils num\u00e9riques compl\u00e9mentaires<\/strong> (R\u00e9seau Morph\u00e9e, Sleepio) dans le parcours de soins<\/li>\n\n\n\n<li>Tracer les progr\u00e8s via l&rsquo;agenda du sommeil et ajuster le protocole en fonction de l&rsquo;efficacit\u00e9 du sommeil<\/li>\n\n\n\n<li>Pr\u00e9venir la rechute et pr\u00e9parer une <strong>sortie de th\u00e9rapie autonomisante<\/strong><\/li>\n<\/ul>\n\n\n\n<p>\u00ab L&rsquo;objectif de la TCC-I n&rsquo;est pas de forcer le sommeil. C&rsquo;est de supprimer les obstacles \u00e0 son \u00e9mergence spontan\u00e9e \u2014 en r\u00e9duisant la lutte contre l&rsquo;insomnie plut\u00f4t qu&rsquo;en intensifiant l&rsquo;effort. \u00bb \u2014 Principe fondateur des interventions TCC-I, Harvey, 2002 ; Morin &amp; Espie, 2003<\/p>\n\n\n\n<hr class=\"wp-block-separator has-alpha-channel-opacity\"\/>\n\n\n\n<h2 class=\"wp-block-heading\">Les outils num\u00e9riques compl\u00e9mentaires \u00e0 conna\u00eetre<\/h2>\n\n\n\n<p>Un psychologue form\u00e9 \u00e0 la TCC-I sait s&rsquo;appuyer sur les ressources disponibles pour renforcer le suivi entre les s\u00e9ances et orienter ses patients vers des supports valid\u00e9s scientifiquement.<\/p>\n\n\n\n<p>\ud83c\udf10 Le R\u00e9seau Morph\u00e9e<\/p>\n\n\n\n<p>R\u00e9seau de sant\u00e9 fran\u00e7ais d\u00e9di\u00e9 aux troubles du sommeil. Il met \u00e0 disposition des professionnels et des patients :<\/p>\n\n\n\n<ul class=\"wp-block-list\">\n<li>Guides pratiques et fiches d&rsquo;information sur l&rsquo;insomnie fond\u00e9s sur les donn\u00e9es probantes<\/li>\n\n\n\n<li>Outils d&rsquo;auto-\u00e9valuation et questionnaires valid\u00e9s<\/li>\n\n\n\n<li>Recommandations d&rsquo;hygi\u00e8ne du sommeil et ressources psycho\u00e9ducatives accessibles au grand public<\/li>\n\n\n\n<li>Orientation vers les structures sp\u00e9cialis\u00e9es (centres du sommeil, explorations compl\u00e9mentaires)<\/li>\n<\/ul>\n\n\n\n<p>Le R\u00e9seau Morph\u00e9e soutient explicitement la TCC-I comme traitement de premi\u00e8re intention, en coh\u00e9rence avec les recommandations HAS.<\/p>\n\n\n\n<p>\ud83d\udcf1 Sleepio \u2014 TCC-I digitale valid\u00e9e<\/p>\n\n\n\n<p>D\u00e9velopp\u00e9 par le Pr Colin Espie, <em>Sleepio<\/em> est un programme num\u00e9rique de CBTI structur\u00e9 en <strong>6 modules hebdomadaires<\/strong>. Il combine :<\/p>\n\n\n\n<ul class=\"wp-block-list\">\n<li>Agenda du sommeil num\u00e9rique int\u00e9gr\u00e9 avec feedback automatis\u00e9<\/li>\n\n\n\n<li>Psycho\u00e9ducation interactive sur les processus hom\u00e9ostatique et circadien<\/li>\n\n\n\n<li>Modules comportementaux (restriction du sommeil, contr\u00f4le des stimuli)<\/li>\n\n\n\n<li>Modules cognitifs (restructuration, worry time, relaxation guid\u00e9e)<\/li>\n\n\n\n<li>Module de consolidation et pr\u00e9vention de la rechute<\/li>\n<\/ul>\n\n\n\n<p>Plusieurs essais cliniques randomis\u00e9s confirment des am\u00e9liorations significatives de la latence d&rsquo;endormissement, du nombre de r\u00e9veils nocturnes et de l&rsquo;efficacit\u00e9 du sommeil, comparables \u00e0 une TCC-I en pr\u00e9sentiel. Utile comme support entre les s\u00e9ances ou pour des patients avec contraintes d&rsquo;acc\u00e8s aux soins.<\/p>\n\n\n\n<p>\u26a0\ufe0f Important Ces outils num\u00e9riques ne se substituent pas \u00e0 un suivi psychologique individualis\u00e9. Ils constituent des <strong>ressources compl\u00e9mentaires<\/strong> dans un protocole TCC-I men\u00e9 par un professionnel form\u00e9 \u2014 notamment pour maintenir la motivation, structurer l&rsquo;auto-monitoring et renforcer les acquis entre les s\u00e9ances.<\/p>\n\n\n\n<div class=\"wp-block-uagb-image uagb-block-618bbbf2 wp-block-uagb-image--layout-default wp-block-uagb-image--effect-static wp-block-uagb-image--align-none\"><figure class=\"wp-block-uagb-image__figure\"><img decoding=\"async\" srcset=\"https:\/\/www.psy.link\/blog\/wp-content\/uploads\/2026\/04\/5.jpg ,https:\/\/www.psy.link\/blog\/wp-content\/uploads\/2026\/04\/5.jpg 780w, https:\/\/www.psy.link\/blog\/wp-content\/uploads\/2026\/04\/5.jpg 360w\" sizes=\"auto, (max-width: 480px) 150px\" src=\"https:\/\/www.psy.link\/blog\/wp-content\/uploads\/2026\/04\/5.jpg\" alt=\"\" class=\"uag-image-14686\" width=\"600\" height=\"400\" title=\"5\" loading=\"lazy\" role=\"img\"\/><\/figure><\/div>\n\n\n\n<hr class=\"wp-block-separator has-alpha-channel-opacity\"\/>\n\n\n\n<h2 class=\"wp-block-heading\">Questions fr\u00e9quentes sur la formation TCC-I<\/h2>\n\n\n\n<p>\u2753 La TCC-I est-elle r\u00e9serv\u00e9e aux psychologues ?<\/p>\n\n\n\n<p>Non. Si les psychologues constituent le profil le plus naturellement form\u00e9 aux interventions cognitives et comportementales, la TCC-I est \u00e9galement pratiqu\u00e9e par des psychiatres, des m\u00e9decins du sommeil et, dans une version simplifi\u00e9e (BBTI \u2014 Brief Behavioral Treatment for Insomnia), par des infirmiers et m\u00e9decins g\u00e9n\u00e9ralistes ayant re\u00e7u une formation adapt\u00e9e. En pratique, c&rsquo;est bien le psychologue clinicien qui est le mieux positionn\u00e9 pour d\u00e9ployer un protocole TCC-I complet sur 6 \u00e0 8 s\u00e9ances.<\/p>\n\n\n\n<p>\u2753 Combien de s\u00e9ances pour un protocole TCC-I complet ?<\/p>\n\n\n\n<p>Les protocoles valid\u00e9s en recherche comprennent g\u00e9n\u00e9ralement <strong>6 \u00e0 8 s\u00e9ances individuelles<\/strong> de 45 \u00e0 60 minutes, ou 6 s\u00e9ances en groupe. Des formats brefs (3 \u00e0 4 s\u00e9ances) ont \u00e9galement montr\u00e9 une efficacit\u00e9 significative pour les insomnies moins complexes. La restriction du sommeil et le contr\u00f4le des stimuli sont introduits d\u00e8s les premi\u00e8res s\u00e9ances ; les interventions cognitives sont progressivement int\u00e9gr\u00e9es \u00e0 partir de la 3e ou 4e s\u00e9ance.<\/p>\n\n\n\n<p>\u2753 Peut-on combiner TCC-I et traitement m\u00e9dicamenteux ?<\/p>\n\n\n\n<p>Oui, une combinaison est possible en phase aigu\u00eb, notamment lorsque le niveau d&rsquo;insomnie s\u00e9v\u00e8re rendrait la restriction du sommeil trop difficile \u00e0 initier. Cependant, les donn\u00e9es de la litt\u00e9rature sugg\u00e8rent que la TCC-I seule produit des effets plus durables que la combinaison TCC-I + hypnotiques \u00e0 long terme, et que l&rsquo;arr\u00eat progressif des hypnotiques est facilit\u00e9 lorsqu&rsquo;il est accompagn\u00e9 d&rsquo;une TCC-I. Le protocole Morin de sevrage int\u00e9gr\u00e9 (TCC-I + diminution progressive des somnif\u00e8res) est document\u00e9 et efficace.<\/p>\n\n\n\n<p>\u2753 La TCC-I est-elle efficace en pr\u00e9sence de comorbidit\u00e9s psychiatriques ?<\/p>\n\n\n\n<p>Oui. La TCC-I montre une efficacit\u00e9 robuste m\u00eame chez des patients pr\u00e9sentant une d\u00e9pression, un trouble anxieux ou un \u00e9tat de stress post-traumatique comorbide. Dans ces cas, traiter l&rsquo;insomnie en parall\u00e8le \u2014 plut\u00f4t qu&rsquo;en attendant que la pathologie principale soit r\u00e9solue \u2014 am\u00e9liore \u00e9galement les sympt\u00f4mes de la comorbidit\u00e9. L&rsquo;insomnie entretient la d\u00e9pression et l&rsquo;anxi\u00e9t\u00e9 par des m\u00e9canismes biologiques et cognitifs ; la traiter directement brise ce cercle vicieux.<\/p>\n\n\n\n<p>\u2753 Quels outils d&rsquo;\u00e9valuation utiliser avant de d\u00e9buter un protocole TCC-I ?<\/p>\n\n\n\n<p>Le bilan pr\u00e9-th\u00e9rapeutique comprend id\u00e9alement : l&rsquo;<strong>Insomnia Severity Index (ISI)<\/strong> pour mesurer la s\u00e9v\u00e9rit\u00e9, le <strong>DBAS-16<\/strong> pour \u00e9valuer les croyances dysfonctionnelles, l&rsquo;<strong>agenda du sommeil sur 2 semaines<\/strong> pour calculer l&rsquo;efficacit\u00e9 du sommeil de base et d\u00e9finir la fen\u00eatre de restriction, et une \u00e9valuation clinique pour exclure une parasomnie, une hypersomnie centrale ou un trouble du rythme circadien qui n\u00e9cessiterait une orientation sp\u00e9cialis\u00e9e.<\/p>\n\n\n\n<p>\u2753 Quelle est la diff\u00e9rence entre TCC-I et MBSR pour l&rsquo;insomnie ?<\/p>\n\n\n\n<p>La TCC-I et la MBSR (Mindfulness-Based Stress Reduction) ne ciblent pas les m\u00eames m\u00e9canismes. La TCC-I agit directement sur les comportements qui maintiennent l&rsquo;insomnie (temps au lit, horaires, conditionnement) et restructure les croyances dysfonctionnelles. La MBSR d\u00e9veloppe une posture d&rsquo;acceptation face aux difficult\u00e9s de sommeil sans chercher \u00e0 les modifier comportementalement. Les deux approches peuvent \u00eatre compl\u00e9mentaires, mais dans les recommandations actuelles, seule la <strong>TCC-I b\u00e9n\u00e9ficie d&rsquo;un niveau de preuve suffisant<\/strong> pour \u00eatre recommand\u00e9e en premi\u00e8re intention par les soci\u00e9t\u00e9s savantes (HAS, AASM, ESS).<\/p>\n\n\n\n<hr class=\"wp-block-separator has-alpha-channel-opacity\"\/>\n\n\n\n<h2 class=\"wp-block-heading\">Conclusion : se former \u00e0 la TCC-I, c&rsquo;est se doter d&rsquo;un outil clinique de premier plan<\/h2>\n\n\n\n<p>L&rsquo;insomnie chronique est un trouble fr\u00e9quent, sous-trait\u00e9 et souvent mal pris en charge. Les hypnotiques sont prescrits trop facilement, trop longtemps, avec des effets d\u00e9l\u00e9t\u00e8res \u00e0 long terme. La TCC-I, elle, offre une alternative scientifiquement valid\u00e9e, durable, et compatible avec les valeurs fondamentales de la psychologie clinique : comprendre le patient dans sa globalit\u00e9, modifier les m\u00e9canismes qui entretiennent la souffrance, et lui restituer les outils de son autonomie.<\/p>\n\n\n\n<p>Se former s\u00e9rieusement \u00e0 la TCC-I, c&rsquo;est ma\u00eetriser les mod\u00e8les explicatifs qui donnent du sens aux interventions, appliquer les techniques comportementales et cognitives avec pr\u00e9cision, et savoir adapter le protocole \u00e0 la complexit\u00e9 de chaque situation clinique. C&rsquo;est aussi rejoindre un mouvement de fond dans la pratique psychologique francophone, o\u00f9 la sp\u00e9cialisation en m\u00e9decine du sommeil comportementale repr\u00e9sente une r\u00e9elle opportunit\u00e9 professionnelle.<\/p>\n\n\n\n<p>\ud83d\udcda En r\u00e9sum\u00e9 \u2014 Ce que couvre une formation TCC-I compl\u00e8te<\/p>\n\n\n\n<ul class=\"wp-block-list\">\n<li>Physiologie du sommeil : cycles, chronotypes, processus S et C<\/li>\n\n\n\n<li>Nosographie : insomnie, hypersomnies, parasomnies \u2014 diagnostic diff\u00e9rentiel<\/li>\n\n\n\n<li>Mod\u00e8les explicatifs : 3P, hyper\u00e9veil, Harvey, Borb\u00e9ly<\/li>\n\n\n\n<li>Outils d&rsquo;\u00e9valuation : ISI, DBAS-16, agenda du sommeil<\/li>\n\n\n\n<li>Interventions comportementales : restriction du sommeil, contr\u00f4le des stimuli, r\u00e9gularisation circadienne<\/li>\n\n\n\n<li>Interventions cognitives : restructuration, worry time, exp\u00e9riences comportementales<\/li>\n\n\n\n<li>Interventions physiologiques : relaxation musculaire progressive, coh\u00e9rence cardiaque<\/li>\n\n\n\n<li>Outils digitaux : R\u00e9seau Morph\u00e9e, Sleepio<\/li>\n\n\n\n<li>Gestion des cas complexes et comorbidit\u00e9s<\/li>\n\n\n\n<li>Pr\u00e9vention de la rechute et sortie de protocole<\/li>\n<\/ul>\n\n\n\n<h3 class=\"wp-block-heading\">Vous souhaitez vous former \u00e0 la TCC-I ?<\/h3>\n\n\n\n<p>Psylink Formations propose une formation TCC-I compl\u00e8te, con\u00e7ue par et pour des cliniciens. Protocoles valid\u00e9s, cas cliniques d\u00e9taill\u00e9s, outils directement applicables en consultation. <\/p>\n\n\n\n<script src=\"https:\/\/api.teachizy.fr\/embeds\/embed.js\" async=\"async\"><\/script><a href=\"https:\/\/psylinkformations.teachizy.fr\/formations\/prise-en-charge-des-troubles-du-sommeil-approches-cognitivo-comportementales\" data-teachizy=\"CARD\" data-teachizy-params='{\"style\":{\"width\":\"\",\"height\":\"\"}}'>Prise en charge clinique de l\u2019insomnie : \u00e9valuation et intervention en TCC-I<\/a>\n\n\n\n<p><a href=\"https:\/\/www.psy.link\/blog\/category\/sommeil\/\">En savoir plus sur le sommeil<\/a><\/p>\n\n\n\n<hr class=\"wp-block-separator has-alpha-channel-opacity\"\/>\n\n\n\n<p><strong>\u00c0 propos de l&rsquo;auteur<\/strong> \u2014 Jonathan Del-Monte, Psychologue<br>Th\u00e9rapeute TCCE &amp; Superviseur<br>Enseignant-chercheur en psychologie et psychopathologie clinique<br><br><em>Sources : DSM-5 (APA, 2013) ; Harvey, A. G. (2002). A cognitive model of insomnia. Behaviour Research and Therapy ; Borb\u00e9ly, A. A. (1982). A two process model of sleep regulation. Human Neurobiology ; Morin, C. M., &amp; Espie, C. A. (2003). Insomnia: A clinical guide to assessment and treatment ; HAS (2006). Recommandations pour la pratique clinique \u2014 Prise en charge du patient adulte se plaignant d&rsquo;insomnie en m\u00e9decine g\u00e9n\u00e9rale ; Espie et al. (2012). Sleepio RCT. Sleep.<\/em><\/p>\n\n\n\n\t\t\t<div class=\"wp-block-uagb-post-masonry uagb-post-grid  uagb-post__image-position-top uagb-post__image-enabled uagb-block-de6086c9     uagb-post__items uagb-post__columns-3 is-masonry uagb-post__columns-tablet-2 uagb-post__columns-mobile-1\" data-total=\"20\" style=\"\">\n\n\t\t\t\t\t\t\t\t\t\t\t\t<article class=\"uagb-post__inner-wrap\">\t\t\t\t\t\t\t\t<div class='uagb-post__image'>\n\t\t\t\t\t\t\t\t\t<a href=\"https:\/\/www.psy.link\/blog\/2026\/04\/22\/structurer-seance-focused-act-breve-guide-pratique\/\" target=\"_self\" rel=\"bookmark noopener noreferrer\"><img decoding=\"async\" width=\"960\" height=\"540\" src=\"https:\/\/www.psy.link\/blog\/wp-content\/uploads\/2023\/11\/jhjk-3.jpg\" class=\"attachment-large size-large\" alt=\"\" srcset=\"https:\/\/www.psy.link\/blog\/wp-content\/uploads\/2023\/11\/jhjk-3.jpg 960w, https:\/\/www.psy.link\/blog\/wp-content\/uploads\/2023\/11\/jhjk-3-300x169.jpg 300w, https:\/\/www.psy.link\/blog\/wp-content\/uploads\/2023\/11\/jhjk-3-768x432.jpg 768w\" sizes=\"(max-width: 960px) 100vw, 960px\" \/>\t\t\t\t\t<\/a>\n\t\t\t\t\t\t\t\t\t<\/div>\n\t\t\t\t\t\t<h4 class=\"uagb-post__title uagb-post__text\">\n\t\t\t\t<a href=\"https:\/\/www.psy.link\/blog\/2026\/04\/22\/structurer-seance-focused-act-breve-guide-pratique\/\" target=\"_self\" rel=\"bookmark noopener noreferrer\">Comment mener un entretien Focused ACT pas \u00e0 pas : guide pour les cliniciens<\/a>\n\t\t\t<\/h4>\n\t\t\t\t\t\t<div class='uagb-post__text uagb-post-grid-byline'>\n\t\t\t\t\t\t\t\t<time datetime=\"2026-04-22T13:47:07+02:00\" class=\"uagb-post__date\">\n\t\t\t\t<span class=\"dashicons-calendar dashicons\"><\/span>\t\t\t\t\t22 avril 2026\t\t\t\t<\/time>\n\t\t\t\t\t\t\t<span class=\"uagb-post__comment\">\n\t\t\t\t<span class=\"dashicons-admin-comments dashicons\"><\/span>\t\t\t\t\tAucun commentaire\t\t\t\t<\/span>\n\t\t\t\t\t\t<\/div>\n\t\t\t\t\t\t\t<div class='uagb-post__text uagb-post__excerpt'>\n\t\t\t\t\t<p>Aider un patient \u00e0 avancer en une seule s\u00e9ance \u2014 mythe ou r\u00e9alit\u00e9 clinique&nbsp;? Par&#8230;\t\t\t\t<\/div>\n\t\t\t\t\t\t<div class=\"uagb-post__text uagb-post__cta wp-block-button\">\n\t\t\t\t<a class=\"wp-block-button__link uagb-text-link\" style=\"\" href=\"https:\/\/www.psy.link\/blog\/2026\/04\/22\/structurer-seance-focused-act-breve-guide-pratique\/\" target=\"_self\" rel=\"bookmark noopener noreferrer\">Lire la suite<\/a>\n\t\t\t<\/div>\n\t\t\t\n\t\t\t\t\t\t\t\t\t<\/article>\n\t\t\t\t\t\t\t\t\t\t\t\t\t\t\t\t<article class=\"uagb-post__inner-wrap\">\t\t\t\t\t\t\t\t<div class='uagb-post__image'>\n\t\t\t\t\t\t\t\t\t<a href=\"https:\/\/www.psy.link\/blog\/2026\/04\/17\/depression-endogene-exogene-differences-cles\/\" target=\"_self\" rel=\"bookmark noopener noreferrer\"><img decoding=\"async\" width=\"600\" height=\"400\" src=\"https:\/\/www.psy.link\/blog\/wp-content\/uploads\/2026\/04\/6-1.jpg\" class=\"attachment-large size-large\" alt=\"\" srcset=\"https:\/\/www.psy.link\/blog\/wp-content\/uploads\/2026\/04\/6-1.jpg 600w, https:\/\/www.psy.link\/blog\/wp-content\/uploads\/2026\/04\/6-1-300x200.jpg 300w\" sizes=\"(max-width: 600px) 100vw, 600px\" \/>\t\t\t\t\t<\/a>\n\t\t\t\t\t\t\t\t\t<\/div>\n\t\t\t\t\t\t<h4 class=\"uagb-post__title uagb-post__text\">\n\t\t\t\t<a href=\"https:\/\/www.psy.link\/blog\/2026\/04\/17\/depression-endogene-exogene-differences-cles\/\" target=\"_self\" rel=\"bookmark noopener noreferrer\">D\u00e9pression endog\u00e8ne vs d\u00e9pression exog\u00e8ne : quelles diff\u00e9rences et comment les reconna\u00eetre ?<\/a>\n\t\t\t<\/h4>\n\t\t\t\t\t\t<div class='uagb-post__text uagb-post-grid-byline'>\n\t\t\t\t\t\t\t\t<time datetime=\"2026-04-17T17:25:39+02:00\" class=\"uagb-post__date\">\n\t\t\t\t<span class=\"dashicons-calendar dashicons\"><\/span>\t\t\t\t\t17 avril 2026\t\t\t\t<\/time>\n\t\t\t\t\t\t\t<span class=\"uagb-post__comment\">\n\t\t\t\t<span class=\"dashicons-admin-comments dashicons\"><\/span>\t\t\t\t\tAucun commentaire\t\t\t\t<\/span>\n\t\t\t\t\t\t<\/div>\n\t\t\t\t\t\t\t<div class='uagb-post__text uagb-post__excerpt'>\n\t\t\t\t\t<p>Introduction : la d\u00e9pression, une r\u00e9alit\u00e9 complexe La d\u00e9pression touche plus de&nbsp;300 millions de personnes&nbsp;dans&#8230;\t\t\t\t<\/div>\n\t\t\t\t\t\t<div class=\"uagb-post__text uagb-post__cta wp-block-button\">\n\t\t\t\t<a class=\"wp-block-button__link uagb-text-link\" style=\"\" href=\"https:\/\/www.psy.link\/blog\/2026\/04\/17\/depression-endogene-exogene-differences-cles\/\" target=\"_self\" rel=\"bookmark noopener noreferrer\">Lire la suite<\/a>\n\t\t\t<\/div>\n\t\t\t\n\t\t\t\t\t\t\t\t\t<\/article>\n\t\t\t\t\t\t\t\t\t\t\t\t\t\t\t\t<article class=\"uagb-post__inner-wrap\">\t\t\t\t\t\t\t\t<div class='uagb-post__image'>\n\t\t\t\t\t\t\t\t\t<a href=\"https:\/\/www.psy.link\/blog\/2026\/04\/16\/formation-tcc-i-tout-ce-que-doit-maitriser-un-psychologue-pour-traiter-linsomnie-chronique\/\" target=\"_self\" rel=\"bookmark noopener noreferrer\"><img decoding=\"async\" width=\"600\" height=\"400\" src=\"https:\/\/www.psy.link\/blog\/wp-content\/uploads\/2026\/04\/6.jpg\" class=\"attachment-large size-large\" alt=\"\" srcset=\"https:\/\/www.psy.link\/blog\/wp-content\/uploads\/2026\/04\/6.jpg 600w, https:\/\/www.psy.link\/blog\/wp-content\/uploads\/2026\/04\/6-300x200.jpg 300w\" sizes=\"(max-width: 600px) 100vw, 600px\" \/>\t\t\t\t\t<\/a>\n\t\t\t\t\t\t\t\t\t<\/div>\n\t\t\t\t\t\t<h4 class=\"uagb-post__title uagb-post__text\">\n\t\t\t\t<a href=\"https:\/\/www.psy.link\/blog\/2026\/04\/16\/formation-tcc-i-tout-ce-que-doit-maitriser-un-psychologue-pour-traiter-linsomnie-chronique\/\" target=\"_self\" rel=\"bookmark noopener noreferrer\">Formation TCC-I : tout ce que doit ma\u00eetriser un psychologue pour traiter l&rsquo;insomnie chronique<\/a>\n\t\t\t<\/h4>\n\t\t\t\t\t\t<div class='uagb-post__text uagb-post-grid-byline'>\n\t\t\t\t\t\t\t\t<time datetime=\"2026-04-16T22:20:47+02:00\" class=\"uagb-post__date\">\n\t\t\t\t<span class=\"dashicons-calendar dashicons\"><\/span>\t\t\t\t\t16 avril 2026\t\t\t\t<\/time>\n\t\t\t\t\t\t\t<span class=\"uagb-post__comment\">\n\t\t\t\t<span class=\"dashicons-admin-comments dashicons\"><\/span>\t\t\t\t\tAucun commentaire\t\t\t\t<\/span>\n\t\t\t\t\t\t<\/div>\n\t\t\t\t\t\t\t<div class='uagb-post__text uagb-post__excerpt'>\n\t\t\t\t\t<p>6 \u00e0 10 % de la population g\u00e9n\u00e9rale souffre d&rsquo;insomnie chronique selon les crit\u00e8res du&#8230;\t\t\t\t<\/div>\n\t\t\t\t\t\t<div class=\"uagb-post__text uagb-post__cta wp-block-button\">\n\t\t\t\t<a class=\"wp-block-button__link uagb-text-link\" style=\"\" href=\"https:\/\/www.psy.link\/blog\/2026\/04\/16\/formation-tcc-i-tout-ce-que-doit-maitriser-un-psychologue-pour-traiter-linsomnie-chronique\/\" target=\"_self\" rel=\"bookmark noopener noreferrer\">Lire la suite<\/a>\n\t\t\t<\/div>\n\t\t\t\n\t\t\t\t\t\t\t\t\t<\/article>\n\t\t\t\t\t\t\t\t\t\t\t\t\t\t\t\t<article class=\"uagb-post__inner-wrap\">\t\t\t\t\t\t\t\t<div class='uagb-post__image'>\n\t\t\t\t\t\t\t\t\t<a href=\"https:\/\/www.psy.link\/blog\/2026\/04\/13\/laffirmation-de-soi-chez-lenfant-prise-en-charge-tcc\/\" target=\"_self\" rel=\"bookmark noopener noreferrer\"><img decoding=\"async\" width=\"600\" height=\"400\" src=\"https:\/\/www.psy.link\/blog\/wp-content\/uploads\/2026\/04\/1.png\" class=\"attachment-large size-large\" alt=\"\" srcset=\"https:\/\/www.psy.link\/blog\/wp-content\/uploads\/2026\/04\/1.png 600w, https:\/\/www.psy.link\/blog\/wp-content\/uploads\/2026\/04\/1-300x200.png 300w\" sizes=\"(max-width: 600px) 100vw, 600px\" \/>\t\t\t\t\t<\/a>\n\t\t\t\t\t\t\t\t\t<\/div>\n\t\t\t\t\t\t<h4 class=\"uagb-post__title uagb-post__text\">\n\t\t\t\t<a href=\"https:\/\/www.psy.link\/blog\/2026\/04\/13\/laffirmation-de-soi-chez-lenfant-prise-en-charge-tcc\/\" target=\"_self\" rel=\"bookmark noopener noreferrer\">L&rsquo;affirmation de soi chez l&rsquo;enfant : enjeux cliniques et prise en charge TCC<\/a>\n\t\t\t<\/h4>\n\t\t\t\t\t\t<div class='uagb-post__text uagb-post-grid-byline'>\n\t\t\t\t\t\t\t\t<time datetime=\"2026-04-13T21:08:17+02:00\" class=\"uagb-post__date\">\n\t\t\t\t<span class=\"dashicons-calendar dashicons\"><\/span>\t\t\t\t\t13 avril 2026\t\t\t\t<\/time>\n\t\t\t\t\t\t\t<span class=\"uagb-post__comment\">\n\t\t\t\t<span class=\"dashicons-admin-comments dashicons\"><\/span>\t\t\t\t\tAucun commentaire\t\t\t\t<\/span>\n\t\t\t\t\t\t<\/div>\n\t\t\t\t\t\t\t<div class='uagb-post__text uagb-post__excerpt'>\n\t\t\t\t\t<p>De l&rsquo;\u00e9valuation clinique aux strat\u00e9gies d&rsquo;intervention, comment accompagner l&rsquo;enfant vers une assertivit\u00e9 saine \u2014 et&#8230;\t\t\t\t<\/div>\n\t\t\t\t\t\t<div class=\"uagb-post__text uagb-post__cta wp-block-button\">\n\t\t\t\t<a class=\"wp-block-button__link uagb-text-link\" style=\"\" href=\"https:\/\/www.psy.link\/blog\/2026\/04\/13\/laffirmation-de-soi-chez-lenfant-prise-en-charge-tcc\/\" target=\"_self\" rel=\"bookmark noopener noreferrer\">Lire la suite<\/a>\n\t\t\t<\/div>\n\t\t\t\n\t\t\t\t\t\t\t\t\t<\/article>\n\t\t\t\t\t\t\t\t\t\t\t\t\t\t\t\t<article class=\"uagb-post__inner-wrap\">\t\t\t\t\t\t\t\t<div class='uagb-post__image'>\n\t\t\t\t\t\t\t\t\t<a href=\"https:\/\/www.psy.link\/blog\/2026\/03\/17\/comprendre-les-crises-non-epileptiques-psychogenes-cnep\/\" target=\"_self\" rel=\"bookmark noopener noreferrer\"><img decoding=\"async\" width=\"600\" height=\"400\" src=\"https:\/\/www.psy.link\/blog\/wp-content\/uploads\/2026\/03\/2.png\" class=\"attachment-large size-large\" alt=\"\" srcset=\"https:\/\/www.psy.link\/blog\/wp-content\/uploads\/2026\/03\/2.png 600w, https:\/\/www.psy.link\/blog\/wp-content\/uploads\/2026\/03\/2-300x200.png 300w\" sizes=\"(max-width: 600px) 100vw, 600px\" \/>\t\t\t\t\t<\/a>\n\t\t\t\t\t\t\t\t\t<\/div>\n\t\t\t\t\t\t<h4 class=\"uagb-post__title uagb-post__text\">\n\t\t\t\t<a href=\"https:\/\/www.psy.link\/blog\/2026\/03\/17\/comprendre-les-crises-non-epileptiques-psychogenes-cnep\/\" target=\"_self\" rel=\"bookmark noopener noreferrer\">Comprendre les Crises Non \u00c9pileptiques Psychog\u00e8nes (CNEP)<\/a>\n\t\t\t<\/h4>\n\t\t\t\t\t\t<div class='uagb-post__text uagb-post-grid-byline'>\n\t\t\t\t\t\t\t\t<time datetime=\"2026-03-17T11:24:32+01:00\" class=\"uagb-post__date\">\n\t\t\t\t<span class=\"dashicons-calendar dashicons\"><\/span>\t\t\t\t\t17 mars 2026\t\t\t\t<\/time>\n\t\t\t\t\t\t\t<span class=\"uagb-post__comment\">\n\t\t\t\t<span class=\"dashicons-admin-comments dashicons\"><\/span>\t\t\t\t\tAucun commentaire\t\t\t\t<\/span>\n\t\t\t\t\t\t<\/div>\n\t\t\t\t\t\t\t<div class='uagb-post__text uagb-post__excerpt'>\n\t\t\t\t\t<p>Un guide pour les patients, leur entourage et les professionnels de sant\u00e9 \u00c0 propos de&#8230;\t\t\t\t<\/div>\n\t\t\t\t\t\t<div class=\"uagb-post__text uagb-post__cta wp-block-button\">\n\t\t\t\t<a class=\"wp-block-button__link uagb-text-link\" style=\"\" href=\"https:\/\/www.psy.link\/blog\/2026\/03\/17\/comprendre-les-crises-non-epileptiques-psychogenes-cnep\/\" target=\"_self\" rel=\"bookmark noopener noreferrer\">Lire la suite<\/a>\n\t\t\t<\/div>\n\t\t\t\n\t\t\t\t\t\t\t\t\t<\/article>\n\t\t\t\t\t\t\t\t\t\t\t\t\t\t\t\t<article class=\"uagb-post__inner-wrap\">\t\t\t\t\t\t\t\t<div class='uagb-post__image'>\n\t\t\t\t\t\t\t\t\t<a href=\"https:\/\/www.psy.link\/blog\/2026\/02\/28\/exposition-prolongee-foa-traitement-ptsd-protocole-psychologue\/\" target=\"_self\" rel=\"bookmark noopener noreferrer\"><img decoding=\"async\" width=\"600\" height=\"400\" src=\"https:\/\/www.psy.link\/blog\/wp-content\/uploads\/2026\/02\/8.jpg\" class=\"attachment-large size-large\" alt=\"\" srcset=\"https:\/\/www.psy.link\/blog\/wp-content\/uploads\/2026\/02\/8.jpg 600w, https:\/\/www.psy.link\/blog\/wp-content\/uploads\/2026\/02\/8-300x200.jpg 300w\" sizes=\"(max-width: 600px) 100vw, 600px\" \/>\t\t\t\t\t<\/a>\n\t\t\t\t\t\t\t\t\t<\/div>\n\t\t\t\t\t\t<h4 class=\"uagb-post__title uagb-post__text\">\n\t\t\t\t<a href=\"https:\/\/www.psy.link\/blog\/2026\/02\/28\/exposition-prolongee-foa-traitement-ptsd-protocole-psychologue\/\" target=\"_self\" rel=\"bookmark noopener noreferrer\">L&rsquo;Exposition Prolong\u00e9e de Foa<\/a>\n\t\t\t<\/h4>\n\t\t\t\t\t\t<div class='uagb-post__text uagb-post-grid-byline'>\n\t\t\t\t\t\t\t\t<time datetime=\"2026-02-28T22:04:23+01:00\" class=\"uagb-post__date\">\n\t\t\t\t<span class=\"dashicons-calendar dashicons\"><\/span>\t\t\t\t\t28 f\u00e9vrier 2026\t\t\t\t<\/time>\n\t\t\t\t\t\t\t<span class=\"uagb-post__comment\">\n\t\t\t\t<span class=\"dashicons-admin-comments dashicons\"><\/span>\t\t\t\t\tAucun commentaire\t\t\t\t<\/span>\n\t\t\t\t\t\t<\/div>\n\t\t\t\t\t\t\t<div class='uagb-post__text uagb-post__excerpt'>\n\t\t\t\t\t<p>Psy.link Formations \u2014 Formation Clinique Approfondie L&rsquo;Exposition Prolong\u00e9e de Foa :transformer le traumatismeen m\u00e9moire apais\u00e9e&#8230;\t\t\t\t<\/div>\n\t\t\t\t\t\t<div class=\"uagb-post__text uagb-post__cta wp-block-button\">\n\t\t\t\t<a class=\"wp-block-button__link uagb-text-link\" style=\"\" href=\"https:\/\/www.psy.link\/blog\/2026\/02\/28\/exposition-prolongee-foa-traitement-ptsd-protocole-psychologue\/\" target=\"_self\" rel=\"bookmark noopener noreferrer\">Lire la suite<\/a>\n\t\t\t<\/div>\n\t\t\t\n\t\t\t\t\t\t\t\t\t<\/article>\n\t\t\t\t\t\t\t\t\t\t\t<\/div>\n\t\t\t","protected":false},"excerpt":{"rendered":"<p>6 \u00e0 10 % de la population g\u00e9n\u00e9rale souffre d&rsquo;insomnie chronique selon les crit\u00e8res du DSM-5. Derri\u00e8re ce chiffre : des millions de patients qui consultent, qui tentent les somnif\u00e8res, qui s&rsquo;\u00e9puisent \u2014 et des professionnels de sant\u00e9 qui n&rsquo;ont pas toujours les outils pour r\u00e9pondre autrement que par une ordonnance. La Haute Autorit\u00e9 de [&hellip;]<\/p>\n","protected":false},"author":29,"featured_media":14688,"comment_status":"closed","ping_status":"closed","sticky":false,"template":"","format":"standard","meta":{"_uag_custom_page_level_css":"","_exactmetrics_skip_tracking":false,"_exactmetrics_sitenote_active":false,"_exactmetrics_sitenote_note":"","_exactmetrics_sitenote_category":0,"site-sidebar-layout":"default","site-content-layout":"","ast-site-content-layout":"default","site-content-style":"default","site-sidebar-style":"default","ast-global-header-display":"","ast-banner-title-visibility":"","ast-main-header-display":"","ast-hfb-above-header-display":"","ast-hfb-below-header-display":"","ast-hfb-mobile-header-display":"","site-post-title":"","ast-breadcrumbs-content":"","ast-featured-img":"","footer-sml-layout":"","theme-transparent-header-meta":"","adv-header-id-meta":"","stick-header-meta":"","header-above-stick-meta":"","header-main-stick-meta":"","header-below-stick-meta":"","astra-migrate-meta-layouts":"set","ast-page-background-enabled":"default","ast-page-background-meta":{"desktop":{"background-color":"","background-image":"","background-repeat":"repeat","background-position":"center center","background-size":"auto","background-attachment":"scroll","background-type":"","background-media":"","overlay-type":"","overlay-color":"","overlay-opacity":"","overlay-gradient":""},"tablet":{"background-color":"","background-image":"","background-repeat":"repeat","background-position":"center center","background-size":"auto","background-attachment":"scroll","background-type":"","background-media":"","overlay-type":"","overlay-color":"","overlay-opacity":"","overlay-gradient":""},"mobile":{"background-color":"","background-image":"","background-repeat":"repeat","background-position":"center center","background-size":"auto","background-attachment":"scroll","background-type":"","background-media":"","overlay-type":"","overlay-color":"","overlay-opacity":"","overlay-gradient":""}},"ast-content-background-meta":{"desktop":{"background-color":"var(--ast-global-color-5)","background-image":"","background-repeat":"repeat","background-position":"center center","background-size":"auto","background-attachment":"scroll","background-type":"","background-media":"","overlay-type":"","overlay-color":"","overlay-opacity":"","overlay-gradient":""},"tablet":{"background-color":"var(--ast-global-color-5)","background-image":"","background-repeat":"repeat","background-position":"center center","background-size":"auto","background-attachment":"scroll","background-type":"","background-media":"","overlay-type":"","overlay-color":"","overlay-opacity":"","overlay-gradient":""},"mobile":{"background-color":"var(--ast-global-color-5)","background-image":"","background-repeat":"repeat","background-position":"center center","background-size":"auto","background-attachment":"scroll","background-type":"","background-media":"","overlay-type":"","overlay-color":"","overlay-opacity":"","overlay-gradient":""}},"footnotes":""},"categories":[30,3],"tags":[],"class_list":["post-14677","post","type-post","status-publish","format-standard","has-post-thumbnail","hentry","category-actualites-psychologues","category-sommeil"],"yoast_head":"<!-- This site is optimized with the Yoast SEO plugin v26.2 - https:\/\/yoast.com\/wordpress\/plugins\/seo\/ -->\n<title>Formation TCC-I: tout ce que doit ma\u00eetriser un psychologue | Blog Psy.link<\/title>\n<meta name=\"description\" content=\"\u00c9largissez vos comp\u00e9tences avec la formation TCC-I et offrez un v\u00e9ritable soutien aux patients souffrant d&#039;insomnie chronique.\" \/>\n<meta name=\"robots\" content=\"index, follow, max-snippet:-1, max-image-preview:large, max-video-preview:-1\" \/>\n<link rel=\"canonical\" href=\"https:\/\/www.psy.link\/blog\/2026\/04\/16\/formation-tcc-i-tout-ce-que-doit-maitriser-un-psychologue-pour-traiter-linsomnie-chronique\/\" \/>\n<meta property=\"og:locale\" content=\"fr_FR\" \/>\n<meta property=\"og:type\" content=\"article\" \/>\n<meta property=\"og:title\" content=\"Formation TCC-I: tout ce que doit ma\u00eetriser un psychologue | Blog Psy.link\" \/>\n<meta property=\"og:description\" content=\"\u00c9largissez vos comp\u00e9tences avec la formation TCC-I et offrez un v\u00e9ritable soutien aux patients souffrant d&#039;insomnie chronique.\" \/>\n<meta property=\"og:url\" content=\"https:\/\/www.psy.link\/blog\/2026\/04\/16\/formation-tcc-i-tout-ce-que-doit-maitriser-un-psychologue-pour-traiter-linsomnie-chronique\/\" \/>\n<meta property=\"og:site_name\" content=\"Blog Psy.link\" \/>\n<meta property=\"article:publisher\" content=\"https:\/\/www.facebook.com\/psy.link.therapie\/\" \/>\n<meta property=\"article:published_time\" content=\"2026-04-16T20:20:47+00:00\" \/>\n<meta property=\"article:modified_time\" content=\"2026-04-17T05:04:34+00:00\" \/>\n<meta property=\"og:image\" content=\"https:\/\/www.psy.link\/blog\/wp-content\/uploads\/2026\/04\/6.jpg\" \/>\n\t<meta property=\"og:image:width\" content=\"600\" \/>\n\t<meta property=\"og:image:height\" content=\"400\" \/>\n\t<meta property=\"og:image:type\" content=\"image\/jpeg\" \/>\n<meta name=\"author\" content=\"Auteur invit\u00e9\" \/>\n<meta name=\"twitter:card\" content=\"summary_large_image\" \/>\n<meta name=\"twitter:creator\" content=\"@Psylink_tcc\" \/>\n<meta name=\"twitter:site\" content=\"@Psylink_tcc\" \/>\n<meta name=\"twitter:label1\" content=\"\u00c9crit par\" \/>\n\t<meta name=\"twitter:data1\" content=\"Auteur invit\u00e9\" \/>\n\t<meta name=\"twitter:label2\" content=\"Dur\u00e9e de lecture estim\u00e9e\" \/>\n\t<meta name=\"twitter:data2\" content=\"15 minutes\" \/>\n<script type=\"application\/ld+json\" class=\"yoast-schema-graph\">{\"@context\":\"https:\/\/schema.org\",\"@graph\":[{\"@type\":\"Article\",\"@id\":\"https:\/\/www.psy.link\/blog\/2026\/04\/16\/formation-tcc-i-tout-ce-que-doit-maitriser-un-psychologue-pour-traiter-linsomnie-chronique\/#article\",\"isPartOf\":{\"@id\":\"https:\/\/www.psy.link\/blog\/2026\/04\/16\/formation-tcc-i-tout-ce-que-doit-maitriser-un-psychologue-pour-traiter-linsomnie-chronique\/\"},\"author\":{\"name\":\"Auteur invit\u00e9\",\"@id\":\"https:\/\/www.psy.link\/blog\/#\/schema\/person\/829cf5ac020fc673ac66650196bcbe96\"},\"headline\":\"Formation TCC-I : tout ce que doit ma\u00eetriser un psychologue pour traiter l&rsquo;insomnie chronique\",\"datePublished\":\"2026-04-16T20:20:47+00:00\",\"dateModified\":\"2026-04-17T05:04:34+00:00\",\"mainEntityOfPage\":{\"@id\":\"https:\/\/www.psy.link\/blog\/2026\/04\/16\/formation-tcc-i-tout-ce-que-doit-maitriser-un-psychologue-pour-traiter-linsomnie-chronique\/\"},\"wordCount\":3074,\"publisher\":{\"@id\":\"https:\/\/www.psy.link\/blog\/#organization\"},\"image\":{\"@id\":\"https:\/\/www.psy.link\/blog\/2026\/04\/16\/formation-tcc-i-tout-ce-que-doit-maitriser-un-psychologue-pour-traiter-linsomnie-chronique\/#primaryimage\"},\"thumbnailUrl\":\"https:\/\/www.psy.link\/blog\/wp-content\/uploads\/2026\/04\/6.jpg\",\"articleSection\":[\"Actualit\u00e9s psychologues\",\"Sommeil\"],\"inLanguage\":\"fr-FR\"},{\"@type\":\"WebPage\",\"@id\":\"https:\/\/www.psy.link\/blog\/2026\/04\/16\/formation-tcc-i-tout-ce-que-doit-maitriser-un-psychologue-pour-traiter-linsomnie-chronique\/\",\"url\":\"https:\/\/www.psy.link\/blog\/2026\/04\/16\/formation-tcc-i-tout-ce-que-doit-maitriser-un-psychologue-pour-traiter-linsomnie-chronique\/\",\"name\":\"Formation TCC-I: tout ce que doit ma\u00eetriser un psychologue | Blog Psy.link\",\"isPartOf\":{\"@id\":\"https:\/\/www.psy.link\/blog\/#website\"},\"primaryImageOfPage\":{\"@id\":\"https:\/\/www.psy.link\/blog\/2026\/04\/16\/formation-tcc-i-tout-ce-que-doit-maitriser-un-psychologue-pour-traiter-linsomnie-chronique\/#primaryimage\"},\"image\":{\"@id\":\"https:\/\/www.psy.link\/blog\/2026\/04\/16\/formation-tcc-i-tout-ce-que-doit-maitriser-un-psychologue-pour-traiter-linsomnie-chronique\/#primaryimage\"},\"thumbnailUrl\":\"https:\/\/www.psy.link\/blog\/wp-content\/uploads\/2026\/04\/6.jpg\",\"datePublished\":\"2026-04-16T20:20:47+00:00\",\"dateModified\":\"2026-04-17T05:04:34+00:00\",\"description\":\"\u00c9largissez vos comp\u00e9tences avec la formation TCC-I et offrez un v\u00e9ritable soutien aux patients souffrant d'insomnie chronique.\",\"breadcrumb\":{\"@id\":\"https:\/\/www.psy.link\/blog\/2026\/04\/16\/formation-tcc-i-tout-ce-que-doit-maitriser-un-psychologue-pour-traiter-linsomnie-chronique\/#breadcrumb\"},\"inLanguage\":\"fr-FR\",\"potentialAction\":[{\"@type\":\"ReadAction\",\"target\":[\"https:\/\/www.psy.link\/blog\/2026\/04\/16\/formation-tcc-i-tout-ce-que-doit-maitriser-un-psychologue-pour-traiter-linsomnie-chronique\/\"]}]},{\"@type\":\"ImageObject\",\"inLanguage\":\"fr-FR\",\"@id\":\"https:\/\/www.psy.link\/blog\/2026\/04\/16\/formation-tcc-i-tout-ce-que-doit-maitriser-un-psychologue-pour-traiter-linsomnie-chronique\/#primaryimage\",\"url\":\"https:\/\/www.psy.link\/blog\/wp-content\/uploads\/2026\/04\/6.jpg\",\"contentUrl\":\"https:\/\/www.psy.link\/blog\/wp-content\/uploads\/2026\/04\/6.jpg\",\"width\":600,\"height\":400},{\"@type\":\"BreadcrumbList\",\"@id\":\"https:\/\/www.psy.link\/blog\/2026\/04\/16\/formation-tcc-i-tout-ce-que-doit-maitriser-un-psychologue-pour-traiter-linsomnie-chronique\/#breadcrumb\",\"itemListElement\":[{\"@type\":\"ListItem\",\"position\":1,\"name\":\"Accueil\",\"item\":\"https:\/\/www.psy.link\/blog\/\"},{\"@type\":\"ListItem\",\"position\":2,\"name\":\"Formation TCC-I : tout ce que doit ma\u00eetriser un psychologue pour traiter l&rsquo;insomnie chronique\"}]},{\"@type\":\"WebSite\",\"@id\":\"https:\/\/www.psy.link\/blog\/#website\",\"url\":\"https:\/\/www.psy.link\/blog\/\",\"name\":\"Blog Psy.link\",\"description\":\"Votre guide pour comprendre la psychologie et cultiver votre sant\u00e9 mentale\",\"publisher\":{\"@id\":\"https:\/\/www.psy.link\/blog\/#organization\"},\"potentialAction\":[{\"@type\":\"SearchAction\",\"target\":{\"@type\":\"EntryPoint\",\"urlTemplate\":\"https:\/\/www.psy.link\/blog\/?s={search_term_string}\"},\"query-input\":{\"@type\":\"PropertyValueSpecification\",\"valueRequired\":true,\"valueName\":\"search_term_string\"}}],\"inLanguage\":\"fr-FR\"},{\"@type\":\"Organization\",\"@id\":\"https:\/\/www.psy.link\/blog\/#organization\",\"name\":\"Psy.link\",\"url\":\"https:\/\/www.psy.link\/blog\/\",\"logo\":{\"@type\":\"ImageObject\",\"inLanguage\":\"fr-FR\",\"@id\":\"https:\/\/www.psy.link\/blog\/#\/schema\/logo\/image\/\",\"url\":\"https:\/\/www.psy.link\/blog\/wp-content\/uploads\/2022\/06\/full_logo.png\",\"contentUrl\":\"https:\/\/www.psy.link\/blog\/wp-content\/uploads\/2022\/06\/full_logo.png\",\"width\":2461,\"height\":1642,\"caption\":\"Psy.link\"},\"image\":{\"@id\":\"https:\/\/www.psy.link\/blog\/#\/schema\/logo\/image\/\"},\"sameAs\":[\"https:\/\/www.facebook.com\/psy.link.therapie\/\",\"https:\/\/x.com\/Psylink_tcc\",\"https:\/\/www.instagram.com\/psy.link_\/\",\"https:\/\/www.linkedin.com\/company\/psy-link-therapie\"]},{\"@type\":\"Person\",\"@id\":\"https:\/\/www.psy.link\/blog\/#\/schema\/person\/829cf5ac020fc673ac66650196bcbe96\",\"name\":\"Auteur invit\u00e9\",\"url\":\"https:\/\/www.psy.link\/blog\/author\/apsylinkgmail-com\/\"}]}<\/script>\n<!-- \/ Yoast SEO plugin. -->","yoast_head_json":{"title":"Formation TCC-I: tout ce que doit ma\u00eetriser un psychologue | Blog Psy.link","description":"\u00c9largissez vos comp\u00e9tences avec la formation TCC-I et offrez un v\u00e9ritable soutien aux patients souffrant d'insomnie chronique.","robots":{"index":"index","follow":"follow","max-snippet":"max-snippet:-1","max-image-preview":"max-image-preview:large","max-video-preview":"max-video-preview:-1"},"canonical":"https:\/\/www.psy.link\/blog\/2026\/04\/16\/formation-tcc-i-tout-ce-que-doit-maitriser-un-psychologue-pour-traiter-linsomnie-chronique\/","og_locale":"fr_FR","og_type":"article","og_title":"Formation TCC-I: tout ce que doit ma\u00eetriser un psychologue | Blog Psy.link","og_description":"\u00c9largissez vos comp\u00e9tences avec la formation TCC-I et offrez un v\u00e9ritable soutien aux patients souffrant d'insomnie chronique.","og_url":"https:\/\/www.psy.link\/blog\/2026\/04\/16\/formation-tcc-i-tout-ce-que-doit-maitriser-un-psychologue-pour-traiter-linsomnie-chronique\/","og_site_name":"Blog Psy.link","article_publisher":"https:\/\/www.facebook.com\/psy.link.therapie\/","article_published_time":"2026-04-16T20:20:47+00:00","article_modified_time":"2026-04-17T05:04:34+00:00","og_image":[{"width":600,"height":400,"url":"https:\/\/www.psy.link\/blog\/wp-content\/uploads\/2026\/04\/6.jpg","type":"image\/jpeg"}],"author":"Auteur invit\u00e9","twitter_card":"summary_large_image","twitter_creator":"@Psylink_tcc","twitter_site":"@Psylink_tcc","twitter_misc":{"\u00c9crit par":"Auteur invit\u00e9","Dur\u00e9e de lecture estim\u00e9e":"15 minutes"},"schema":{"@context":"https:\/\/schema.org","@graph":[{"@type":"Article","@id":"https:\/\/www.psy.link\/blog\/2026\/04\/16\/formation-tcc-i-tout-ce-que-doit-maitriser-un-psychologue-pour-traiter-linsomnie-chronique\/#article","isPartOf":{"@id":"https:\/\/www.psy.link\/blog\/2026\/04\/16\/formation-tcc-i-tout-ce-que-doit-maitriser-un-psychologue-pour-traiter-linsomnie-chronique\/"},"author":{"name":"Auteur invit\u00e9","@id":"https:\/\/www.psy.link\/blog\/#\/schema\/person\/829cf5ac020fc673ac66650196bcbe96"},"headline":"Formation TCC-I : tout ce que doit ma\u00eetriser un psychologue pour traiter l&rsquo;insomnie chronique","datePublished":"2026-04-16T20:20:47+00:00","dateModified":"2026-04-17T05:04:34+00:00","mainEntityOfPage":{"@id":"https:\/\/www.psy.link\/blog\/2026\/04\/16\/formation-tcc-i-tout-ce-que-doit-maitriser-un-psychologue-pour-traiter-linsomnie-chronique\/"},"wordCount":3074,"publisher":{"@id":"https:\/\/www.psy.link\/blog\/#organization"},"image":{"@id":"https:\/\/www.psy.link\/blog\/2026\/04\/16\/formation-tcc-i-tout-ce-que-doit-maitriser-un-psychologue-pour-traiter-linsomnie-chronique\/#primaryimage"},"thumbnailUrl":"https:\/\/www.psy.link\/blog\/wp-content\/uploads\/2026\/04\/6.jpg","articleSection":["Actualit\u00e9s psychologues","Sommeil"],"inLanguage":"fr-FR"},{"@type":"WebPage","@id":"https:\/\/www.psy.link\/blog\/2026\/04\/16\/formation-tcc-i-tout-ce-que-doit-maitriser-un-psychologue-pour-traiter-linsomnie-chronique\/","url":"https:\/\/www.psy.link\/blog\/2026\/04\/16\/formation-tcc-i-tout-ce-que-doit-maitriser-un-psychologue-pour-traiter-linsomnie-chronique\/","name":"Formation TCC-I: tout ce que doit ma\u00eetriser un psychologue | Blog Psy.link","isPartOf":{"@id":"https:\/\/www.psy.link\/blog\/#website"},"primaryImageOfPage":{"@id":"https:\/\/www.psy.link\/blog\/2026\/04\/16\/formation-tcc-i-tout-ce-que-doit-maitriser-un-psychologue-pour-traiter-linsomnie-chronique\/#primaryimage"},"image":{"@id":"https:\/\/www.psy.link\/blog\/2026\/04\/16\/formation-tcc-i-tout-ce-que-doit-maitriser-un-psychologue-pour-traiter-linsomnie-chronique\/#primaryimage"},"thumbnailUrl":"https:\/\/www.psy.link\/blog\/wp-content\/uploads\/2026\/04\/6.jpg","datePublished":"2026-04-16T20:20:47+00:00","dateModified":"2026-04-17T05:04:34+00:00","description":"\u00c9largissez vos comp\u00e9tences avec la formation TCC-I et offrez un v\u00e9ritable soutien aux patients souffrant d'insomnie chronique.","breadcrumb":{"@id":"https:\/\/www.psy.link\/blog\/2026\/04\/16\/formation-tcc-i-tout-ce-que-doit-maitriser-un-psychologue-pour-traiter-linsomnie-chronique\/#breadcrumb"},"inLanguage":"fr-FR","potentialAction":[{"@type":"ReadAction","target":["https:\/\/www.psy.link\/blog\/2026\/04\/16\/formation-tcc-i-tout-ce-que-doit-maitriser-un-psychologue-pour-traiter-linsomnie-chronique\/"]}]},{"@type":"ImageObject","inLanguage":"fr-FR","@id":"https:\/\/www.psy.link\/blog\/2026\/04\/16\/formation-tcc-i-tout-ce-que-doit-maitriser-un-psychologue-pour-traiter-linsomnie-chronique\/#primaryimage","url":"https:\/\/www.psy.link\/blog\/wp-content\/uploads\/2026\/04\/6.jpg","contentUrl":"https:\/\/www.psy.link\/blog\/wp-content\/uploads\/2026\/04\/6.jpg","width":600,"height":400},{"@type":"BreadcrumbList","@id":"https:\/\/www.psy.link\/blog\/2026\/04\/16\/formation-tcc-i-tout-ce-que-doit-maitriser-un-psychologue-pour-traiter-linsomnie-chronique\/#breadcrumb","itemListElement":[{"@type":"ListItem","position":1,"name":"Accueil","item":"https:\/\/www.psy.link\/blog\/"},{"@type":"ListItem","position":2,"name":"Formation TCC-I : tout ce que doit ma\u00eetriser un psychologue pour traiter l&rsquo;insomnie chronique"}]},{"@type":"WebSite","@id":"https:\/\/www.psy.link\/blog\/#website","url":"https:\/\/www.psy.link\/blog\/","name":"Blog Psy.link","description":"Votre guide pour comprendre la psychologie et cultiver votre sant\u00e9 mentale","publisher":{"@id":"https:\/\/www.psy.link\/blog\/#organization"},"potentialAction":[{"@type":"SearchAction","target":{"@type":"EntryPoint","urlTemplate":"https:\/\/www.psy.link\/blog\/?s={search_term_string}"},"query-input":{"@type":"PropertyValueSpecification","valueRequired":true,"valueName":"search_term_string"}}],"inLanguage":"fr-FR"},{"@type":"Organization","@id":"https:\/\/www.psy.link\/blog\/#organization","name":"Psy.link","url":"https:\/\/www.psy.link\/blog\/","logo":{"@type":"ImageObject","inLanguage":"fr-FR","@id":"https:\/\/www.psy.link\/blog\/#\/schema\/logo\/image\/","url":"https:\/\/www.psy.link\/blog\/wp-content\/uploads\/2022\/06\/full_logo.png","contentUrl":"https:\/\/www.psy.link\/blog\/wp-content\/uploads\/2022\/06\/full_logo.png","width":2461,"height":1642,"caption":"Psy.link"},"image":{"@id":"https:\/\/www.psy.link\/blog\/#\/schema\/logo\/image\/"},"sameAs":["https:\/\/www.facebook.com\/psy.link.therapie\/","https:\/\/x.com\/Psylink_tcc","https:\/\/www.instagram.com\/psy.link_\/","https:\/\/www.linkedin.com\/company\/psy-link-therapie"]},{"@type":"Person","@id":"https:\/\/www.psy.link\/blog\/#\/schema\/person\/829cf5ac020fc673ac66650196bcbe96","name":"Auteur invit\u00e9","url":"https:\/\/www.psy.link\/blog\/author\/apsylinkgmail-com\/"}]}},"uagb_featured_image_src":{"full":["https:\/\/www.psy.link\/blog\/wp-content\/uploads\/2026\/04\/6.jpg",600,400,false],"thumbnail":["https:\/\/www.psy.link\/blog\/wp-content\/uploads\/2026\/04\/6-150x150.jpg",150,150,true],"medium":["https:\/\/www.psy.link\/blog\/wp-content\/uploads\/2026\/04\/6-300x200.jpg",300,200,true],"medium_large":["https:\/\/www.psy.link\/blog\/wp-content\/uploads\/2026\/04\/6.jpg",600,400,false],"large":["https:\/\/www.psy.link\/blog\/wp-content\/uploads\/2026\/04\/6.jpg",600,400,false],"1536x1536":["https:\/\/www.psy.link\/blog\/wp-content\/uploads\/2026\/04\/6.jpg",600,400,false],"2048x2048":["https:\/\/www.psy.link\/blog\/wp-content\/uploads\/2026\/04\/6.jpg",600,400,false]},"uagb_author_info":{"display_name":"Auteur invit\u00e9","author_link":"https:\/\/www.psy.link\/blog\/author\/apsylinkgmail-com\/"},"uagb_comment_info":0,"uagb_excerpt":"6 \u00e0 10 % de la population g\u00e9n\u00e9rale souffre d&rsquo;insomnie chronique selon les crit\u00e8res du DSM-5. Derri\u00e8re ce chiffre : des millions de patients qui consultent, qui tentent les somnif\u00e8res, qui s&rsquo;\u00e9puisent \u2014 et des professionnels de sant\u00e9 qui n&rsquo;ont pas toujours les outils pour r\u00e9pondre autrement que par une ordonnance. La Haute Autorit\u00e9 de\u2026","_links":{"self":[{"href":"https:\/\/www.psy.link\/blog\/wp-json\/wp\/v2\/posts\/14677","targetHints":{"allow":["GET"]}}],"collection":[{"href":"https:\/\/www.psy.link\/blog\/wp-json\/wp\/v2\/posts"}],"about":[{"href":"https:\/\/www.psy.link\/blog\/wp-json\/wp\/v2\/types\/post"}],"author":[{"embeddable":true,"href":"https:\/\/www.psy.link\/blog\/wp-json\/wp\/v2\/users\/29"}],"replies":[{"embeddable":true,"href":"https:\/\/www.psy.link\/blog\/wp-json\/wp\/v2\/comments?post=14677"}],"version-history":[{"count":8,"href":"https:\/\/www.psy.link\/blog\/wp-json\/wp\/v2\/posts\/14677\/revisions"}],"predecessor-version":[{"id":14694,"href":"https:\/\/www.psy.link\/blog\/wp-json\/wp\/v2\/posts\/14677\/revisions\/14694"}],"wp:featuredmedia":[{"embeddable":true,"href":"https:\/\/www.psy.link\/blog\/wp-json\/wp\/v2\/media\/14688"}],"wp:attachment":[{"href":"https:\/\/www.psy.link\/blog\/wp-json\/wp\/v2\/media?parent=14677"}],"wp:term":[{"taxonomy":"category","embeddable":true,"href":"https:\/\/www.psy.link\/blog\/wp-json\/wp\/v2\/categories?post=14677"},{"taxonomy":"post_tag","embeddable":true,"href":"https:\/\/www.psy.link\/blog\/wp-json\/wp\/v2\/tags?post=14677"}],"curies":[{"name":"wp","href":"https:\/\/api.w.org\/{rel}","templated":true}]}}