{"id":14741,"date":"2026-04-30T16:34:57","date_gmt":"2026-04-30T14:34:57","guid":{"rendered":"https:\/\/www.psy.link\/blog\/?p=14741"},"modified":"2026-04-30T16:42:44","modified_gmt":"2026-04-30T14:42:44","slug":"edna-foa-et-lexposition-prolongee-lhistoire-dune-revolution-dans-le-traitement-du-trauma","status":"publish","type":"post","link":"https:\/\/www.psy.link\/blog\/2026\/04\/30\/edna-foa-et-lexposition-prolongee-lhistoire-dune-revolution-dans-le-traitement-du-trauma\/","title":{"rendered":"Edna Foa et l&rsquo;Exposition Prolong\u00e9e\u00a0: l&rsquo;histoire d&rsquo;une r\u00e9volution dans le traitement du trauma"},"content":{"rendered":"\n<p>Edna Foa et l&rsquo;Exposition Prolong\u00e9e : portrait d&rsquo;une pionni\u00e8re du trauma | Psylink Formations<\/p>\n\n\n\n<p>Retour sur le parcours d&rsquo;une chercheuse hors du commun, dont le travail continue de transformer des milliers de vies.<\/p>\n\n\n\n<p>Psylink Formations\u00b7Lecture : 7 min\u00b7Formation \u00b7 ESPT \u00b7 EP<\/p>\n\n\n\n<div class=\"wp-block-group has-ast-global-color-6-background-color has-background is-nowrap is-layout-flex wp-container-core-group-is-layout-f911a71c wp-block-group-is-layout-flex\" style=\"border-style:none;border-width:0px;border-radius:10px;padding-top:var(--wp--preset--spacing--20);padding-right:var(--wp--preset--spacing--30);padding-bottom:var(--wp--preset--spacing--20);padding-left:var(--wp--preset--spacing--30)\">\n<p class=\"has-x-large-font-size\">\ud83d\udd4a\ufe0f<\/p>\n\n\n\n<p class=\"has-ast-global-color-5-color has-ast-global-color-6-background-color has-text-color has-background has-link-color wp-elements-98799a6bc38fa43e5b732deb9907ecd2\"><strong>Hommage.<\/strong> Edna Foa nous a quitt\u00e9s le <strong>24 mars 2026<\/strong> \u00e0 l&rsquo;\u00e2ge de 88 ans. Cet article est d\u00e9di\u00e9 \u00e0 son \u0153uvre et \u00e0 l&rsquo;impact durable de sa contribution \u00e0 la psychologie clinique.<\/p>\n<\/div>\n\n\n\n<p>Il existe des figures dans l&rsquo;histoire de la psychologie clinique dont le nom finit par devenir synonyme d&rsquo;une approche enti\u00e8re. Edna Foa est de celles-l\u00e0. Difficile de prononcer les mots <strong>\u00ab exposition prolong\u00e9e \u00bb<\/strong> sans que son nom surgisse imm\u00e9diatement, comme une \u00e9vidence.<\/p>\n\n\n\n<p>Raconter Edna Foa, c&rsquo;est raconter \u00e0 la fois une chercheuse et une b\u00e2tisseuse. C&rsquo;est aussi rappeler aux cliniciens d&rsquo;aujourd&rsquo;hui que derri\u00e8re chaque protocole valid\u00e9 se trouve une histoire humaine, faite de doutes, d&rsquo;intuitions, de travail acharn\u00e9 et d&rsquo;un courage intellectuel rare.<\/p>\n\n\n\n<h2 class=\"wp-block-heading\">De Tel Aviv \u00e0 Philadelphie : le parcours d&rsquo;une pionni\u00e8re<\/h2>\n\n\n\n<p>Edna B. Foa \u00b7 1937 \u2014 2026<\/p>\n\n\n\n<p>N\u00e9e \u00e0 Ha\u00effa, Isra\u00ebl, Edna Foa a construit une carri\u00e8re de plus de cinquante ans au carrefour de la recherche fondamentale et de la clinique du trauma. Professeure \u00e0 l&rsquo;Universit\u00e9 de Pennsylvanie, elle a fond\u00e9 le <em>Center for the Treatment and Study of Anxiety<\/em> (CTSA) \u00e0 Philadelphie, o\u00f9 elle a dirig\u00e9 des centaines d&rsquo;essais cliniques et form\u00e9 des g\u00e9n\u00e9rations de th\u00e9rapeutes.<\/p>\n\n\n\n<p>Elle obtient son doctorat en 1970 \u00e0 l&rsquo;Universit\u00e9 du Missouri, sp\u00e9cialis\u00e9e en psychologie clinique et en personnalit\u00e9. Son arriv\u00e9e dans le monde acad\u00e9mique am\u00e9ricain co\u00efncide avec l&rsquo;essor de la th\u00e9rapie comportementale, des th\u00e9ories de l&rsquo;apprentissage, et des premiers mod\u00e8les cognitifs de l&rsquo;anxi\u00e9t\u00e9. Elle n&rsquo;en sera pas seulement le t\u00e9moin \u2014 elle en deviendra l&rsquo;une des architectes.<\/p>\n\n\n\n<script src=\"https:\/\/api.teachizy.fr\/embeds\/embed.js\" async=\"async\"><\/script><a href=\"https:\/\/psylinkformations.teachizy.fr\/formations\/techniques-dexposition-longue-pour-le-ptsd\" data-teachizy=\"CARD\" data-teachizy-params='{\"style\":{\"width\":\"\",\"height\":\"\"}}'>Exposition Prolong\u00e9e : Ma\u00eetriser le protocole de r\u00e9f\u00e9rence du TSPT (mod\u00e8le Foa)<\/a>\n\n\n\n<h2 class=\"wp-block-heading\">La naissance de l&rsquo;Exposition Prolong\u00e9e<\/h2>\n\n\n\n<p>\u00c0 la fin des ann\u00e9es 1980, le traitement de l&rsquo;ESPT est encore un territoire mal balis\u00e9. Le terme vient d&rsquo;\u00eatre officiellement introduit dans le DSM-III (1980). Les approches disponibles sont h\u00e9t\u00e9roclites, peu standardis\u00e9es, et les donn\u00e9es empiriques restent maigres.<\/p>\n\n\n\n<p>Foa per\u00e7oit quelque chose que beaucoup n&rsquo;osent pas formuler : les victimes de trauma <strong>\u00e9vitent<\/strong> \u2014 et cet \u00e9vitement entretient leur souffrance. Elle va donner \u00e0 cette intuition une profondeur th\u00e9orique in\u00e9dite.<\/p>\n\n\n\n<div class=\"wp-block-group has-ast-global-color-5-color has-ast-global-color-6-background-color has-text-color has-background has-link-color wp-elements-fcb81b8266b8a4f3b3fec053c7a0c99b is-vertical is-layout-flex wp-container-core-group-is-layout-79d58207 wp-block-group-is-layout-flex\" style=\"border-radius:10px;padding-top:var(--wp--preset--spacing--30);padding-right:var(--wp--preset--spacing--30);padding-bottom:var(--wp--preset--spacing--30);padding-left:var(--wp--preset--spacing--30)\">\n<h3 class=\"wp-block-heading has-text-align-center has-ast-global-color-1-color has-text-color has-link-color wp-elements-ea1ed404ee010e2e138897e7e641d3be\">\ud83e\udde0 La th\u00e9orie du traitement \u00e9motionnel (1986)<\/h3>\n\n\n\n<p class=\"has-ast-global-color-5-color has-ast-global-color-6-background-color has-text-color has-background has-link-color wp-elements-890e66bfdec03eef451f290c12c17620\">En collaboration avec Michael Kozak, Foa d\u00e9veloppe un mod\u00e8le r\u00e9volutionnaire : les <strong>structures de peur en m\u00e9moire<\/strong> \u2014 activ\u00e9es lors d&rsquo;une situation traumatique \u2014 ne se corrigent pas d&rsquo;elles-m\u00eames. Elles n\u00e9cessitent d&rsquo;\u00eatre activ\u00e9es <strong>d\u00e9lib\u00e9r\u00e9ment, dans un contexte s\u00e9curis\u00e9<\/strong>, pour permettre l&rsquo;int\u00e9gration d&rsquo;informations incompatibles avec la menace. Ce mod\u00e8le articule comportement et cognition bien avant que la fusion TCC ne devienne \u00e9vidente \u00e0 tous.<\/p>\n<\/div>\n\n\n\n<h2 class=\"wp-block-heading\">Le protocole EP : ce que le clinicien doit savoir<\/h2>\n\n\n\n<p><img decoding=\"async\" src=\"https:\/\/images.unsplash.com\/photo-1573497491208-6b1acb260507?w=1200&amp;q=80\" alt=\"S\u00e9ance de psychoth\u00e9rapie centr\u00e9e sur le trauma\"><\/p>\n\n\n\n<blockquote class=\"wp-block-quote has-text-align-center has-ast-global-color-6-color has-ast-global-color-4-background-color has-text-color has-background has-link-color wp-elements-4242164c36e9ba19e0b3cfc84c5e8b8c is-layout-flow wp-block-quote-is-layout-flow\" style=\"border-radius:10px;margin-top:var(--wp--preset--spacing--40);margin-right:var(--wp--preset--spacing--40);margin-bottom:var(--wp--preset--spacing--40);margin-left:var(--wp--preset--spacing--40);padding-top:var(--wp--preset--spacing--60);padding-right:var(--wp--preset--spacing--60);padding-bottom:var(--wp--preset--spacing--60);padding-left:var(--wp--preset--spacing--60)\">\n<p><em>Je peux survivre \u00e0 ce souvenir. Il ne me d\u00e9truira pas.<\/em><\/p>\n<\/blockquote>\n\n\n\n<p>L&rsquo;EP se d\u00e9ploie sur 8 \u00e0 15 s\u00e9ances individuelles de 90 minutes<\/p>\n\n\n\n<p>L&rsquo;Exposition Prolong\u00e9e structure l&rsquo;intervention autour de <strong>quatre composantes<\/strong> compl\u00e9mentaires :<\/p>\n\n\n\n<h4 class=\"wp-block-heading\">1. Psycho\u00e9ducation<\/h4>\n\n\n\n<p>Le patient comprend pourquoi l&rsquo;\u00e9vitement aggrave ses sympt\u00f4mes et comment l&rsquo;exposition permet une extinction progressive de la r\u00e9ponse de peur.<\/p>\n\n\n\n<h4 class=\"wp-block-heading\">2. Respiration contr\u00f4l\u00e9e<\/h4>\n\n\n\n<p>Une technique simple de r\u00e9gulation physiologique, utilis\u00e9e comme ancrage entre les s\u00e9ances d&rsquo;exposition.<\/p>\n\n\n\n<h4 class=\"wp-block-heading\">3. Exposition in vivo<\/h4>\n\n\n\n<p>Le patient affronte progressivement les situations \u00e9vit\u00e9es depuis le trauma, guid\u00e9 par une hi\u00e9rarchie construite avec le th\u00e9rapeute.<\/p>\n\n\n\n<h4 class=\"wp-block-heading\">4. Exposition imaginale<\/h4>\n\n\n\n<p>Le patient revisite le souvenir traumatique \u00e0 voix haute, de mani\u00e8re r\u00e9p\u00e9t\u00e9e. L&rsquo;enregistrement est r\u00e9\u00e9cout\u00e9 quotidiennement entre les s\u00e9ances.<\/p>\n\n\n\n<p>Ce qui distingue l&rsquo;EP d&rsquo;autres approches, c&rsquo;est pr\u00e9cis\u00e9ment cette <strong>dur\u00e9e et cette r\u00e9p\u00e9tition<\/strong> : l&rsquo;exposition ne s&rsquo;arr\u00eate pas \u00e0 l&rsquo;habituation imm\u00e9diate \u2014 elle se prolonge jusqu&rsquo;\u00e0 ce que la d\u00e9tresse diminue significativement.<\/p>\n\n\n\n<h2 class=\"wp-block-heading\">Une evidence-base solide : ce que disent les donn\u00e9es<\/h2>\n\n\n\n<div class=\"wp-block-uagb-image uagb-block-241b5fa3 wp-block-uagb-image--layout-default wp-block-uagb-image--effect-static wp-block-uagb-image--align-none\"><figure class=\"wp-block-uagb-image__figure\"><img decoding=\"async\" srcset=\"https:\/\/www.psy.link\/blog\/wp-content\/uploads\/2026\/04\/Capture-decran-2026-04-30-a-16.05.57-1-1024x679.png ,https:\/\/www.psy.link\/blog\/wp-content\/uploads\/2026\/04\/Capture-decran-2026-04-30-a-16.05.57-1.png 780w, https:\/\/www.psy.link\/blog\/wp-content\/uploads\/2026\/04\/Capture-decran-2026-04-30-a-16.05.57-1.png 360w\" sizes=\"auto, (max-width: 480px) 150px\" src=\"https:\/\/www.psy.link\/blog\/wp-content\/uploads\/2026\/04\/Capture-decran-2026-04-30-a-16.05.57-1-1024x679.png\" alt=\"\" class=\"uag-image-14746\" width=\"1150\" height=\"762\" title=\"Capture d\u2019\u00e9cran 2026-04-30 \u00e0 16.05.57\" loading=\"lazy\" role=\"img\"\/><\/figure><\/div>\n\n\n\n<ul class=\"wp-block-list\">\n<li>L&rsquo;<strong>APA<\/strong>, l&rsquo;<strong>ISTSS<\/strong> et l&rsquo;<strong>OMS<\/strong> classent l&rsquo;EP parmi les traitements de premi\u00e8re ligne pour l&rsquo;ESPT.<\/li>\n\n\n\n<li>Le programme <strong>VA\/DoD<\/strong> (Anciens Combattants am\u00e9ricains) a form\u00e9 des milliers de th\u00e9rapeutes \u00e0 l&rsquo;EP \u00e0 grande \u00e9chelle.<\/li>\n\n\n\n<li>Foa a co-d\u00e9velopp\u00e9 la <strong>PTSD Symptom Scale (PSS)<\/strong> et le <strong>PSSI<\/strong>, outils de mesure encore utilis\u00e9s en recherche clinique internationale.<\/li>\n<\/ul>\n\n\n\n<h2 class=\"wp-block-heading\">Une \u0153uvre qui d\u00e9passe le protocole<\/h2>\n\n\n\n<p>Edna Foa a co-\u00e9crit avec Barbara Rothbaum le manuel clinique de r\u00e9f\u00e9rence \u2014 <em>Treating the Trauma of Rape<\/em> (1998) \u2014 traduit et adapt\u00e9 dans de nombreuses langues, qui reste \u00e0 ce jour l&rsquo;outil de formation de base pour les cliniciens souhaitant pratiquer l&rsquo;EP.<\/p>\n\n\n\n<p>Son engagement ne s&rsquo;est pas limit\u00e9 \u00e0 la recherche. Foa a milit\u00e9 pour que le trauma soit pris au s\u00e9rieux \u2014 scientifiquement, politiquement, socialement. Elle a t\u00e9moign\u00e9 devant le <strong>Congr\u00e8s am\u00e9ricain<\/strong>, contribu\u00e9 \u00e0 des politiques de sant\u00e9 publique, et d\u00e9fendu l&rsquo;acc\u00e8s aux traitements fond\u00e9s sur les preuves pour toutes les populations.<\/p>\n\n\n\n<p>Elle a re\u00e7u le <strong>Distinguished Scientific Contributions to Clinical Psychology Award<\/strong> de l&rsquo;APA \u2014 l&rsquo;une des distinctions les plus prestigieuses de la discipline. Mais son v\u00e9ritable h\u00e9ritage se mesure autrement : dans les milliers de patients qui ont pu, gr\u00e2ce \u00e0 son protocole, se r\u00e9concilier avec leur propre m\u00e9moire.<\/p>\n\n\n\n<h3 class=\"wp-block-heading\">Ce que l&rsquo;EP nous dit sur notre m\u00e9tier<\/h3>\n\n\n\n<p>Il y a quelque chose de profond\u00e9ment clinique dans la trajectoire d&rsquo;Edna Foa. Elle a choisi de regarder en face ce que beaucoup pr\u00e9f\u00e9raient contourner : la n\u00e9cessit\u00e9 d&rsquo;entrer dans la douleur pour en sortir. L&rsquo;Exposition Prolong\u00e9e ne promet pas de confort imm\u00e9diat \u2014 elle promet un chemin.<\/p>\n\n\n\n<p>Sa disparition, le 24 mars 2026, laisse un vide dans la communaut\u00e9 scientifique mondiale. Mais elle laisse aussi quelque chose de bien plus durable : un protocole robuste, une th\u00e9orie du changement clairement articul\u00e9e, et une fa\u00e7on d&rsquo;appr\u00e9hender la souffrance traumatique qui continuera de guider des g\u00e9n\u00e9rations de cliniciens.<\/p>\n\n\n\n<p>Se former \u00e0 l&rsquo;EP aujourd&rsquo;hui, c&rsquo;est s&rsquo;inscrire dans cette tradition. C&rsquo;est, aussi, la plus belle fa\u00e7on d&rsquo;honorer son travail.<\/p>\n\n\n\n<p><strong>Psylink Formations<\/strong> propose des formations en th\u00e9rapies cognitivo-comportementales bas\u00e9es sur les preuves, incluant les approches centr\u00e9es sur le trauma. <a href=\"https:\/\/formations.psy.link\/\">D\u00e9couvrir nos formations \u2192<\/a><\/p>\n\n\n\n<h2 class=\"wp-block-heading\">Questions fr\u00e9quentes sur l&rsquo;Exposition Prolong\u00e9e<\/h2>\n\n\n\n<div class=\"wp-block-group has-border-color has-ast-global-color-6-border-color is-vertical is-layout-flex wp-container-core-group-is-layout-e5d5efbd wp-block-group-is-layout-flex\" style=\"border-width:1px;border-radius:10px;margin-top:var(--wp--preset--spacing--30);margin-bottom:var(--wp--preset--spacing--30);padding-top:var(--wp--preset--spacing--30);padding-right:var(--wp--preset--spacing--30);padding-bottom:var(--wp--preset--spacing--30);padding-left:var(--wp--preset--spacing--30)\">\n<p class=\"has-ast-global-color-6-color has-ast-global-color-4-background-color has-text-color has-background has-link-color wp-elements-dd50fdaf83044ce4f3d05a52a24ed05e\" style=\"border-radius:10px\"><strong>Qu&rsquo;est-ce que l&rsquo;Exposition Prolong\u00e9e (EP) ?<\/strong><\/p>\n\n\n\n<p>L&rsquo;Exposition Prolong\u00e9e est un protocole de th\u00e9rapie cognitivo-comportementale (TCC) d\u00e9velopp\u00e9 par Edna Foa pour traiter l&rsquo;\u00e9tat de stress post-traumatique (ESPT). Il repose sur quatre composantes : psycho\u00e9ducation, respiration contr\u00f4l\u00e9e, exposition in vivo et exposition imaginale, d\u00e9ploy\u00e9es sur 8 \u00e0 15 s\u00e9ances de 90 minutes.<\/p>\n<\/div>\n\n\n\n<div class=\"wp-block-group has-border-color has-ast-global-color-6-border-color is-vertical is-layout-flex wp-container-core-group-is-layout-e5d5efbd wp-block-group-is-layout-flex\" style=\"border-width:1px;border-radius:10px;margin-top:var(--wp--preset--spacing--30);margin-bottom:var(--wp--preset--spacing--30);padding-top:var(--wp--preset--spacing--30);padding-right:var(--wp--preset--spacing--30);padding-bottom:var(--wp--preset--spacing--30);padding-left:var(--wp--preset--spacing--30)\">\n<p class=\"has-ast-global-color-6-color has-ast-global-color-4-background-color has-text-color has-background has-link-color wp-elements-b0a1301c24f1f473e812d5ca27f82913\" style=\"border-radius:10px\"><strong>L&rsquo;Exposition Prolong\u00e9e est-elle efficace pour traiter l&rsquo;ESPT ?<\/strong><\/p>\n\n\n\n<p>Oui. L&rsquo;EP est class\u00e9e traitement de premi\u00e8re ligne pour l&rsquo;ESPT par l&rsquo;APA, l&rsquo;ISTSS et l&rsquo;OMS. La m\u00e9ta-analyse de Powers et al. (2010) montre une taille d&rsquo;effet de d \u2248 1,08 compar\u00e9e aux groupes contr\u00f4le, ce qui en fait l&rsquo;une des th\u00e9rapies les mieux document\u00e9es dans le champ du trauma.<\/p>\n<\/div>\n\n\n\n<div class=\"wp-block-group has-border-color has-ast-global-color-6-border-color is-vertical is-layout-flex wp-container-core-group-is-layout-e5d5efbd wp-block-group-is-layout-flex\" style=\"border-width:1px;border-radius:10px;margin-top:var(--wp--preset--spacing--30);margin-bottom:var(--wp--preset--spacing--30);padding-top:var(--wp--preset--spacing--30);padding-right:var(--wp--preset--spacing--30);padding-bottom:var(--wp--preset--spacing--30);padding-left:var(--wp--preset--spacing--30)\">\n<p class=\"has-ast-global-color-6-color has-ast-global-color-4-background-color has-text-color has-background has-link-color wp-elements-0b3f1aaeb6f0c9a0cb0c5a72012346c8\" style=\"border-radius:10px\"><strong>Quelle est la diff\u00e9rence entre exposition in vivo et exposition imaginale ?<\/strong><\/p>\n\n\n\n<p>L&rsquo;exposition in vivo consiste \u00e0 affronter progressivement des situations r\u00e9elles \u00e9vit\u00e9es depuis le trauma. L&rsquo;exposition imaginale, elle, consiste \u00e0 revisiter le souvenir traumatique en le narrant \u00e0 voix haute en s\u00e9ance, puis en r\u00e9\u00e9coutant l&rsquo;enregistrement quotidiennement entre les s\u00e9ances.<\/p>\n<\/div>\n\n\n\n<div class=\"wp-block-group has-border-color has-ast-global-color-6-border-color is-vertical is-layout-flex wp-container-core-group-is-layout-274f5b33 wp-block-group-is-layout-flex\" style=\"border-width:1px;border-radius:10px;padding-top:var(--wp--preset--spacing--30);padding-right:var(--wp--preset--spacing--30);padding-bottom:var(--wp--preset--spacing--30);padding-left:var(--wp--preset--spacing--30)\">\n<p class=\"has-ast-global-color-6-color has-ast-global-color-4-background-color has-text-color has-background has-link-color wp-elements-5b51973f7fe5e102a2fdc6dc973e3f2b\" style=\"border-radius:10px\"><strong>Comment se former \u00e0 l&rsquo;Exposition Prolong\u00e9e en tant que psychologue ?<\/strong><\/p>\n\n\n\n<p>La formation \u00e0 l&rsquo;EP inclut la ma\u00eetrise du mod\u00e8le th\u00e9orique (th\u00e9orie du traitement \u00e9motionnel), la pratique supervis\u00e9e du protocole, et l&rsquo;apprentissage de la gestion des r\u00e9actions \u00e9motionnelles intenses en s\u00e9ance. Psylink Formations propose des formations TCC incluant les approches centr\u00e9es sur le trauma.<\/p>\n<\/div>\n\n\n\n<script src=\"https:\/\/api.teachizy.fr\/embeds\/embed.js\" async=\"async\"><\/script><a href=\"https:\/\/psylinkformations.teachizy.fr\/formations\/techniques-dexposition-longue-pour-le-ptsd\" data-teachizy=\"CARD\" data-teachizy-params='{\"style\":{\"width\":\"\",\"height\":\"\"}}'>Exposition Prolong\u00e9e : Ma\u00eetriser le protocole de r\u00e9f\u00e9rence du TSPT (mod\u00e8le Foa)<\/a>\n\n\n\n<h2 class=\"wp-block-heading\">\ud83d\udcda R\u00e9f\u00e9rences bibliographiques<\/h2>\n\n\n\n<ol class=\"wp-block-list\">\n<li><strong>Foa, E. B., &amp; Kozak, M. J.<\/strong> (1986). Emotional processing of fear: Exposure to corrective information. <em>Psychological Bulletin, 99<\/em>(1), 20\u201335.<br><a href=\"https:\/\/doi.org\/10.1037\/0033-2909.99.1.20\" target=\"_blank\" rel=\"noreferrer noopener\">\u2192 doi:10.1037\/0033-2909.99.1.20<\/a><\/li>\n\n\n\n<li><strong>Foa, E. B., &amp; Rothbaum, B. O.<\/strong> (1998). <em>Treating the trauma of rape: Cognitive-behavioral therapy for PTSD.<\/em> Guilford Press.<\/li>\n\n\n\n<li><strong>Foa, E. B., Hembree, E. A., &amp; Rothbaum, B. O.<\/strong> (2007). <em>Prolonged exposure therapy for PTSD: Emotional processing of traumatic experiences \u2014 Therapist guide.<\/em> Oxford University Press.<\/li>\n\n\n\n<li><strong>Foa, E. B., Hembree, E. A., Cahill, S. P., Rauch, S. A. M., Riggs, D. S., Feeny, N. C., &amp; Yadin, E.<\/strong> (2005). Randomized trial of prolonged exposure for posttraumatic stress disorder with and without cognitive restructuring: Outcome at academic and community clinics. <em>Journal of Consulting and Clinical Psychology, 73<\/em>(5), 953\u2013964.<br><a href=\"https:\/\/doi.org\/10.1037\/0022-006X.73.5.953\" target=\"_blank\" rel=\"noreferrer noopener\">\u2192 doi:10.1037\/0022-006X.73.5.953<\/a><\/li>\n\n\n\n<li><strong>Powers, M. B., Halpern, J. M., Ferenschak, M. P., Gillihan, S. J., &amp; Foa, E. B.<\/strong> (2010). A meta-analytic review of prolonged exposure for posttraumatic stress disorder. <em>Clinical Psychology Review, 30<\/em>(6), 635\u2013641.<br><a href=\"https:\/\/doi.org\/10.1016\/j.cpr.2010.04.007\" target=\"_blank\" rel=\"noreferrer noopener\">\u2192 doi:10.1016\/j.cpr.2010.04.007<\/a><\/li>\n\n\n\n<li><strong>Foa, E. B., Riggs, D. S., Dancu, C. V., &amp; Rothbaum, B. O.<\/strong> (1993). Reliability and validity of a brief instrument for assessing post-traumatic stress disorder. <em>Journal of Traumatic Stress, 6<\/em>(4), 459\u2013473.<br><a href=\"https:\/\/doi.org\/10.1002\/jts.2490060405\" target=\"_blank\" rel=\"noreferrer noopener\">\u2192 doi:10.1002\/jts.2490060405<\/a><\/li>\n\n\n\n<li><strong>American Psychological Association.<\/strong> (2017). <em>Clinical Practice Guideline for the Treatment of Posttraumatic Stress Disorder (PTSD) in Adults.<\/em> APA.<br><a href=\"https:\/\/www.apa.org\/ptsd-guideline\" target=\"_blank\" rel=\"noreferrer noopener\">\u2192 apa.org\/ptsd-guideline<\/a><\/li>\n\n\n\n<li><strong>International Society for Traumatic Stress Studies (ISTSS).<\/strong> (2018). <em>Posttraumatic Stress Disorder Prevention and Treatment Guidelines: Methodology and Recommendations.<\/em> ISTSS.<br><a href=\"https:\/\/istss.org\/treating-trauma\/new-istss-prevention-and-treatment-guidelines\" target=\"_blank\" rel=\"noreferrer noopener\">\u2192 istss.org<\/a><\/li>\n\n\n\n<li><strong>World Health Organization.<\/strong> (2013). <em>Guidelines for the Management of Conditions Specifically Related to Stress.<\/em> WHO Press.<br><a href=\"https:\/\/www.who.int\/publications\/i\/item\/9789241505406\" target=\"_blank\" rel=\"noreferrer noopener\">\u2192 who.int<\/a><\/li>\n\n\n\n<li><strong>Rauch, S. A. M., &amp; Foa, E. B.<\/strong> (2006). Emotional processing theory (EPT) and exposure therapy for PTSD. <em>Journal of Contemporary Psychotherapy, 36<\/em>(2), 61\u201365.<br><a href=\"https:\/\/doi.org\/10.1007\/s10879-006-9008-y\" target=\"_blank\" rel=\"noreferrer noopener\">\u2192 doi:10.1007\/s10879-006-9008-y<\/a><\/li>\n<\/ol>\n\n\n\n<div class=\"wp-block-uagb-separator uagb-block-f9716c63\"><div class=\"uagb-separator-spacing-wrapper\"><div class=\"wp-block-uagb-separator__inner\" style=\"--my-background-image:\"><\/div><\/div><\/div>\n\n\n\n\t\t\t<div class=\"wp-block-uagb-post-masonry uagb-post-grid  uagb-post__image-position-top uagb-post__image-enabled uagb-block-de6086c9     uagb-post__items uagb-post__columns-3 is-masonry uagb-post__columns-tablet-2 uagb-post__columns-mobile-1\" data-total=\"20\" style=\"\">\n\n\t\t\t\t\t\t\t\t\t\t\t\t<article class=\"uagb-post__inner-wrap\">\t\t\t\t\t\t\t\t<div class='uagb-post__image'>\n\t\t\t\t\t\t\t\t\t<a href=\"https:\/\/www.psy.link\/blog\/2026\/04\/30\/edna-foa-et-lexposition-prolongee-lhistoire-dune-revolution-dans-le-traitement-du-trauma\/\" target=\"_self\" rel=\"bookmark noopener noreferrer\"><img decoding=\"async\" width=\"600\" height=\"400\" src=\"https:\/\/www.psy.link\/blog\/wp-content\/uploads\/2026\/04\/Design-sans-titre-3.jpg\" class=\"attachment-large size-large\" alt=\"\" srcset=\"https:\/\/www.psy.link\/blog\/wp-content\/uploads\/2026\/04\/Design-sans-titre-3.jpg 600w, https:\/\/www.psy.link\/blog\/wp-content\/uploads\/2026\/04\/Design-sans-titre-3-300x200.jpg 300w\" sizes=\"(max-width: 600px) 100vw, 600px\" \/>\t\t\t\t\t<\/a>\n\t\t\t\t\t\t\t\t\t<\/div>\n\t\t\t\t\t\t<h4 class=\"uagb-post__title uagb-post__text\">\n\t\t\t\t<a href=\"https:\/\/www.psy.link\/blog\/2026\/04\/30\/edna-foa-et-lexposition-prolongee-lhistoire-dune-revolution-dans-le-traitement-du-trauma\/\" target=\"_self\" rel=\"bookmark noopener noreferrer\">Edna Foa et l&rsquo;Exposition Prolong\u00e9e\u00a0: l&rsquo;histoire d&rsquo;une r\u00e9volution dans le traitement du trauma<\/a>\n\t\t\t<\/h4>\n\t\t\t\t\t\t<div class='uagb-post__text uagb-post-grid-byline'>\n\t\t\t\t\t\t\t\t<time datetime=\"2026-04-30T16:34:57+02:00\" class=\"uagb-post__date\">\n\t\t\t\t<span class=\"dashicons-calendar dashicons\"><\/span>\t\t\t\t\t30 avril 2026\t\t\t\t<\/time>\n\t\t\t\t\t\t\t<span class=\"uagb-post__comment\">\n\t\t\t\t<span class=\"dashicons-admin-comments dashicons\"><\/span>\t\t\t\t\tAucun commentaire\t\t\t\t<\/span>\n\t\t\t\t\t\t<\/div>\n\t\t\t\t\t\t\t<div class='uagb-post__text uagb-post__excerpt'>\n\t\t\t\t\t<p>Edna Foa et l&rsquo;Exposition Prolong\u00e9e : portrait d&rsquo;une pionni\u00e8re du trauma | Psylink Formations Retour&#8230;\t\t\t\t<\/div>\n\t\t\t\t\t\t<div class=\"uagb-post__text uagb-post__cta wp-block-button\">\n\t\t\t\t<a class=\"wp-block-button__link uagb-text-link\" style=\"\" href=\"https:\/\/www.psy.link\/blog\/2026\/04\/30\/edna-foa-et-lexposition-prolongee-lhistoire-dune-revolution-dans-le-traitement-du-trauma\/\" target=\"_self\" rel=\"bookmark noopener noreferrer\">Lire la suite<\/a>\n\t\t\t<\/div>\n\t\t\t\n\t\t\t\t\t\t\t\t\t<\/article>\n\t\t\t\t\t\t\t\t\t\t\t\t\t\t\t\t<article class=\"uagb-post__inner-wrap\">\t\t\t\t\t\t\t\t<div class='uagb-post__image'>\n\t\t\t\t\t\t\t\t\t<a href=\"https:\/\/www.psy.link\/blog\/2026\/04\/22\/structurer-seance-focused-act-breve-guide-pratique\/\" target=\"_self\" rel=\"bookmark noopener noreferrer\"><img decoding=\"async\" width=\"960\" height=\"540\" src=\"https:\/\/www.psy.link\/blog\/wp-content\/uploads\/2023\/11\/jhjk-3.jpg\" class=\"attachment-large size-large\" alt=\"\" srcset=\"https:\/\/www.psy.link\/blog\/wp-content\/uploads\/2023\/11\/jhjk-3.jpg 960w, https:\/\/www.psy.link\/blog\/wp-content\/uploads\/2023\/11\/jhjk-3-300x169.jpg 300w, https:\/\/www.psy.link\/blog\/wp-content\/uploads\/2023\/11\/jhjk-3-768x432.jpg 768w\" sizes=\"(max-width: 960px) 100vw, 960px\" \/>\t\t\t\t\t<\/a>\n\t\t\t\t\t\t\t\t\t<\/div>\n\t\t\t\t\t\t<h4 class=\"uagb-post__title uagb-post__text\">\n\t\t\t\t<a href=\"https:\/\/www.psy.link\/blog\/2026\/04\/22\/structurer-seance-focused-act-breve-guide-pratique\/\" target=\"_self\" rel=\"bookmark noopener noreferrer\">Comment mener un entretien Focused ACT pas \u00e0 pas : guide pour les cliniciens<\/a>\n\t\t\t<\/h4>\n\t\t\t\t\t\t<div class='uagb-post__text uagb-post-grid-byline'>\n\t\t\t\t\t\t\t\t<time datetime=\"2026-04-22T13:47:07+02:00\" class=\"uagb-post__date\">\n\t\t\t\t<span class=\"dashicons-calendar dashicons\"><\/span>\t\t\t\t\t22 avril 2026\t\t\t\t<\/time>\n\t\t\t\t\t\t\t<span class=\"uagb-post__comment\">\n\t\t\t\t<span class=\"dashicons-admin-comments dashicons\"><\/span>\t\t\t\t\tAucun commentaire\t\t\t\t<\/span>\n\t\t\t\t\t\t<\/div>\n\t\t\t\t\t\t\t<div class='uagb-post__text uagb-post__excerpt'>\n\t\t\t\t\t<p>Aider un patient \u00e0 avancer en une seule s\u00e9ance \u2014 mythe ou r\u00e9alit\u00e9 clinique&nbsp;? Par&#8230;\t\t\t\t<\/div>\n\t\t\t\t\t\t<div class=\"uagb-post__text uagb-post__cta wp-block-button\">\n\t\t\t\t<a class=\"wp-block-button__link uagb-text-link\" style=\"\" href=\"https:\/\/www.psy.link\/blog\/2026\/04\/22\/structurer-seance-focused-act-breve-guide-pratique\/\" target=\"_self\" rel=\"bookmark noopener noreferrer\">Lire la suite<\/a>\n\t\t\t<\/div>\n\t\t\t\n\t\t\t\t\t\t\t\t\t<\/article>\n\t\t\t\t\t\t\t\t\t\t\t\t\t\t\t\t<article class=\"uagb-post__inner-wrap\">\t\t\t\t\t\t\t\t<div class='uagb-post__image'>\n\t\t\t\t\t\t\t\t\t<a href=\"https:\/\/www.psy.link\/blog\/2026\/04\/17\/depression-endogene-exogene-differences-cles\/\" target=\"_self\" rel=\"bookmark noopener noreferrer\"><img decoding=\"async\" width=\"600\" height=\"400\" src=\"https:\/\/www.psy.link\/blog\/wp-content\/uploads\/2026\/04\/6-1.jpg\" class=\"attachment-large size-large\" alt=\"\" srcset=\"https:\/\/www.psy.link\/blog\/wp-content\/uploads\/2026\/04\/6-1.jpg 600w, https:\/\/www.psy.link\/blog\/wp-content\/uploads\/2026\/04\/6-1-300x200.jpg 300w\" sizes=\"(max-width: 600px) 100vw, 600px\" \/>\t\t\t\t\t<\/a>\n\t\t\t\t\t\t\t\t\t<\/div>\n\t\t\t\t\t\t<h4 class=\"uagb-post__title uagb-post__text\">\n\t\t\t\t<a href=\"https:\/\/www.psy.link\/blog\/2026\/04\/17\/depression-endogene-exogene-differences-cles\/\" target=\"_self\" rel=\"bookmark noopener noreferrer\">D\u00e9pression endog\u00e8ne vs d\u00e9pression exog\u00e8ne : quelles diff\u00e9rences et comment les reconna\u00eetre ?<\/a>\n\t\t\t<\/h4>\n\t\t\t\t\t\t<div class='uagb-post__text uagb-post-grid-byline'>\n\t\t\t\t\t\t\t\t<time datetime=\"2026-04-17T17:25:39+02:00\" class=\"uagb-post__date\">\n\t\t\t\t<span class=\"dashicons-calendar dashicons\"><\/span>\t\t\t\t\t17 avril 2026\t\t\t\t<\/time>\n\t\t\t\t\t\t\t<span class=\"uagb-post__comment\">\n\t\t\t\t<span class=\"dashicons-admin-comments dashicons\"><\/span>\t\t\t\t\tAucun commentaire\t\t\t\t<\/span>\n\t\t\t\t\t\t<\/div>\n\t\t\t\t\t\t\t<div class='uagb-post__text uagb-post__excerpt'>\n\t\t\t\t\t<p>Introduction : la d\u00e9pression, une r\u00e9alit\u00e9 complexe La d\u00e9pression touche plus de&nbsp;300 millions de personnes&nbsp;dans&#8230;\t\t\t\t<\/div>\n\t\t\t\t\t\t<div class=\"uagb-post__text uagb-post__cta wp-block-button\">\n\t\t\t\t<a class=\"wp-block-button__link uagb-text-link\" style=\"\" href=\"https:\/\/www.psy.link\/blog\/2026\/04\/17\/depression-endogene-exogene-differences-cles\/\" target=\"_self\" rel=\"bookmark noopener noreferrer\">Lire la suite<\/a>\n\t\t\t<\/div>\n\t\t\t\n\t\t\t\t\t\t\t\t\t<\/article>\n\t\t\t\t\t\t\t\t\t\t\t\t\t\t\t\t<article class=\"uagb-post__inner-wrap\">\t\t\t\t\t\t\t\t<div class='uagb-post__image'>\n\t\t\t\t\t\t\t\t\t<a href=\"https:\/\/www.psy.link\/blog\/2026\/04\/16\/formation-tcc-i-tout-ce-que-doit-maitriser-un-psychologue-pour-traiter-linsomnie-chronique\/\" target=\"_self\" rel=\"bookmark noopener noreferrer\"><img decoding=\"async\" width=\"600\" height=\"400\" src=\"https:\/\/www.psy.link\/blog\/wp-content\/uploads\/2026\/04\/6.jpg\" class=\"attachment-large size-large\" alt=\"\" srcset=\"https:\/\/www.psy.link\/blog\/wp-content\/uploads\/2026\/04\/6.jpg 600w, https:\/\/www.psy.link\/blog\/wp-content\/uploads\/2026\/04\/6-300x200.jpg 300w\" sizes=\"(max-width: 600px) 100vw, 600px\" \/>\t\t\t\t\t<\/a>\n\t\t\t\t\t\t\t\t\t<\/div>\n\t\t\t\t\t\t<h4 class=\"uagb-post__title uagb-post__text\">\n\t\t\t\t<a href=\"https:\/\/www.psy.link\/blog\/2026\/04\/16\/formation-tcc-i-tout-ce-que-doit-maitriser-un-psychologue-pour-traiter-linsomnie-chronique\/\" target=\"_self\" rel=\"bookmark noopener noreferrer\">Formation TCC-I : tout ce que doit ma\u00eetriser un psychologue pour traiter l&rsquo;insomnie chronique<\/a>\n\t\t\t<\/h4>\n\t\t\t\t\t\t<div class='uagb-post__text uagb-post-grid-byline'>\n\t\t\t\t\t\t\t\t<time datetime=\"2026-04-16T22:20:47+02:00\" class=\"uagb-post__date\">\n\t\t\t\t<span class=\"dashicons-calendar dashicons\"><\/span>\t\t\t\t\t16 avril 2026\t\t\t\t<\/time>\n\t\t\t\t\t\t\t<span class=\"uagb-post__comment\">\n\t\t\t\t<span class=\"dashicons-admin-comments dashicons\"><\/span>\t\t\t\t\tAucun commentaire\t\t\t\t<\/span>\n\t\t\t\t\t\t<\/div>\n\t\t\t\t\t\t\t<div class='uagb-post__text uagb-post__excerpt'>\n\t\t\t\t\t<p>6 \u00e0 10 % de la population g\u00e9n\u00e9rale souffre d&rsquo;insomnie chronique selon les crit\u00e8res du&#8230;\t\t\t\t<\/div>\n\t\t\t\t\t\t<div class=\"uagb-post__text uagb-post__cta wp-block-button\">\n\t\t\t\t<a class=\"wp-block-button__link uagb-text-link\" style=\"\" href=\"https:\/\/www.psy.link\/blog\/2026\/04\/16\/formation-tcc-i-tout-ce-que-doit-maitriser-un-psychologue-pour-traiter-linsomnie-chronique\/\" target=\"_self\" rel=\"bookmark noopener noreferrer\">Lire la suite<\/a>\n\t\t\t<\/div>\n\t\t\t\n\t\t\t\t\t\t\t\t\t<\/article>\n\t\t\t\t\t\t\t\t\t\t\t\t\t\t\t\t<article class=\"uagb-post__inner-wrap\">\t\t\t\t\t\t\t\t<div class='uagb-post__image'>\n\t\t\t\t\t\t\t\t\t<a href=\"https:\/\/www.psy.link\/blog\/2026\/04\/13\/laffirmation-de-soi-chez-lenfant-prise-en-charge-tcc\/\" target=\"_self\" rel=\"bookmark noopener noreferrer\"><img decoding=\"async\" width=\"600\" height=\"400\" src=\"https:\/\/www.psy.link\/blog\/wp-content\/uploads\/2026\/04\/1.png\" class=\"attachment-large size-large\" alt=\"\" srcset=\"https:\/\/www.psy.link\/blog\/wp-content\/uploads\/2026\/04\/1.png 600w, https:\/\/www.psy.link\/blog\/wp-content\/uploads\/2026\/04\/1-300x200.png 300w\" sizes=\"(max-width: 600px) 100vw, 600px\" \/>\t\t\t\t\t<\/a>\n\t\t\t\t\t\t\t\t\t<\/div>\n\t\t\t\t\t\t<h4 class=\"uagb-post__title uagb-post__text\">\n\t\t\t\t<a href=\"https:\/\/www.psy.link\/blog\/2026\/04\/13\/laffirmation-de-soi-chez-lenfant-prise-en-charge-tcc\/\" target=\"_self\" rel=\"bookmark noopener noreferrer\">L&rsquo;affirmation de soi chez l&rsquo;enfant : enjeux cliniques et prise en charge TCC<\/a>\n\t\t\t<\/h4>\n\t\t\t\t\t\t<div class='uagb-post__text uagb-post-grid-byline'>\n\t\t\t\t\t\t\t\t<time datetime=\"2026-04-13T21:08:17+02:00\" class=\"uagb-post__date\">\n\t\t\t\t<span class=\"dashicons-calendar dashicons\"><\/span>\t\t\t\t\t13 avril 2026\t\t\t\t<\/time>\n\t\t\t\t\t\t\t<span class=\"uagb-post__comment\">\n\t\t\t\t<span class=\"dashicons-admin-comments dashicons\"><\/span>\t\t\t\t\tAucun commentaire\t\t\t\t<\/span>\n\t\t\t\t\t\t<\/div>\n\t\t\t\t\t\t\t<div class='uagb-post__text uagb-post__excerpt'>\n\t\t\t\t\t<p>De l&rsquo;\u00e9valuation clinique aux strat\u00e9gies d&rsquo;intervention, comment accompagner l&rsquo;enfant vers une assertivit\u00e9 saine \u2014 et&#8230;\t\t\t\t<\/div>\n\t\t\t\t\t\t<div class=\"uagb-post__text uagb-post__cta wp-block-button\">\n\t\t\t\t<a class=\"wp-block-button__link uagb-text-link\" style=\"\" href=\"https:\/\/www.psy.link\/blog\/2026\/04\/13\/laffirmation-de-soi-chez-lenfant-prise-en-charge-tcc\/\" target=\"_self\" rel=\"bookmark noopener noreferrer\">Lire la suite<\/a>\n\t\t\t<\/div>\n\t\t\t\n\t\t\t\t\t\t\t\t\t<\/article>\n\t\t\t\t\t\t\t\t\t\t\t\t\t\t\t\t<article class=\"uagb-post__inner-wrap\">\t\t\t\t\t\t\t\t<div class='uagb-post__image'>\n\t\t\t\t\t\t\t\t\t<a href=\"https:\/\/www.psy.link\/blog\/2026\/03\/17\/comprendre-les-crises-non-epileptiques-psychogenes-cnep\/\" target=\"_self\" rel=\"bookmark noopener noreferrer\"><img decoding=\"async\" width=\"600\" height=\"400\" src=\"https:\/\/www.psy.link\/blog\/wp-content\/uploads\/2026\/03\/2.png\" class=\"attachment-large size-large\" alt=\"\" srcset=\"https:\/\/www.psy.link\/blog\/wp-content\/uploads\/2026\/03\/2.png 600w, https:\/\/www.psy.link\/blog\/wp-content\/uploads\/2026\/03\/2-300x200.png 300w\" sizes=\"(max-width: 600px) 100vw, 600px\" \/>\t\t\t\t\t<\/a>\n\t\t\t\t\t\t\t\t\t<\/div>\n\t\t\t\t\t\t<h4 class=\"uagb-post__title uagb-post__text\">\n\t\t\t\t<a href=\"https:\/\/www.psy.link\/blog\/2026\/03\/17\/comprendre-les-crises-non-epileptiques-psychogenes-cnep\/\" target=\"_self\" rel=\"bookmark noopener noreferrer\">Comprendre les Crises Non \u00c9pileptiques Psychog\u00e8nes (CNEP)<\/a>\n\t\t\t<\/h4>\n\t\t\t\t\t\t<div class='uagb-post__text uagb-post-grid-byline'>\n\t\t\t\t\t\t\t\t<time datetime=\"2026-03-17T11:24:32+01:00\" class=\"uagb-post__date\">\n\t\t\t\t<span class=\"dashicons-calendar dashicons\"><\/span>\t\t\t\t\t17 mars 2026\t\t\t\t<\/time>\n\t\t\t\t\t\t\t<span class=\"uagb-post__comment\">\n\t\t\t\t<span class=\"dashicons-admin-comments dashicons\"><\/span>\t\t\t\t\tAucun commentaire\t\t\t\t<\/span>\n\t\t\t\t\t\t<\/div>\n\t\t\t\t\t\t\t<div class='uagb-post__text uagb-post__excerpt'>\n\t\t\t\t\t<p>Un guide pour les patients, leur entourage et les professionnels de sant\u00e9 \u00c0 propos de&#8230;\t\t\t\t<\/div>\n\t\t\t\t\t\t<div class=\"uagb-post__text uagb-post__cta wp-block-button\">\n\t\t\t\t<a class=\"wp-block-button__link uagb-text-link\" style=\"\" href=\"https:\/\/www.psy.link\/blog\/2026\/03\/17\/comprendre-les-crises-non-epileptiques-psychogenes-cnep\/\" target=\"_self\" rel=\"bookmark noopener noreferrer\">Lire la suite<\/a>\n\t\t\t<\/div>\n\t\t\t\n\t\t\t\t\t\t\t\t\t<\/article>\n\t\t\t\t\t\t\t\t\t\t\t<\/div>\n\t\t\t","protected":false},"excerpt":{"rendered":"<p>Edna Foa et l&rsquo;Exposition Prolong\u00e9e : portrait d&rsquo;une pionni\u00e8re du trauma | Psylink Formations Retour sur le parcours d&rsquo;une chercheuse hors du commun, dont le travail continue de transformer des milliers de vies. Psylink Formations\u00b7Lecture : 7 min\u00b7Formation \u00b7 ESPT \u00b7 EP \ud83d\udd4a\ufe0f Hommage. Edna Foa nous a quitt\u00e9s le 24 mars 2026 \u00e0 l&rsquo;\u00e2ge [&hellip;]<\/p>\n","protected":false},"author":6,"featured_media":14752,"comment_status":"closed","ping_status":"closed","sticky":false,"template":"","format":"standard","meta":{"_uag_custom_page_level_css":"","_exactmetrics_skip_tracking":false,"_exactmetrics_sitenote_active":false,"_exactmetrics_sitenote_note":"","_exactmetrics_sitenote_category":0,"site-sidebar-layout":"default","site-content-layout":"","ast-site-content-layout":"default","site-content-style":"default","site-sidebar-style":"default","ast-global-header-display":"","ast-banner-title-visibility":"","ast-main-header-display":"","ast-hfb-above-header-display":"","ast-hfb-below-header-display":"","ast-hfb-mobile-header-display":"","site-post-title":"","ast-breadcrumbs-content":"","ast-featured-img":"","footer-sml-layout":"","theme-transparent-header-meta":"","adv-header-id-meta":"","stick-header-meta":"","header-above-stick-meta":"","header-main-stick-meta":"","header-below-stick-meta":"","astra-migrate-meta-layouts":"set","ast-page-background-enabled":"default","ast-page-background-meta":{"desktop":{"background-color":"","background-image":"","background-repeat":"repeat","background-position":"center center","background-size":"auto","background-attachment":"scroll","background-type":"","background-media":"","overlay-type":"","overlay-color":"","overlay-opacity":"","overlay-gradient":""},"tablet":{"background-color":"","background-image":"","background-repeat":"repeat","background-position":"center center","background-size":"auto","background-attachment":"scroll","background-type":"","background-media":"","overlay-type":"","overlay-color":"","overlay-opacity":"","overlay-gradient":""},"mobile":{"background-color":"","background-image":"","background-repeat":"repeat","background-position":"center center","background-size":"auto","background-attachment":"scroll","background-type":"","background-media":"","overlay-type":"","overlay-color":"","overlay-opacity":"","overlay-gradient":""}},"ast-content-background-meta":{"desktop":{"background-color":"var(--ast-global-color-5)","background-image":"","background-repeat":"repeat","background-position":"center center","background-size":"auto","background-attachment":"scroll","background-type":"","background-media":"","overlay-type":"","overlay-color":"","overlay-opacity":"","overlay-gradient":""},"tablet":{"background-color":"var(--ast-global-color-5)","background-image":"","background-repeat":"repeat","background-position":"center center","background-size":"auto","background-attachment":"scroll","background-type":"","background-media":"","overlay-type":"","overlay-color":"","overlay-opacity":"","overlay-gradient":""},"mobile":{"background-color":"var(--ast-global-color-5)","background-image":"","background-repeat":"repeat","background-position":"center center","background-size":"auto","background-attachment":"scroll","background-type":"","background-media":"","overlay-type":"","overlay-color":"","overlay-opacity":"","overlay-gradient":""}},"footnotes":""},"categories":[30],"tags":[],"class_list":["post-14741","post","type-post","status-publish","format-standard","has-post-thumbnail","hentry","category-actualites-psychologues"],"yoast_head":"<!-- This site is optimized with the Yoast SEO plugin v26.2 - https:\/\/yoast.com\/wordpress\/plugins\/seo\/ -->\n<title>Edna Foa et l&#039;exposition prolong\u00e9e, le traitement du trauma | Blog Psy.link<\/title>\n<meta name=\"robots\" content=\"index, follow, max-snippet:-1, max-image-preview:large, max-video-preview:-1\" \/>\n<link rel=\"canonical\" href=\"https:\/\/www.psy.link\/blog\/2026\/04\/30\/edna-foa-et-lexposition-prolongee-lhistoire-dune-revolution-dans-le-traitement-du-trauma\/\" \/>\n<meta property=\"og:locale\" content=\"fr_FR\" \/>\n<meta property=\"og:type\" content=\"article\" \/>\n<meta property=\"og:title\" content=\"Edna Foa et l&#039;exposition prolong\u00e9e, le traitement du trauma | Blog Psy.link\" \/>\n<meta property=\"og:description\" content=\"Edna Foa et l&rsquo;Exposition Prolong\u00e9e : portrait d&rsquo;une pionni\u00e8re du trauma | Psylink Formations Retour sur le parcours d&rsquo;une chercheuse hors du commun, dont le travail continue de transformer des milliers de vies. Psylink Formations\u00b7Lecture : 7 min\u00b7Formation \u00b7 ESPT \u00b7 EP \ud83d\udd4a\ufe0f Hommage. Edna Foa nous a quitt\u00e9s le 24 mars 2026 \u00e0 l&rsquo;\u00e2ge [&hellip;]\" \/>\n<meta property=\"og:url\" content=\"https:\/\/www.psy.link\/blog\/2026\/04\/30\/edna-foa-et-lexposition-prolongee-lhistoire-dune-revolution-dans-le-traitement-du-trauma\/\" \/>\n<meta property=\"og:site_name\" content=\"Blog Psy.link\" \/>\n<meta property=\"article:publisher\" content=\"https:\/\/www.facebook.com\/psy.link.therapie\/\" \/>\n<meta property=\"article:published_time\" content=\"2026-04-30T14:34:57+00:00\" \/>\n<meta property=\"article:modified_time\" content=\"2026-04-30T14:42:44+00:00\" \/>\n<meta property=\"og:image\" content=\"https:\/\/www.psy.link\/blog\/wp-content\/uploads\/2026\/04\/Design-sans-titre-3.jpg\" \/>\n\t<meta property=\"og:image:width\" content=\"600\" \/>\n\t<meta property=\"og:image:height\" content=\"400\" \/>\n\t<meta property=\"og:image:type\" content=\"image\/jpeg\" \/>\n<meta name=\"author\" content=\"Linda Kempe\" \/>\n<meta name=\"twitter:card\" content=\"summary_large_image\" \/>\n<meta name=\"twitter:creator\" content=\"@Psylink_tcc\" \/>\n<meta name=\"twitter:site\" content=\"@Psylink_tcc\" \/>\n<meta name=\"twitter:label1\" content=\"\u00c9crit par\" \/>\n\t<meta name=\"twitter:data1\" content=\"Linda Kempe\" \/>\n\t<meta name=\"twitter:label2\" content=\"Dur\u00e9e de lecture estim\u00e9e\" \/>\n\t<meta name=\"twitter:data2\" content=\"8 minutes\" \/>\n<script type=\"application\/ld+json\" class=\"yoast-schema-graph\">{\"@context\":\"https:\/\/schema.org\",\"@graph\":[{\"@type\":\"Article\",\"@id\":\"https:\/\/www.psy.link\/blog\/2026\/04\/30\/edna-foa-et-lexposition-prolongee-lhistoire-dune-revolution-dans-le-traitement-du-trauma\/#article\",\"isPartOf\":{\"@id\":\"https:\/\/www.psy.link\/blog\/2026\/04\/30\/edna-foa-et-lexposition-prolongee-lhistoire-dune-revolution-dans-le-traitement-du-trauma\/\"},\"author\":{\"name\":\"Linda Kempe\",\"@id\":\"https:\/\/www.psy.link\/blog\/#\/schema\/person\/42e87036448e52b90611c0559a5f005a\"},\"headline\":\"Edna Foa et l&rsquo;Exposition Prolong\u00e9e\u00a0: l&rsquo;histoire d&rsquo;une r\u00e9volution dans le traitement du trauma\",\"datePublished\":\"2026-04-30T14:34:57+00:00\",\"dateModified\":\"2026-04-30T14:42:44+00:00\",\"mainEntityOfPage\":{\"@id\":\"https:\/\/www.psy.link\/blog\/2026\/04\/30\/edna-foa-et-lexposition-prolongee-lhistoire-dune-revolution-dans-le-traitement-du-trauma\/\"},\"wordCount\":1638,\"publisher\":{\"@id\":\"https:\/\/www.psy.link\/blog\/#organization\"},\"image\":{\"@id\":\"https:\/\/www.psy.link\/blog\/2026\/04\/30\/edna-foa-et-lexposition-prolongee-lhistoire-dune-revolution-dans-le-traitement-du-trauma\/#primaryimage\"},\"thumbnailUrl\":\"https:\/\/www.psy.link\/blog\/wp-content\/uploads\/2026\/04\/Design-sans-titre-3.jpg\",\"articleSection\":[\"Actualit\u00e9s psychologues\"],\"inLanguage\":\"fr-FR\"},{\"@type\":\"WebPage\",\"@id\":\"https:\/\/www.psy.link\/blog\/2026\/04\/30\/edna-foa-et-lexposition-prolongee-lhistoire-dune-revolution-dans-le-traitement-du-trauma\/\",\"url\":\"https:\/\/www.psy.link\/blog\/2026\/04\/30\/edna-foa-et-lexposition-prolongee-lhistoire-dune-revolution-dans-le-traitement-du-trauma\/\",\"name\":\"Edna Foa et l'exposition prolong\u00e9e, le traitement du trauma | Blog Psy.link\",\"isPartOf\":{\"@id\":\"https:\/\/www.psy.link\/blog\/#website\"},\"primaryImageOfPage\":{\"@id\":\"https:\/\/www.psy.link\/blog\/2026\/04\/30\/edna-foa-et-lexposition-prolongee-lhistoire-dune-revolution-dans-le-traitement-du-trauma\/#primaryimage\"},\"image\":{\"@id\":\"https:\/\/www.psy.link\/blog\/2026\/04\/30\/edna-foa-et-lexposition-prolongee-lhistoire-dune-revolution-dans-le-traitement-du-trauma\/#primaryimage\"},\"thumbnailUrl\":\"https:\/\/www.psy.link\/blog\/wp-content\/uploads\/2026\/04\/Design-sans-titre-3.jpg\",\"datePublished\":\"2026-04-30T14:34:57+00:00\",\"dateModified\":\"2026-04-30T14:42:44+00:00\",\"breadcrumb\":{\"@id\":\"https:\/\/www.psy.link\/blog\/2026\/04\/30\/edna-foa-et-lexposition-prolongee-lhistoire-dune-revolution-dans-le-traitement-du-trauma\/#breadcrumb\"},\"inLanguage\":\"fr-FR\",\"potentialAction\":[{\"@type\":\"ReadAction\",\"target\":[\"https:\/\/www.psy.link\/blog\/2026\/04\/30\/edna-foa-et-lexposition-prolongee-lhistoire-dune-revolution-dans-le-traitement-du-trauma\/\"]}]},{\"@type\":\"ImageObject\",\"inLanguage\":\"fr-FR\",\"@id\":\"https:\/\/www.psy.link\/blog\/2026\/04\/30\/edna-foa-et-lexposition-prolongee-lhistoire-dune-revolution-dans-le-traitement-du-trauma\/#primaryimage\",\"url\":\"https:\/\/www.psy.link\/blog\/wp-content\/uploads\/2026\/04\/Design-sans-titre-3.jpg\",\"contentUrl\":\"https:\/\/www.psy.link\/blog\/wp-content\/uploads\/2026\/04\/Design-sans-titre-3.jpg\",\"width\":600,\"height\":400},{\"@type\":\"BreadcrumbList\",\"@id\":\"https:\/\/www.psy.link\/blog\/2026\/04\/30\/edna-foa-et-lexposition-prolongee-lhistoire-dune-revolution-dans-le-traitement-du-trauma\/#breadcrumb\",\"itemListElement\":[{\"@type\":\"ListItem\",\"position\":1,\"name\":\"Accueil\",\"item\":\"https:\/\/www.psy.link\/blog\/\"},{\"@type\":\"ListItem\",\"position\":2,\"name\":\"Edna Foa et l&rsquo;Exposition Prolong\u00e9e\u00a0: l&rsquo;histoire d&rsquo;une r\u00e9volution dans le traitement du trauma\"}]},{\"@type\":\"WebSite\",\"@id\":\"https:\/\/www.psy.link\/blog\/#website\",\"url\":\"https:\/\/www.psy.link\/blog\/\",\"name\":\"Blog Psy.link\",\"description\":\"Votre guide pour comprendre la psychologie et cultiver votre sant\u00e9 mentale\",\"publisher\":{\"@id\":\"https:\/\/www.psy.link\/blog\/#organization\"},\"potentialAction\":[{\"@type\":\"SearchAction\",\"target\":{\"@type\":\"EntryPoint\",\"urlTemplate\":\"https:\/\/www.psy.link\/blog\/?s={search_term_string}\"},\"query-input\":{\"@type\":\"PropertyValueSpecification\",\"valueRequired\":true,\"valueName\":\"search_term_string\"}}],\"inLanguage\":\"fr-FR\"},{\"@type\":\"Organization\",\"@id\":\"https:\/\/www.psy.link\/blog\/#organization\",\"name\":\"Psy.link\",\"url\":\"https:\/\/www.psy.link\/blog\/\",\"logo\":{\"@type\":\"ImageObject\",\"inLanguage\":\"fr-FR\",\"@id\":\"https:\/\/www.psy.link\/blog\/#\/schema\/logo\/image\/\",\"url\":\"https:\/\/www.psy.link\/blog\/wp-content\/uploads\/2022\/06\/full_logo.png\",\"contentUrl\":\"https:\/\/www.psy.link\/blog\/wp-content\/uploads\/2022\/06\/full_logo.png\",\"width\":2461,\"height\":1642,\"caption\":\"Psy.link\"},\"image\":{\"@id\":\"https:\/\/www.psy.link\/blog\/#\/schema\/logo\/image\/\"},\"sameAs\":[\"https:\/\/www.facebook.com\/psy.link.therapie\/\",\"https:\/\/x.com\/Psylink_tcc\",\"https:\/\/www.instagram.com\/psy.link_\/\",\"https:\/\/www.linkedin.com\/company\/psy-link-therapie\"]},{\"@type\":\"Person\",\"@id\":\"https:\/\/www.psy.link\/blog\/#\/schema\/person\/42e87036448e52b90611c0559a5f005a\",\"name\":\"Linda Kempe\",\"description\":\"Fondateur de Psy.link - Psychologue clinicienne - Charg\u00e9e de cours \u00e0 l'Universit\u00e9\",\"sameAs\":[\"https:\/\/psy.link\/\"],\"url\":\"https:\/\/www.psy.link\/blog\/author\/linda\/\"}]}<\/script>\n<!-- \/ Yoast SEO plugin. -->","yoast_head_json":{"title":"Edna Foa et l'exposition prolong\u00e9e, le traitement du trauma | Blog Psy.link","robots":{"index":"index","follow":"follow","max-snippet":"max-snippet:-1","max-image-preview":"max-image-preview:large","max-video-preview":"max-video-preview:-1"},"canonical":"https:\/\/www.psy.link\/blog\/2026\/04\/30\/edna-foa-et-lexposition-prolongee-lhistoire-dune-revolution-dans-le-traitement-du-trauma\/","og_locale":"fr_FR","og_type":"article","og_title":"Edna Foa et l'exposition prolong\u00e9e, le traitement du trauma | Blog Psy.link","og_description":"Edna Foa et l&rsquo;Exposition Prolong\u00e9e : portrait d&rsquo;une pionni\u00e8re du trauma | Psylink Formations Retour sur le parcours d&rsquo;une chercheuse hors du commun, dont le travail continue de transformer des milliers de vies. Psylink Formations\u00b7Lecture : 7 min\u00b7Formation \u00b7 ESPT \u00b7 EP \ud83d\udd4a\ufe0f Hommage. Edna Foa nous a quitt\u00e9s le 24 mars 2026 \u00e0 l&rsquo;\u00e2ge [&hellip;]","og_url":"https:\/\/www.psy.link\/blog\/2026\/04\/30\/edna-foa-et-lexposition-prolongee-lhistoire-dune-revolution-dans-le-traitement-du-trauma\/","og_site_name":"Blog Psy.link","article_publisher":"https:\/\/www.facebook.com\/psy.link.therapie\/","article_published_time":"2026-04-30T14:34:57+00:00","article_modified_time":"2026-04-30T14:42:44+00:00","og_image":[{"width":600,"height":400,"url":"https:\/\/www.psy.link\/blog\/wp-content\/uploads\/2026\/04\/Design-sans-titre-3.jpg","type":"image\/jpeg"}],"author":"Linda Kempe","twitter_card":"summary_large_image","twitter_creator":"@Psylink_tcc","twitter_site":"@Psylink_tcc","twitter_misc":{"\u00c9crit par":"Linda Kempe","Dur\u00e9e de lecture estim\u00e9e":"8 minutes"},"schema":{"@context":"https:\/\/schema.org","@graph":[{"@type":"Article","@id":"https:\/\/www.psy.link\/blog\/2026\/04\/30\/edna-foa-et-lexposition-prolongee-lhistoire-dune-revolution-dans-le-traitement-du-trauma\/#article","isPartOf":{"@id":"https:\/\/www.psy.link\/blog\/2026\/04\/30\/edna-foa-et-lexposition-prolongee-lhistoire-dune-revolution-dans-le-traitement-du-trauma\/"},"author":{"name":"Linda Kempe","@id":"https:\/\/www.psy.link\/blog\/#\/schema\/person\/42e87036448e52b90611c0559a5f005a"},"headline":"Edna Foa et l&rsquo;Exposition Prolong\u00e9e\u00a0: l&rsquo;histoire d&rsquo;une r\u00e9volution dans le traitement du trauma","datePublished":"2026-04-30T14:34:57+00:00","dateModified":"2026-04-30T14:42:44+00:00","mainEntityOfPage":{"@id":"https:\/\/www.psy.link\/blog\/2026\/04\/30\/edna-foa-et-lexposition-prolongee-lhistoire-dune-revolution-dans-le-traitement-du-trauma\/"},"wordCount":1638,"publisher":{"@id":"https:\/\/www.psy.link\/blog\/#organization"},"image":{"@id":"https:\/\/www.psy.link\/blog\/2026\/04\/30\/edna-foa-et-lexposition-prolongee-lhistoire-dune-revolution-dans-le-traitement-du-trauma\/#primaryimage"},"thumbnailUrl":"https:\/\/www.psy.link\/blog\/wp-content\/uploads\/2026\/04\/Design-sans-titre-3.jpg","articleSection":["Actualit\u00e9s psychologues"],"inLanguage":"fr-FR"},{"@type":"WebPage","@id":"https:\/\/www.psy.link\/blog\/2026\/04\/30\/edna-foa-et-lexposition-prolongee-lhistoire-dune-revolution-dans-le-traitement-du-trauma\/","url":"https:\/\/www.psy.link\/blog\/2026\/04\/30\/edna-foa-et-lexposition-prolongee-lhistoire-dune-revolution-dans-le-traitement-du-trauma\/","name":"Edna Foa et l'exposition prolong\u00e9e, le traitement du trauma | Blog Psy.link","isPartOf":{"@id":"https:\/\/www.psy.link\/blog\/#website"},"primaryImageOfPage":{"@id":"https:\/\/www.psy.link\/blog\/2026\/04\/30\/edna-foa-et-lexposition-prolongee-lhistoire-dune-revolution-dans-le-traitement-du-trauma\/#primaryimage"},"image":{"@id":"https:\/\/www.psy.link\/blog\/2026\/04\/30\/edna-foa-et-lexposition-prolongee-lhistoire-dune-revolution-dans-le-traitement-du-trauma\/#primaryimage"},"thumbnailUrl":"https:\/\/www.psy.link\/blog\/wp-content\/uploads\/2026\/04\/Design-sans-titre-3.jpg","datePublished":"2026-04-30T14:34:57+00:00","dateModified":"2026-04-30T14:42:44+00:00","breadcrumb":{"@id":"https:\/\/www.psy.link\/blog\/2026\/04\/30\/edna-foa-et-lexposition-prolongee-lhistoire-dune-revolution-dans-le-traitement-du-trauma\/#breadcrumb"},"inLanguage":"fr-FR","potentialAction":[{"@type":"ReadAction","target":["https:\/\/www.psy.link\/blog\/2026\/04\/30\/edna-foa-et-lexposition-prolongee-lhistoire-dune-revolution-dans-le-traitement-du-trauma\/"]}]},{"@type":"ImageObject","inLanguage":"fr-FR","@id":"https:\/\/www.psy.link\/blog\/2026\/04\/30\/edna-foa-et-lexposition-prolongee-lhistoire-dune-revolution-dans-le-traitement-du-trauma\/#primaryimage","url":"https:\/\/www.psy.link\/blog\/wp-content\/uploads\/2026\/04\/Design-sans-titre-3.jpg","contentUrl":"https:\/\/www.psy.link\/blog\/wp-content\/uploads\/2026\/04\/Design-sans-titre-3.jpg","width":600,"height":400},{"@type":"BreadcrumbList","@id":"https:\/\/www.psy.link\/blog\/2026\/04\/30\/edna-foa-et-lexposition-prolongee-lhistoire-dune-revolution-dans-le-traitement-du-trauma\/#breadcrumb","itemListElement":[{"@type":"ListItem","position":1,"name":"Accueil","item":"https:\/\/www.psy.link\/blog\/"},{"@type":"ListItem","position":2,"name":"Edna Foa et l&rsquo;Exposition Prolong\u00e9e\u00a0: l&rsquo;histoire d&rsquo;une r\u00e9volution dans le traitement du trauma"}]},{"@type":"WebSite","@id":"https:\/\/www.psy.link\/blog\/#website","url":"https:\/\/www.psy.link\/blog\/","name":"Blog Psy.link","description":"Votre guide pour comprendre la psychologie et cultiver votre sant\u00e9 mentale","publisher":{"@id":"https:\/\/www.psy.link\/blog\/#organization"},"potentialAction":[{"@type":"SearchAction","target":{"@type":"EntryPoint","urlTemplate":"https:\/\/www.psy.link\/blog\/?s={search_term_string}"},"query-input":{"@type":"PropertyValueSpecification","valueRequired":true,"valueName":"search_term_string"}}],"inLanguage":"fr-FR"},{"@type":"Organization","@id":"https:\/\/www.psy.link\/blog\/#organization","name":"Psy.link","url":"https:\/\/www.psy.link\/blog\/","logo":{"@type":"ImageObject","inLanguage":"fr-FR","@id":"https:\/\/www.psy.link\/blog\/#\/schema\/logo\/image\/","url":"https:\/\/www.psy.link\/blog\/wp-content\/uploads\/2022\/06\/full_logo.png","contentUrl":"https:\/\/www.psy.link\/blog\/wp-content\/uploads\/2022\/06\/full_logo.png","width":2461,"height":1642,"caption":"Psy.link"},"image":{"@id":"https:\/\/www.psy.link\/blog\/#\/schema\/logo\/image\/"},"sameAs":["https:\/\/www.facebook.com\/psy.link.therapie\/","https:\/\/x.com\/Psylink_tcc","https:\/\/www.instagram.com\/psy.link_\/","https:\/\/www.linkedin.com\/company\/psy-link-therapie"]},{"@type":"Person","@id":"https:\/\/www.psy.link\/blog\/#\/schema\/person\/42e87036448e52b90611c0559a5f005a","name":"Linda Kempe","description":"Fondateur de Psy.link - Psychologue clinicienne - Charg\u00e9e de cours \u00e0 l'Universit\u00e9","sameAs":["https:\/\/psy.link\/"],"url":"https:\/\/www.psy.link\/blog\/author\/linda\/"}]}},"uagb_featured_image_src":{"full":["https:\/\/www.psy.link\/blog\/wp-content\/uploads\/2026\/04\/Design-sans-titre-3.jpg",600,400,false],"thumbnail":["https:\/\/www.psy.link\/blog\/wp-content\/uploads\/2026\/04\/Design-sans-titre-3-150x150.jpg",150,150,true],"medium":["https:\/\/www.psy.link\/blog\/wp-content\/uploads\/2026\/04\/Design-sans-titre-3-300x200.jpg",300,200,true],"medium_large":["https:\/\/www.psy.link\/blog\/wp-content\/uploads\/2026\/04\/Design-sans-titre-3.jpg",600,400,false],"large":["https:\/\/www.psy.link\/blog\/wp-content\/uploads\/2026\/04\/Design-sans-titre-3.jpg",600,400,false],"1536x1536":["https:\/\/www.psy.link\/blog\/wp-content\/uploads\/2026\/04\/Design-sans-titre-3.jpg",600,400,false],"2048x2048":["https:\/\/www.psy.link\/blog\/wp-content\/uploads\/2026\/04\/Design-sans-titre-3.jpg",600,400,false]},"uagb_author_info":{"display_name":"Linda Kempe","author_link":"https:\/\/www.psy.link\/blog\/author\/linda\/"},"uagb_comment_info":0,"uagb_excerpt":"Edna Foa et l&rsquo;Exposition Prolong\u00e9e : portrait d&rsquo;une pionni\u00e8re du trauma | Psylink Formations Retour sur le parcours d&rsquo;une chercheuse hors du commun, dont le travail continue de transformer des milliers de vies. Psylink Formations\u00b7Lecture : 7 min\u00b7Formation \u00b7 ESPT \u00b7 EP \ud83d\udd4a\ufe0f Hommage. Edna Foa nous a quitt\u00e9s le 24 mars 2026 \u00e0 l&rsquo;\u00e2ge\u2026","_links":{"self":[{"href":"https:\/\/www.psy.link\/blog\/wp-json\/wp\/v2\/posts\/14741","targetHints":{"allow":["GET"]}}],"collection":[{"href":"https:\/\/www.psy.link\/blog\/wp-json\/wp\/v2\/posts"}],"about":[{"href":"https:\/\/www.psy.link\/blog\/wp-json\/wp\/v2\/types\/post"}],"author":[{"embeddable":true,"href":"https:\/\/www.psy.link\/blog\/wp-json\/wp\/v2\/users\/6"}],"replies":[{"embeddable":true,"href":"https:\/\/www.psy.link\/blog\/wp-json\/wp\/v2\/comments?post=14741"}],"version-history":[{"count":7,"href":"https:\/\/www.psy.link\/blog\/wp-json\/wp\/v2\/posts\/14741\/revisions"}],"predecessor-version":[{"id":14755,"href":"https:\/\/www.psy.link\/blog\/wp-json\/wp\/v2\/posts\/14741\/revisions\/14755"}],"wp:featuredmedia":[{"embeddable":true,"href":"https:\/\/www.psy.link\/blog\/wp-json\/wp\/v2\/media\/14752"}],"wp:attachment":[{"href":"https:\/\/www.psy.link\/blog\/wp-json\/wp\/v2\/media?parent=14741"}],"wp:term":[{"taxonomy":"category","embeddable":true,"href":"https:\/\/www.psy.link\/blog\/wp-json\/wp\/v2\/categories?post=14741"},{"taxonomy":"post_tag","embeddable":true,"href":"https:\/\/www.psy.link\/blog\/wp-json\/wp\/v2\/tags?post=14741"}],"curies":[{"name":"wp","href":"https:\/\/api.w.org\/{rel}","templated":true}]}}