{"id":1963,"date":"2021-01-18T09:23:35","date_gmt":"2021-01-18T08:23:35","guid":{"rendered":"https:\/\/www.psy.link\/blog\/?p=1963"},"modified":"2026-01-28T14:59:33","modified_gmt":"2026-01-28T13:59:33","slug":"jai-le-syndrome-de-la-cabane","status":"publish","type":"post","link":"https:\/\/www.psy.link\/blog\/2021\/01\/18\/jai-le-syndrome-de-la-cabane\/","title":{"rendered":"J\u2019ai le syndrome de la cabane"},"content":{"rendered":"\n<figure class=\"wp-block-image aligncenter size-large is-resized\"><a href=\"https:\/\/patient.psy.link\/index.php\"><img decoding=\"async\" width=\"540\" height=\"540\" src=\"https:\/\/www.psy.link\/blog\/wp-content\/uploads\/2020\/12\/22Merci-Vous-m\u2019avez-fait-avancer-dans-ma-vie.-Et-d\u2019avoir-pris-connaissance-de-choses-personnelles-que-j\u2019ignorais.-Pour-avoir-un-meilleur-futur.22-3-1.png\" alt=\"\" class=\"wp-image-1462\" style=\"width:270px;height:270px\" srcset=\"https:\/\/www.psy.link\/blog\/wp-content\/uploads\/2020\/12\/22Merci-Vous-m\u2019avez-fait-avancer-dans-ma-vie.-Et-d\u2019avoir-pris-connaissance-de-choses-personnelles-que-j\u2019ignorais.-Pour-avoir-un-meilleur-futur.22-3-1.png 540w, https:\/\/www.psy.link\/blog\/wp-content\/uploads\/2020\/12\/22Merci-Vous-m\u2019avez-fait-avancer-dans-ma-vie.-Et-d\u2019avoir-pris-connaissance-de-choses-personnelles-que-j\u2019ignorais.-Pour-avoir-un-meilleur-futur.22-3-1-300x300.png 300w, https:\/\/www.psy.link\/blog\/wp-content\/uploads\/2020\/12\/22Merci-Vous-m\u2019avez-fait-avancer-dans-ma-vie.-Et-d\u2019avoir-pris-connaissance-de-choses-personnelles-que-j\u2019ignorais.-Pour-avoir-un-meilleur-futur.22-3-1-150x150.png 150w\" sizes=\"(max-width: 540px) 100vw, 540px\" \/><\/a><\/figure>\n\n\n\n<p>La crise sanitaire a chamboul\u00e9 nos vies. Au-del\u00e0 des r\u00e9percussions sur la sant\u00e9, cette pand\u00e9mie a eu des r\u00e9percussions sociales, \u00e9conomique et psychologiques.&nbsp;<\/p>\n\n\n\n<p>Nous avons \u00e9t\u00e9 confin\u00e9s, d\u00e9confin\u00e9s et reconfin\u00e9s, partiellement ou totalement. Peut-\u00eatre pour certains le premier confinement \u00e9tait une opportunit\u00e9 de faire une remise en question alors que pour d\u2019autres cet isolement a rapidement g\u00e9n\u00e9r\u00e9 une grande souffrance.&nbsp;<\/p>\n\n\n\n<p>Avec les prolongations des restrictions, le confinement est devenu synonyme de solitude et d\u2019isolement pour de nombreuses personnes. Un syndrome inconnu auparavant est aujourd\u2019hui \u00e9voqu\u00e9 comme une probable cons\u00e9quence du confinement. C\u2019est le syndrome de la cabane.&nbsp;<\/p>\n\n\n\n<h2 class=\"wp-block-heading\"><strong><em>Qu&rsquo;est-ce que c\u2019est le syndrome de la cabane ?&nbsp;<\/em><\/strong><\/h2>\n\n\n\n<p>Le syndrome de la cabane ou de l\u2019escargot, n\u2019est pas un trouble en psychiatrie, mais une expression pour indiquer la difficult\u00e9 de sortir de chez soi et de reprendre une vie sociale apr\u00e8s une p\u00e9riode d\u2019isolement, comme celle que nous avons v\u00e9cu pendant le confinement.&nbsp;<\/p>\n\n\n\n<p>Le terme a devenu populaire \u00e0 la fin du 1<sup>er<\/sup>&nbsp;confinement de la COVID en Espagne,&nbsp;<em>s\u00edndrome de la caba\u00f1a<\/em>.&nbsp;<\/p>\n\n\n\n<p>L\u2019origine de ce syndrome et son appellation remonte \u00e0 l\u2019\u00e9poque des chercheurs d\u2019or. Ces derniers quittaient leur domicile pendant de longs mois. Ils vivaient reclus dans des cabanes, seuls et totalement coup\u00e9s du monde ext\u00e9rieur. Une fois rentr\u00e9s chez eux, le retour \u00e0 une vie sociale \u00e9tait devenu difficile et angoissant. En retrouve aussi la description de ce ph\u00e9nom\u00e8ne chez les explorateurs arctiques qui revenaient de leur exp\u00e9dition.<\/p>\n\n\n\n<p>En consultation, nous avons des patients qui sont rest\u00e9s chez eux pendant de longues p\u00e9riodes. Ils nous racontent combien c\u2019est devenu angoissant de sortir de chez soi. Ils \u00e9voquent ne plus avoir envie de sortir. Des sympt\u00f4mes d\u00e9pressifs sont pr\u00e9sents, la tristesse et les insomnies. Aussi, l\u2019anxi\u00e9t\u00e9 est accentu\u00e9e. Une nouvelle peur ou une peur intensifi\u00e9e du regard des autres.&nbsp;<\/p>\n\n\n\n<p>En effet, nous observons une perte de confiance en soi d\u00fb \u00e0 cet isolement. Le confinement a engendr\u00e9 des changements chez certaines personnes.&nbsp;<\/p>\n\n\n\n<figure class=\"wp-block-image aligncenter size-large\"><img decoding=\"async\" width=\"640\" height=\"476\" src=\"https:\/\/www.psy.link\/blog\/wp-content\/uploads\/2021\/01\/sigmund-XpMd2mRX7Hk-unsplash-3.jpg\" alt=\"\" class=\"wp-image-1977\" srcset=\"https:\/\/www.psy.link\/blog\/wp-content\/uploads\/2021\/01\/sigmund-XpMd2mRX7Hk-unsplash-3.jpg 640w, https:\/\/www.psy.link\/blog\/wp-content\/uploads\/2021\/01\/sigmund-XpMd2mRX7Hk-unsplash-3-300x223.jpg 300w\" sizes=\"(max-width: 640px) 100vw, 640px\" \/><figcaption class=\"wp-element-caption\">Syndrome de la cabane, cons\u00e9quence du confinement<\/figcaption><\/figure>\n\n\n\n<h2 class=\"wp-block-heading\"><strong><em>Effets n\u00e9gatifs de l\u2019isolement social<\/em><\/strong><\/h2>\n\n\n\n<p>L\u2019isolement social impos\u00e9 par le confinement, l\u2019arr\u00eat des loisirs, la fermeture des lieux de rencontre, la distanciation lors des rencontres avec les autres et les autres mesures de restriction des contacts sociaux posent la question des cons\u00e9quences. Quelles cons\u00e9quences sur la sant\u00e9 mentale, l\u2019\u00e9quilibre et le bien-\u00eatre psychologique, physique et \u00e9conomique.&nbsp;<\/p>\n\n\n\n<p>Les personnes socialement isol\u00e9es rapportent en g\u00e9n\u00e9ral plus de souffrance psychologique et plus de troubles psychiatriques. Les \u00e9tudes montrent que quand les personnes ont moins de soutien social, elles sont plus susceptibles de souffrir de stress et en particulier de d\u00e9pression (Santini, Koyanagi, Tyrovolas, Mason et Haro, 2015).<\/p>\n\n\n\n<div class=\"wp-block-columns is-layout-flex wp-container-core-columns-is-layout-28f84493 wp-block-columns-is-layout-flex\">\n<div class=\"wp-block-column is-vertically-aligned-stretch has-ast-global-color-4-background-color has-background is-layout-flow wp-block-column-is-layout-flow\" style=\"padding-top:var(--wp--preset--spacing--20);padding-right:var(--wp--preset--spacing--20);padding-bottom:var(--wp--preset--spacing--20);padding-left:var(--wp--preset--spacing--20)\">\n<div class=\"wp-block-group is-nowrap is-layout-flex wp-container-core-group-is-layout-6c531013 wp-block-group-is-layout-flex\">\n<figure class=\"wp-block-image aligncenter size-full is-resized\"><img decoding=\"async\" width=\"400\" height=\"600\" src=\"https:\/\/www.psy.link\/blog\/wp-content\/uploads\/2025\/11\/9.png\" alt=\"\" class=\"wp-image-14284\" style=\"width:170px;height:auto\" srcset=\"https:\/\/www.psy.link\/blog\/wp-content\/uploads\/2025\/11\/9.png 400w, https:\/\/www.psy.link\/blog\/wp-content\/uploads\/2025\/11\/9-200x300.png 200w\" sizes=\"(max-width: 400px) 100vw, 400px\" \/><\/figure>\n\n\n\n<div class=\"wp-block-uagb-call-to-action uagb-block-4806f25e wp-block-button\"><div class=\"uagb-cta__wrap\"><h2 class=\"uagb-cta__title\"><strong>Trouvez un psychologue TCC qualifi\u00e9 pr\u00e8s de chez vous<\/strong><\/h2><p class=\"uagb-cta__desc\">L\u2019annuaire national Psy.link regroupe des praticiens form\u00e9s et v\u00e9rifi\u00e9s, disponibles rapidement.<\/p><\/div><div class=\"uagb-cta__buttons\"><a href=\"https:\/\/app.psy.link\/psychologues-tcc\" class=\"uagb-cta__button-link-wrapper wp-block-button__link\" target=\"_blank\" rel=\"noopener noreferrer\">\ud83d\udd0e Consulter l\u2019annuaire<\/a><\/div><\/div>\n<\/div>\n<\/div>\n<\/div>\n\n\n\n<h2 class=\"wp-block-heading\"><strong><em>La relation entre l&rsquo;isolement social et la d\u00e9pression est bidirectionnelle<\/em><\/strong><\/h2>\n\n\n\n<p>L&rsquo;isolement social peut conduire les individus \u00e0 d\u00e9velopper des sympt\u00f4mes plus d\u00e9pressifs et les sympt\u00f4mes d\u00e9pressifs peuvent \u00e9galement affecter le degr\u00e9 d&rsquo;isolement social des individus. En effet, une personne d\u00e9pressive aura tendance \u00e0 s\u2019isoler plus.&nbsp;<\/p>\n\n\n\n<h2 class=\"wp-block-heading\"><strong><em>La solitude \u00e0 dose mod\u00e9r\u00e9e<\/em><\/strong><\/h2>\n\n\n\n<p>Sans faire l\u2019\u00e9loge \u00e0 la solitude, une \u00e9tude nous montre qu\u2019\u00eatre seul n&rsquo;est pas n\u00e9cessairement toujours nocif. Il y a aussi des effets positifs. Les gens ont un \u00ab besoin de solitude \u00bb, c\u2019est-\u00e0-dire de passer des moments seuls.&nbsp;<\/p>\n\n\n\n<p>A condition que cette solitude soit adapt\u00e9e en fonction du besoin personnel et du contexte social. Une \u00e9tude a compar\u00e9 la d\u00e9tresse entre 3 groupes d\u2019adolescents. Le premier groupe n\u2019avait pas de temps de solitude. Le deuxi\u00e8me groupe passait mod\u00e9r\u00e9ment du temps seul et le dernier groupe passait beaucoup de temps seul.&nbsp;&nbsp;<\/p>\n\n\n\n<p>Les r\u00e9sultats sont clairs, c\u2019est le groupe qui vivait des moments mod\u00e9r\u00e9s de solitude qui avait moins de d\u00e9tresse psychologique. Nous pouvons en conclure qu\u2019une bonne autor\u00e9gulation des \u00e9motions, c\u2019est-\u00e0-dire, pouvoir r\u00e9duire l\u2019anxi\u00e9t\u00e9 et la tristesse et aller vers une bonne sant\u00e9 psychologique, passe par une alternance de moments sociaux et moments de solitude. Chaque individu peut r\u00e9guler son humeur en alternant les deux.&nbsp;<\/p>\n\n\n\n<h2 class=\"wp-block-heading\"><strong><em>Le syndrome de la cabane et le d\u00e9sapprentissage de la socialisation<\/em><\/strong><\/h2>\n\n\n\n<p>Dans la situation actuelle, la solitude lors du confinement est subie. Nous en sommes victimes. Le confinement nous impose plus d\u2019isolement social. Il d\u00e9s\u00e9quilibre l\u2019alternance que nous avions entre moments de solitude et de socialisation.&nbsp;<\/p>\n\n\n\n<p>Nous sommes amen\u00e9s \u00e0 nous adapter \u00e0 ce nouveau contexte de r\u00e9duction de contacts sociaux. Nous pouvons dire qu\u2019on d\u00e9sapprend la socialisation.<\/p>\n\n\n\n<p>Lors d\u2019une pand\u00e9mie, nous nous imposons d\u2019\u00e9viter les contacts sociaux pour diminuer le risque de contagion. Les pand\u00e9mies pass\u00e9es nous donnent des informations pr\u00e9cieuses. En effet, il s\u2019av\u00e8re que de nombreuses personnes ont continu\u00e9 m\u00eame apr\u00e8s que le danger soit pass\u00e9 \u00e0 \u00e9viter les contacts sociaux. L\u2019\u00e9vitement devient une attitude assez stable.<\/p>\n\n\n\n<div class=\"wp-block-group is-layout-constrained wp-block-group-is-layout-constrained\"><div class=\"wp-block-group__inner-container\">\n<div class=\"wp-block-columns is-layout-flex wp-container-core-columns-is-layout-28f84493 wp-block-columns-is-layout-flex\">\n<div class=\"wp-block-column is-layout-flow wp-block-column-is-layout-flow\" style=\"flex-basis:100%\">\n<div class=\"wp-block-uagb-container uagb-layout-grid uagb-block-6588ff3e alignfull uagb-is-root-container\">\n<div class=\"wp-block-uagb-container uagb-block-22367a12\">\n<div class=\"wp-block-uagb-call-to-action uagb-block-0bd688a4 wp-block-button\"><div class=\"uagb-cta__wrap\"><h3 class=\"uagb-cta__title\"><strong>Prenez rendez-vous avec un psychologue TCC v\u00e9rifi\u00e9<\/strong><\/h3><p class=\"uagb-cta__desc\">Des psychologues form\u00e9s, disponibles rapidement, pour une prise en charge efficace d\u00e8s la premi\u00e8re s\u00e9ance.<\/p><\/div><div class=\"uagb-cta__buttons\"><a href=\"https:\/\/app.psy.link\/psychologues-tcc\" class=\"uagb-cta__button-link-wrapper wp-block-button__link\" target=\"_self\" rel=\"noopener noreferrer\">\ud83d\udc49 Trouver un psychologue TCC maintenant<\/a><\/div><\/div>\n<\/div>\n<\/div>\n<\/div>\n<\/div>\n<\/div><\/div>\n\n\n\n<h2 class=\"wp-block-heading\"><strong><em>Le syndrome de la cabane et l\u2019inertie de la solitude<\/em><\/strong><\/h2>\n\n\n\n<p>La pand\u00e9mie modifie l\u2019alternance \u00ab id\u00e9ale \u00bb entre moments de solitude et ceux de socialisation. Le confinement impose un isolement social. Le risque est que la personne se conforme \u00e0 cette solitude et ne recherche pas de situations sociales quand elle en aura la possibilit\u00e9.&nbsp;&nbsp;Le concept en psychologie d\u2019inertie de la solitude (Elmer et coll., 2020) d\u00e9crit assez bien ce ph\u00e9nom\u00e8ne.&nbsp;&nbsp;<\/p>\n\n\n\n<p>L&rsquo;inertie de la solitude d\u00e9finit la tendance \u00e0 maintenir des \u00e9tats prolong\u00e9s de solitude. Ce concept se rapproche de la description du syndrome de la cabane, suite \u00e0 la situation impos\u00e9e par la pand\u00e9mie. En d&rsquo;autres termes, les individus ayant une forte inertie de la solitude ont tendance \u00e0 moins alterner \u00e9tats de solitude et d&rsquo;interaction sociale. Ils restent dans l\u2019\u00e9tat de solitude.<\/p>\n\n\n\n<figure class=\"wp-block-image aligncenter size-large\"><img decoding=\"async\" width=\"640\" height=\"448\" src=\"https:\/\/www.psy.link\/blog\/wp-content\/uploads\/2021\/01\/visuals-ufK-deiLqY8-unsplash.jpg\" alt=\"\" class=\"wp-image-1974\" srcset=\"https:\/\/www.psy.link\/blog\/wp-content\/uploads\/2021\/01\/visuals-ufK-deiLqY8-unsplash.jpg 640w, https:\/\/www.psy.link\/blog\/wp-content\/uploads\/2021\/01\/visuals-ufK-deiLqY8-unsplash-300x210.jpg 300w\" sizes=\"(max-width: 640px) 100vw, 640px\" \/><figcaption class=\"wp-element-caption\">Visios pour briser l&rsquo;isolement<\/figcaption><\/figure>\n\n\n\n<p><\/p>\n\n\n\n<h2 class=\"wp-block-heading\"><strong><em><strong>Les risque de l\u2019inertie de la solitude<\/strong><\/em><\/strong><\/h2>\n\n\n\n<p>Elmer et coll. (2020) ont trouv\u00e9 que la tendance \u00e0 rester dans des \u00e9tats de solitude (l&rsquo;inertie de la solitude ou syndrome de la cabane) accentue les sympt\u00f4mes d\u00e9pressifs, en particulier la rumination (Evans, Marsh et Owens, 2005). Lorsque les interactions sociales sont absentes pendant des p\u00e9riodes plus longues, une rumination excessive peut conduire au d\u00e9veloppement d&rsquo;autres sympt\u00f4mes d\u00e9pressifs (Nolen-Hoeksema, 2000), en particulier, l&rsquo;anh\u00e9donie sociale, la perte d\u2019int\u00e9r\u00eat pour les contacts sociaux, et le plaisir \u00e0 faire des activit\u00e9s.<\/p>\n\n\n\n<h2 class=\"wp-block-heading\"><strong><em><strong>Le syndrome de la cabane et la d\u00e9pression<\/strong><\/em><\/strong><\/h2>\n\n\n\n<p>Nous savons aussi que les personnes pr\u00e9sentant des sympt\u00f4mes d\u00e9pressifs sont moins motiv\u00e9es \u00e0 rechercher un contact social en g\u00e9n\u00e9ral, mais surtout lorsqu&rsquo;elles sont seules. Il devient plus difficile pour ces personnes de s&rsquo;engager dans des interactions sociales.&nbsp;<\/p>\n\n\n\n<h2 class=\"wp-block-heading\"><strong><em>Le syndrome de la cabane chez les \u00e9tudiants<\/em><\/strong><\/h2>\n\n\n\n<p>Les \u00e9tudes sur les cons\u00e9quences de la COVID sont int\u00e9ressantes. Une parmi celles qui ont \u00e9tudi\u00e9 l\u2019isolement (Hamza, Ewing, Heath, et Goldstein, 2020) a montr\u00e9 que l\u2019isolement social pendant la COVID augmente la pathologie psychiatrique chez les \u00e9tudiants.&nbsp;<\/p>\n\n\n\n<p>Les \u00e9tudiants sont souvent log\u00e9s dans des conditions pr\u00e9caires, Le syndrome de la cabane qu\u2019on pourrait appeler pour cette population le \u00ab&nbsp;syndrome de la chambre d\u2019\u00e9tudiant&nbsp;\u00bb, se traduit par un d\u00e9crochage universitaire et une augmentation du risque d\u00e9pressif.&nbsp;<\/p>\n\n\n\n<p>A lire aussi : <a href=\"https:\/\/www.psy.link\/blog\/2020\/08\/21\/depression-et-estime-de-soi-a-ladolescence\/\">D\u00e9pression est estime de \u00e0 l&rsquo;adolescence<\/a><\/p>\n\n\n\n<h2 class=\"wp-block-heading\"><strong><em>Les bienfaits du contact social<\/em><\/strong><\/h2>\n\n\n\n<figure class=\"wp-block-image aligncenter size-large\"><img decoding=\"async\" width=\"640\" height=\"417\" src=\"https:\/\/www.psy.link\/blog\/wp-content\/uploads\/2021\/01\/nik-shuliahin-BuNWp1bL0nc-unsplash.jpg\" alt=\"\" class=\"wp-image-1976\" srcset=\"https:\/\/www.psy.link\/blog\/wp-content\/uploads\/2021\/01\/nik-shuliahin-BuNWp1bL0nc-unsplash.jpg 640w, https:\/\/www.psy.link\/blog\/wp-content\/uploads\/2021\/01\/nik-shuliahin-BuNWp1bL0nc-unsplash-300x195.jpg 300w\" sizes=\"(max-width: 640px) 100vw, 640px\" \/><figcaption class=\"wp-element-caption\">D\u00e9pression et anxi\u00e9t\u00e9 peuvent \u00eatre les cons\u00e9quence de l&rsquo;isolement <\/figcaption><\/figure>\n\n\n\n<p><\/p>\n\n\n\n<p>Le contact social aide \u00e0 garder un meilleur sens de la r\u00e9alit\u00e9. En fait, parler avec les autres nous permet de verbaliser et confronter nos propres id\u00e9es aux celles des autres. Par cons\u00e9quent, le contact social aide \u00e0 remettre en question ses propres pens\u00e9es. Les individus qui subissent l\u2019isolement social ont tendance \u00e0 penser de mani\u00e8re plus d\u00e9viante et \u00e0 avoir plus de pens\u00e9es irrationnelles.&nbsp;<\/p>\n\n\n\n<p>Isol\u00e9e la personne \u00e0 tendance \u00e0 subir davantage ses propres vuln\u00e9rabilit\u00e9s psychologiques. Si elle a des tendances d\u00e9pressives, elle commencera \u00e0 percevoir davantage du n\u00e9gatif. Elle perd aussi en assurance. Le sentiment d\u2019auto-efficacit\u00e9 et d\u2019estime de soi diminuent. Les id\u00e9es n\u00e9gatives sur soi augmentent.&nbsp;<\/p>\n\n\n\n<p>Nous connaissons d\u00e9j\u00e0 comment les cognitions n\u00e9gatives affectent les \u00e9motions n\u00e9gatives. En effet, \u00e0 partir des cognitions (pens\u00e9es) n\u00e9gatives relatives \u00e0 elle-m\u00eame, la personne commence \u00e0 se sentir g\u00ean\u00e9e vis-\u00e0-vis des autres. Puisqu\u2019elle a perdu l\u2019habitude des contextes sociaux, elle a perdu confiance en elle \u00e0 g\u00e9rer ce type de contextes.&nbsp;<\/p>\n\n\n\n<div class=\"wp-block-group is-layout-constrained wp-block-group-is-layout-constrained\"><div class=\"wp-block-group__inner-container\">\n<div class=\"wp-block-columns is-layout-flex wp-container-core-columns-is-layout-28f84493 wp-block-columns-is-layout-flex\">\n<div class=\"wp-block-column is-layout-flow wp-block-column-is-layout-flow\" style=\"flex-basis:100%\">\n<div class=\"wp-block-uagb-container uagb-layout-grid uagb-block-6588ff3e alignfull uagb-is-root-container\">\n<div class=\"wp-block-uagb-container uagb-block-22367a12\">\n<div class=\"wp-block-uagb-call-to-action uagb-block-0bd688a4 wp-block-button\"><div class=\"uagb-cta__wrap\"><h3 class=\"uagb-cta__title\"><strong>Prenez rendez-vous avec un psychologue TCC v\u00e9rifi\u00e9<\/strong><\/h3><p class=\"uagb-cta__desc\">Des psychologues form\u00e9s, disponibles rapidement, pour une prise en charge efficace d\u00e8s la premi\u00e8re s\u00e9ance.<\/p><\/div><div class=\"uagb-cta__buttons\"><a href=\"https:\/\/app.psy.link\/psychologues-tcc\" class=\"uagb-cta__button-link-wrapper wp-block-button__link\" target=\"_self\" rel=\"noopener noreferrer\">\ud83d\udc49 Trouver un psychologue TCC maintenant<\/a><\/div><\/div>\n<\/div>\n<\/div>\n<\/div>\n<\/div>\n<\/div><\/div>\n\n\n\n<h2 class=\"wp-block-heading\"><strong><em>Attention aux \u00ab&nbsp;Je suis mieux seul&nbsp;\u00bb<\/em><\/strong><\/h2>\n\n\n\n<p>Il faut faire attention \u00e0 ne pas se r\u00e9signer devant les sympt\u00f4mes d\u00e9pressifs. C\u2019est-\u00e0-dire que le manque d\u2019envie de sortir et le choix de rester seul sont souvent signes de d\u00e9pression. Dans la d\u00e9pression la personne perd de l\u2019int\u00e9r\u00eat et de plaisir \u00e0 faire les activit\u00e9s qu\u2019avant donnaient du plaisir.&nbsp;<\/p>\n\n\n\n<p><\/p>\n\n\n\n<p>Dire \u00ab Je suis mieux seul \u00bb est plut\u00f4t un comportement d\u2019\u00e9vitement qui aggrave l\u2019\u00e9tat \u00e9motionnel de la personne. Ce n\u2019est pas un comportement qui donne du sens ou du bien-\u00eatre \u00e0 la vie de la personne.<\/p>\n\n\n\n<figure class=\"wp-block-image aligncenter size-large\"><img decoding=\"async\" width=\"640\" height=\"426\" src=\"https:\/\/www.psy.link\/blog\/wp-content\/uploads\/2021\/01\/conscious-design-a46Jen_K2kU-unsplash.jpg\" alt=\"\" class=\"wp-image-1971\" srcset=\"https:\/\/www.psy.link\/blog\/wp-content\/uploads\/2021\/01\/conscious-design-a46Jen_K2kU-unsplash.jpg 640w, https:\/\/www.psy.link\/blog\/wp-content\/uploads\/2021\/01\/conscious-design-a46Jen_K2kU-unsplash-300x200.jpg 300w\" sizes=\"(max-width: 640px) 100vw, 640px\" \/><\/figure>\n\n\n\n<h2 class=\"wp-block-heading\"><strong><em>Conseils pour se prot\u00e9ger du syndrome de la cabane&nbsp;<\/em><\/strong><\/h2>\n\n\n\n<p>D\u2019abord, ne pas croire qu\u2019une fois le confinement soit fini, tout va redevenir comme avant. Tenir compte de l\u2019effet direct de l\u2019isolement qui ab\u00eeme la sant\u00e9 psychologique. L\u2019isolement d\u00e9s\u00e9quilibre l\u2019alternance naturelle entre moments sociaux et moments de solitude.<\/p>\n\n\n\n<p>Garder les contacts avec les amis : les interactions avec nos amis sont pr\u00e9dictives du bonheur.&nbsp;<\/p>\n\n\n\n<p>Augmentez les occasions d\u2019interactions sociales : l&rsquo;interaction sociale aide \u00e0 sortir des \u00e9tats de rumination et \u00e0 r\u00e9guler les \u00e9motions.&nbsp;<\/p>\n\n\n\n<p>Garder le pieds sur terre : le contact social aide \u00e0 maintenir un sens de la r\u00e9alit\u00e9 et de la raison (Baumeister et Leary, 1995).<\/p>\n\n\n\n<p>Inventer des nouveaux modes de communication, faire de la visio pour discuter avec les autres. C\u2019est aussi important que se nourrir.<\/p>\n\n\n\n<p>Il faut se forcer lorsque l\u2019envie commence \u00e0 manquer. Pers\u00e9v\u00e9rer. Il y a plein de choses qui semblent inutiles, mais les faire, permet d\u2019activer et stimuler le cerveau.<\/p>\n\n\n\n<p>Planifier la journ\u00e9e pour garder ou installer des bonnes habitudes. Nous savons que l\u2019isolement modifie le rythme social car il r\u00e9duit les contraintes sociales.&nbsp;<\/p>\n\n\n\n<p>Garder un rythme comme avant : maintenir des heures de coucher r\u00e9guli\u00e8res. Penser \u00e0 manger \u00e9quilibr\u00e9.&nbsp;<\/p>\n\n\n\n<p>Soigner son apparence est important, ne pas rester en pyjama toute la journ\u00e9e. Prendre soin de soi, active l\u2019envie d\u2019\u00eatre en contact avec les autres.&nbsp;&nbsp;&nbsp;&nbsp;&nbsp;<\/p>\n\n\n\n<p>Faire de l\u2019exercice physique. Cela s\u2019applique \u00e0 tout le monde, tout le temps. Des \u00e9tudes ont d\u00e9j\u00e0 montr\u00e9 qu\u2019entre deux groupes de d\u00e9pressifs, celui qui faisait du sport voyait son \u00e9tat d\u00e9pressif am\u00e9lior\u00e9.<\/p>\n\n\n\n<p>Faire de l\u2019exercice \u00e9motionnel tels que la relaxation, la m\u00e9ditation, le yoga, etc. Beaucoup d\u2019applications existent. Apprendre \u00e0 s&rsquo;apaiser est une vraie comp\u00e9tence qui servira toute notre vie.<\/p>\n\n\n\n<p>Ne pas procrastiner. La perte de motivation am\u00e8ne petit \u00e0 petit \u00e0 repousser \u00e0 demain ce que nous pouvons faire maintenant. Cela augmente l\u2019anxi\u00e9t\u00e9 et la d\u00e9pression. R\u00e9ussir une t\u00e2che augmente l\u2019estime de soi et le sentiment de ma\u00eetrise de sa vie.&nbsp;<\/p>\n\n\n\n<p>Aider ses proches.<strong>&nbsp;<\/strong>Si un proche est dans un \u00e9tat de perte de motivation, il faut le solliciter. \u00ab&nbsp;L\u2019obliger&nbsp;\u00bb \u00e0 prendre soin de lui. S\u2019occuper des autres peut aider \u00e0 donner du sens et de la satisfaction \u00e0 sa propre vie<\/p>\n\n\n\n<figure class=\"wp-block-image aligncenter size-large\"><img decoding=\"async\" width=\"640\" height=\"427\" src=\"https:\/\/www.psy.link\/blog\/wp-content\/uploads\/2021\/01\/chewy-3cAMUE3YAO8-unsplash.jpg\" alt=\"\" class=\"wp-image-1970\" srcset=\"https:\/\/www.psy.link\/blog\/wp-content\/uploads\/2021\/01\/chewy-3cAMUE3YAO8-unsplash.jpg 640w, https:\/\/www.psy.link\/blog\/wp-content\/uploads\/2021\/01\/chewy-3cAMUE3YAO8-unsplash-300x200.jpg 300w\" sizes=\"(max-width: 640px) 100vw, 640px\" \/><\/figure>\n\n\n\n<h2 class=\"wp-block-heading\"><strong><em>Note importante<\/em><\/strong><\/h2>\n\n\n\n<p>Si les difficult\u00e9s d\u2019isolement d\u00e9passent nos capacit\u00e9s d\u2019adaptation.&nbsp;<strong>Si la d\u00e9prim<\/strong>e s\u2019installe avec son lot d\u2019anxi\u00e9t\u00e9, tristesse, perte de plaisir, insomnie. Il vaut mieux consulter et demander de l\u2019aide \u00e0 un professionnel. De nombreux professionnels se sont adapt\u00e9s et consultent en ligne. C\u2019est facile de consulter de chez soi. Les \u00e9tudes scientifiques sont unanimes :&nbsp;&nbsp;l\u2019aide psychologique et\/ou la psychoth\u00e9rapie en ligne est aussi efficace que celle faite en face \u00e0 face. Ne pas attendre la fin de la p\u00e9riode du confinement. Ne pas oublier que la d\u00e9pression est constitu\u00e9e de plusieurs cercles vicieux dont un est bien le retrait social. Plus ce cercle vicieux est renforc\u00e9, plus il est difficile de s\u2019en sortir.&nbsp;<\/p>\n\n\n\n<p>A lire aussi: <a href=\"https:\/\/www.psy.link\/blog\/2020\/05\/05\/souffrance-psychologique-en-temps-de-confinement\/\">La souffrance psychologique en temps de confinement: r\u00e9sultats pr\u00e9liminaires d\u2019une \u00e9tude fran\u00e7aise<\/a><\/p>\n\n\n\n<p>A lire aussi: <a href=\"https:\/\/www.psy.link\/blog\/2020\/03\/18\/prenez-soin-de-vous-pendant-lepidemie-de-coronavirus-et-le-confinement\/\">Prenez soin de vous pendant l\u2019\u00e9pid\u00e9mie de coronavirus et le confinement<\/a><\/p>\n","protected":false},"excerpt":{"rendered":"<p>La crise sanitaire a chamboul\u00e9 nos vies. Au-del\u00e0 des r\u00e9percussions sur la sant\u00e9, cette pand\u00e9mie a eu des r\u00e9percussions sociales, \u00e9conomique et psychologiques.&nbsp; Nous avons \u00e9t\u00e9 confin\u00e9s, d\u00e9confin\u00e9s et reconfin\u00e9s, partiellement ou totalement. Peut-\u00eatre pour certains le premier confinement \u00e9tait une opportunit\u00e9 de faire une remise en question alors que pour d\u2019autres cet isolement a [&hellip;]<\/p>\n","protected":false},"author":6,"featured_media":1967,"comment_status":"closed","ping_status":"closed","sticky":false,"template":"","format":"standard","meta":{"_uag_custom_page_level_css":"","_exactmetrics_skip_tracking":false,"_exactmetrics_sitenote_active":false,"_exactmetrics_sitenote_note":"","_exactmetrics_sitenote_category":0,"site-sidebar-layout":"default","site-content-layout":"default","ast-site-content-layout":"default","site-content-style":"default","site-sidebar-style":"default","ast-global-header-display":"","ast-banner-title-visibility":"","ast-main-header-display":"","ast-hfb-above-header-display":"","ast-hfb-below-header-display":"","ast-hfb-mobile-header-display":"","site-post-title":"","ast-breadcrumbs-content":"","ast-featured-img":"","footer-sml-layout":"","theme-transparent-header-meta":"default","adv-header-id-meta":"","stick-header-meta":"default","header-above-stick-meta":"","header-main-stick-meta":"","header-below-stick-meta":"","astra-migrate-meta-layouts":"set","ast-page-background-enabled":"default","ast-page-background-meta":{"desktop":{"background-color":"","background-image":"","background-repeat":"repeat","background-position":"center center","background-size":"auto","background-attachment":"scroll","background-type":"","background-media":"","overlay-type":"","overlay-color":"","overlay-opacity":"","overlay-gradient":""},"tablet":{"background-color":"","background-image":"","background-repeat":"repeat","background-position":"center center","background-size":"auto","background-attachment":"scroll","background-type":"","background-media":"","overlay-type":"","overlay-color":"","overlay-opacity":"","overlay-gradient":""},"mobile":{"background-color":"","background-image":"","background-repeat":"repeat","background-position":"center center","background-size":"auto","background-attachment":"scroll","background-type":"","background-media":"","overlay-type":"","overlay-color":"","overlay-opacity":"","overlay-gradient":""}},"ast-content-background-meta":{"desktop":{"background-color":"var(--ast-global-color-5)","background-image":"","background-repeat":"repeat","background-position":"center center","background-size":"auto","background-attachment":"scroll","background-type":"","background-media":"","overlay-type":"","overlay-color":"","overlay-opacity":"","overlay-gradient":""},"tablet":{"background-color":"var(--ast-global-color-5)","background-image":"","background-repeat":"repeat","background-position":"center center","background-size":"auto","background-attachment":"scroll","background-type":"","background-media":"","overlay-type":"","overlay-color":"","overlay-opacity":"","overlay-gradient":""},"mobile":{"background-color":"var(--ast-global-color-5)","background-image":"","background-repeat":"repeat","background-position":"center center","background-size":"auto","background-attachment":"scroll","background-type":"","background-media":"","overlay-type":"","overlay-color":"","overlay-opacity":"","overlay-gradient":""}},"footnotes":""},"categories":[60,59,8,52],"tags":[61,16],"class_list":["post-1963","post","type-post","status-publish","format-standard","has-post-thumbnail","hentry","category-anxiete","category-coronavirus","category-depression","category-procrastination","tag-anxiete","tag-depression"],"yoast_head":"<!-- This site is optimized with the Yoast SEO plugin v26.2 - https:\/\/yoast.com\/wordpress\/plugins\/seo\/ -->\n<title>Est-ce que j&#039;ai le syndrome de la cabane ? | Psy.link\/blog<\/title>\n<meta name=\"description\" content=\"Le syndrome de la cabane est une expression pour indiquer la difficult\u00e9 de sortir de chez soi et de reprendre une vie sociale apr\u00e8s le confinement.\" \/>\n<meta name=\"robots\" content=\"index, follow, max-snippet:-1, max-image-preview:large, max-video-preview:-1\" \/>\n<link rel=\"canonical\" href=\"https:\/\/www.psy.link\/blog\/2021\/01\/18\/jai-le-syndrome-de-la-cabane\/\" \/>\n<meta property=\"og:locale\" content=\"fr_FR\" \/>\n<meta property=\"og:type\" content=\"article\" \/>\n<meta property=\"og:title\" content=\"Bien communiquer avec son ado\" \/>\n<meta property=\"og:description\" content=\"Le syndrome de la cabane est une expression pour indiquer la difficult\u00e9 de sortir de chez soi et de reprendre une vie sociale apr\u00e8s le confinement.\" \/>\n<meta property=\"og:url\" content=\"https:\/\/www.psy.link\/blog\/2021\/01\/18\/jai-le-syndrome-de-la-cabane\/\" \/>\n<meta property=\"og:site_name\" content=\"Blog Psy.link\" \/>\n<meta property=\"article:publisher\" content=\"https:\/\/www.facebook.com\/psy.link.therapie\/\" \/>\n<meta property=\"article:published_time\" content=\"2021-01-18T08:23:35+00:00\" \/>\n<meta property=\"article:modified_time\" content=\"2026-01-28T13:59:33+00:00\" \/>\n<meta property=\"og:image\" content=\"https:\/\/www.psy.link\/blog\/wp-content\/uploads\/2020\/03\/vignette-communication-ado-facebook.jpg\" \/>\n\t<meta property=\"og:image:width\" content=\"1100\" \/>\n\t<meta property=\"og:image:height\" content=\"630\" \/>\n\t<meta property=\"og:image:type\" content=\"image\/jpeg\" \/>\n<meta name=\"author\" content=\"Linda Kempe\" \/>\n<meta name=\"twitter:card\" content=\"summary_large_image\" \/>\n<meta name=\"twitter:creator\" content=\"@Psylink_tcc\" \/>\n<meta name=\"twitter:site\" content=\"@Psylink_tcc\" \/>\n<meta name=\"twitter:label1\" content=\"\u00c9crit par\" \/>\n\t<meta name=\"twitter:data1\" content=\"Linda Kempe\" \/>\n\t<meta name=\"twitter:label2\" content=\"Dur\u00e9e de lecture estim\u00e9e\" \/>\n\t<meta name=\"twitter:data2\" content=\"11 minutes\" \/>\n<script type=\"application\/ld+json\" class=\"yoast-schema-graph\">{\"@context\":\"https:\/\/schema.org\",\"@graph\":[{\"@type\":\"Article\",\"@id\":\"https:\/\/www.psy.link\/blog\/2021\/01\/18\/jai-le-syndrome-de-la-cabane\/#article\",\"isPartOf\":{\"@id\":\"https:\/\/www.psy.link\/blog\/2021\/01\/18\/jai-le-syndrome-de-la-cabane\/\"},\"author\":{\"name\":\"Linda Kempe\",\"@id\":\"https:\/\/www.psy.link\/blog\/#\/schema\/person\/42e87036448e52b90611c0559a5f005a\"},\"headline\":\"J\u2019ai le syndrome de la cabane\",\"datePublished\":\"2021-01-18T08:23:35+00:00\",\"dateModified\":\"2026-01-28T13:59:33+00:00\",\"mainEntityOfPage\":{\"@id\":\"https:\/\/www.psy.link\/blog\/2021\/01\/18\/jai-le-syndrome-de-la-cabane\/\"},\"wordCount\":2185,\"publisher\":{\"@id\":\"https:\/\/www.psy.link\/blog\/#organization\"},\"image\":{\"@id\":\"https:\/\/www.psy.link\/blog\/2021\/01\/18\/jai-le-syndrome-de-la-cabane\/#primaryimage\"},\"thumbnailUrl\":\"https:\/\/www.psy.link\/blog\/wp-content\/uploads\/2021\/01\/ben-blennerhassett-L7JGC_bgWyU-unsplash.jpg\",\"keywords\":[\"anxi\u00e9t\u00e9\",\"d\u00e9pression\"],\"articleSection\":[\"Anxi\u00e9t\u00e9\",\"Coronavirus\",\"D\u00e9pression\",\"Procrastination\"],\"inLanguage\":\"fr-FR\"},{\"@type\":\"WebPage\",\"@id\":\"https:\/\/www.psy.link\/blog\/2021\/01\/18\/jai-le-syndrome-de-la-cabane\/\",\"url\":\"https:\/\/www.psy.link\/blog\/2021\/01\/18\/jai-le-syndrome-de-la-cabane\/\",\"name\":\"Est-ce que j'ai le syndrome de la cabane ? | Psy.link\/blog\",\"isPartOf\":{\"@id\":\"https:\/\/www.psy.link\/blog\/#website\"},\"primaryImageOfPage\":{\"@id\":\"https:\/\/www.psy.link\/blog\/2021\/01\/18\/jai-le-syndrome-de-la-cabane\/#primaryimage\"},\"image\":{\"@id\":\"https:\/\/www.psy.link\/blog\/2021\/01\/18\/jai-le-syndrome-de-la-cabane\/#primaryimage\"},\"thumbnailUrl\":\"https:\/\/www.psy.link\/blog\/wp-content\/uploads\/2021\/01\/ben-blennerhassett-L7JGC_bgWyU-unsplash.jpg\",\"datePublished\":\"2021-01-18T08:23:35+00:00\",\"dateModified\":\"2026-01-28T13:59:33+00:00\",\"description\":\"Le syndrome de la cabane est une expression pour indiquer la difficult\u00e9 de sortir de chez soi et de reprendre une vie sociale apr\u00e8s le confinement.\",\"breadcrumb\":{\"@id\":\"https:\/\/www.psy.link\/blog\/2021\/01\/18\/jai-le-syndrome-de-la-cabane\/#breadcrumb\"},\"inLanguage\":\"fr-FR\",\"potentialAction\":[{\"@type\":\"ReadAction\",\"target\":[\"https:\/\/www.psy.link\/blog\/2021\/01\/18\/jai-le-syndrome-de-la-cabane\/\"]}]},{\"@type\":\"ImageObject\",\"inLanguage\":\"fr-FR\",\"@id\":\"https:\/\/www.psy.link\/blog\/2021\/01\/18\/jai-le-syndrome-de-la-cabane\/#primaryimage\",\"url\":\"https:\/\/www.psy.link\/blog\/wp-content\/uploads\/2021\/01\/ben-blennerhassett-L7JGC_bgWyU-unsplash.jpg\",\"contentUrl\":\"https:\/\/www.psy.link\/blog\/wp-content\/uploads\/2021\/01\/ben-blennerhassett-L7JGC_bgWyU-unsplash.jpg\",\"width\":640,\"height\":360},{\"@type\":\"BreadcrumbList\",\"@id\":\"https:\/\/www.psy.link\/blog\/2021\/01\/18\/jai-le-syndrome-de-la-cabane\/#breadcrumb\",\"itemListElement\":[{\"@type\":\"ListItem\",\"position\":1,\"name\":\"Accueil\",\"item\":\"https:\/\/www.psy.link\/blog\/\"},{\"@type\":\"ListItem\",\"position\":2,\"name\":\"J\u2019ai le syndrome de la cabane\"}]},{\"@type\":\"WebSite\",\"@id\":\"https:\/\/www.psy.link\/blog\/#website\",\"url\":\"https:\/\/www.psy.link\/blog\/\",\"name\":\"Blog Psy.link\",\"description\":\"Votre guide pour comprendre la psychologie et cultiver votre sant\u00e9 mentale\",\"publisher\":{\"@id\":\"https:\/\/www.psy.link\/blog\/#organization\"},\"potentialAction\":[{\"@type\":\"SearchAction\",\"target\":{\"@type\":\"EntryPoint\",\"urlTemplate\":\"https:\/\/www.psy.link\/blog\/?s={search_term_string}\"},\"query-input\":{\"@type\":\"PropertyValueSpecification\",\"valueRequired\":true,\"valueName\":\"search_term_string\"}}],\"inLanguage\":\"fr-FR\"},{\"@type\":\"Organization\",\"@id\":\"https:\/\/www.psy.link\/blog\/#organization\",\"name\":\"Psy.link\",\"url\":\"https:\/\/www.psy.link\/blog\/\",\"logo\":{\"@type\":\"ImageObject\",\"inLanguage\":\"fr-FR\",\"@id\":\"https:\/\/www.psy.link\/blog\/#\/schema\/logo\/image\/\",\"url\":\"https:\/\/www.psy.link\/blog\/wp-content\/uploads\/2022\/06\/full_logo.png\",\"contentUrl\":\"https:\/\/www.psy.link\/blog\/wp-content\/uploads\/2022\/06\/full_logo.png\",\"width\":2461,\"height\":1642,\"caption\":\"Psy.link\"},\"image\":{\"@id\":\"https:\/\/www.psy.link\/blog\/#\/schema\/logo\/image\/\"},\"sameAs\":[\"https:\/\/www.facebook.com\/psy.link.therapie\/\",\"https:\/\/x.com\/Psylink_tcc\",\"https:\/\/www.instagram.com\/psy.link_\/\",\"https:\/\/www.linkedin.com\/company\/psy-link-therapie\"]},{\"@type\":\"Person\",\"@id\":\"https:\/\/www.psy.link\/blog\/#\/schema\/person\/42e87036448e52b90611c0559a5f005a\",\"name\":\"Linda Kempe\",\"description\":\"Fondateur de Psy.link - Psychologue clinicienne - Charg\u00e9e de cours \u00e0 l'Universit\u00e9\",\"sameAs\":[\"https:\/\/psy.link\/\"],\"url\":\"https:\/\/www.psy.link\/blog\/author\/linda\/\"}]}<\/script>\n<!-- \/ Yoast SEO plugin. -->","yoast_head_json":{"title":"Est-ce que j'ai le syndrome de la cabane ? | Psy.link\/blog","description":"Le syndrome de la cabane est une expression pour indiquer la difficult\u00e9 de sortir de chez soi et de reprendre une vie sociale apr\u00e8s le confinement.","robots":{"index":"index","follow":"follow","max-snippet":"max-snippet:-1","max-image-preview":"max-image-preview:large","max-video-preview":"max-video-preview:-1"},"canonical":"https:\/\/www.psy.link\/blog\/2021\/01\/18\/jai-le-syndrome-de-la-cabane\/","og_locale":"fr_FR","og_type":"article","og_title":"Bien communiquer avec son ado","og_description":"Le syndrome de la cabane est une expression pour indiquer la difficult\u00e9 de sortir de chez soi et de reprendre une vie sociale apr\u00e8s le confinement.","og_url":"https:\/\/www.psy.link\/blog\/2021\/01\/18\/jai-le-syndrome-de-la-cabane\/","og_site_name":"Blog Psy.link","article_publisher":"https:\/\/www.facebook.com\/psy.link.therapie\/","article_published_time":"2021-01-18T08:23:35+00:00","article_modified_time":"2026-01-28T13:59:33+00:00","og_image":[{"width":1100,"height":630,"url":"https:\/\/www.psy.link\/blog\/wp-content\/uploads\/2020\/03\/vignette-communication-ado-facebook.jpg","type":"image\/jpeg"}],"author":"Linda Kempe","twitter_card":"summary_large_image","twitter_creator":"@Psylink_tcc","twitter_site":"@Psylink_tcc","twitter_misc":{"\u00c9crit par":"Linda Kempe","Dur\u00e9e de lecture estim\u00e9e":"11 minutes"},"schema":{"@context":"https:\/\/schema.org","@graph":[{"@type":"Article","@id":"https:\/\/www.psy.link\/blog\/2021\/01\/18\/jai-le-syndrome-de-la-cabane\/#article","isPartOf":{"@id":"https:\/\/www.psy.link\/blog\/2021\/01\/18\/jai-le-syndrome-de-la-cabane\/"},"author":{"name":"Linda Kempe","@id":"https:\/\/www.psy.link\/blog\/#\/schema\/person\/42e87036448e52b90611c0559a5f005a"},"headline":"J\u2019ai le syndrome de la cabane","datePublished":"2021-01-18T08:23:35+00:00","dateModified":"2026-01-28T13:59:33+00:00","mainEntityOfPage":{"@id":"https:\/\/www.psy.link\/blog\/2021\/01\/18\/jai-le-syndrome-de-la-cabane\/"},"wordCount":2185,"publisher":{"@id":"https:\/\/www.psy.link\/blog\/#organization"},"image":{"@id":"https:\/\/www.psy.link\/blog\/2021\/01\/18\/jai-le-syndrome-de-la-cabane\/#primaryimage"},"thumbnailUrl":"https:\/\/www.psy.link\/blog\/wp-content\/uploads\/2021\/01\/ben-blennerhassett-L7JGC_bgWyU-unsplash.jpg","keywords":["anxi\u00e9t\u00e9","d\u00e9pression"],"articleSection":["Anxi\u00e9t\u00e9","Coronavirus","D\u00e9pression","Procrastination"],"inLanguage":"fr-FR"},{"@type":"WebPage","@id":"https:\/\/www.psy.link\/blog\/2021\/01\/18\/jai-le-syndrome-de-la-cabane\/","url":"https:\/\/www.psy.link\/blog\/2021\/01\/18\/jai-le-syndrome-de-la-cabane\/","name":"Est-ce que j'ai le syndrome de la cabane ? | Psy.link\/blog","isPartOf":{"@id":"https:\/\/www.psy.link\/blog\/#website"},"primaryImageOfPage":{"@id":"https:\/\/www.psy.link\/blog\/2021\/01\/18\/jai-le-syndrome-de-la-cabane\/#primaryimage"},"image":{"@id":"https:\/\/www.psy.link\/blog\/2021\/01\/18\/jai-le-syndrome-de-la-cabane\/#primaryimage"},"thumbnailUrl":"https:\/\/www.psy.link\/blog\/wp-content\/uploads\/2021\/01\/ben-blennerhassett-L7JGC_bgWyU-unsplash.jpg","datePublished":"2021-01-18T08:23:35+00:00","dateModified":"2026-01-28T13:59:33+00:00","description":"Le syndrome de la cabane est une expression pour indiquer la difficult\u00e9 de sortir de chez soi et de reprendre une vie sociale apr\u00e8s le confinement.","breadcrumb":{"@id":"https:\/\/www.psy.link\/blog\/2021\/01\/18\/jai-le-syndrome-de-la-cabane\/#breadcrumb"},"inLanguage":"fr-FR","potentialAction":[{"@type":"ReadAction","target":["https:\/\/www.psy.link\/blog\/2021\/01\/18\/jai-le-syndrome-de-la-cabane\/"]}]},{"@type":"ImageObject","inLanguage":"fr-FR","@id":"https:\/\/www.psy.link\/blog\/2021\/01\/18\/jai-le-syndrome-de-la-cabane\/#primaryimage","url":"https:\/\/www.psy.link\/blog\/wp-content\/uploads\/2021\/01\/ben-blennerhassett-L7JGC_bgWyU-unsplash.jpg","contentUrl":"https:\/\/www.psy.link\/blog\/wp-content\/uploads\/2021\/01\/ben-blennerhassett-L7JGC_bgWyU-unsplash.jpg","width":640,"height":360},{"@type":"BreadcrumbList","@id":"https:\/\/www.psy.link\/blog\/2021\/01\/18\/jai-le-syndrome-de-la-cabane\/#breadcrumb","itemListElement":[{"@type":"ListItem","position":1,"name":"Accueil","item":"https:\/\/www.psy.link\/blog\/"},{"@type":"ListItem","position":2,"name":"J\u2019ai le syndrome de la cabane"}]},{"@type":"WebSite","@id":"https:\/\/www.psy.link\/blog\/#website","url":"https:\/\/www.psy.link\/blog\/","name":"Blog Psy.link","description":"Votre guide pour comprendre la psychologie et cultiver votre sant\u00e9 mentale","publisher":{"@id":"https:\/\/www.psy.link\/blog\/#organization"},"potentialAction":[{"@type":"SearchAction","target":{"@type":"EntryPoint","urlTemplate":"https:\/\/www.psy.link\/blog\/?s={search_term_string}"},"query-input":{"@type":"PropertyValueSpecification","valueRequired":true,"valueName":"search_term_string"}}],"inLanguage":"fr-FR"},{"@type":"Organization","@id":"https:\/\/www.psy.link\/blog\/#organization","name":"Psy.link","url":"https:\/\/www.psy.link\/blog\/","logo":{"@type":"ImageObject","inLanguage":"fr-FR","@id":"https:\/\/www.psy.link\/blog\/#\/schema\/logo\/image\/","url":"https:\/\/www.psy.link\/blog\/wp-content\/uploads\/2022\/06\/full_logo.png","contentUrl":"https:\/\/www.psy.link\/blog\/wp-content\/uploads\/2022\/06\/full_logo.png","width":2461,"height":1642,"caption":"Psy.link"},"image":{"@id":"https:\/\/www.psy.link\/blog\/#\/schema\/logo\/image\/"},"sameAs":["https:\/\/www.facebook.com\/psy.link.therapie\/","https:\/\/x.com\/Psylink_tcc","https:\/\/www.instagram.com\/psy.link_\/","https:\/\/www.linkedin.com\/company\/psy-link-therapie"]},{"@type":"Person","@id":"https:\/\/www.psy.link\/blog\/#\/schema\/person\/42e87036448e52b90611c0559a5f005a","name":"Linda Kempe","description":"Fondateur de Psy.link - Psychologue clinicienne - Charg\u00e9e de cours \u00e0 l'Universit\u00e9","sameAs":["https:\/\/psy.link\/"],"url":"https:\/\/www.psy.link\/blog\/author\/linda\/"}]}},"uagb_featured_image_src":{"full":["https:\/\/www.psy.link\/blog\/wp-content\/uploads\/2021\/01\/ben-blennerhassett-L7JGC_bgWyU-unsplash.jpg",640,360,false],"thumbnail":["https:\/\/www.psy.link\/blog\/wp-content\/uploads\/2021\/01\/ben-blennerhassett-L7JGC_bgWyU-unsplash-150x150.jpg",150,150,true],"medium":["https:\/\/www.psy.link\/blog\/wp-content\/uploads\/2021\/01\/ben-blennerhassett-L7JGC_bgWyU-unsplash-300x169.jpg",300,169,true],"medium_large":["https:\/\/www.psy.link\/blog\/wp-content\/uploads\/2021\/01\/ben-blennerhassett-L7JGC_bgWyU-unsplash.jpg",640,360,false],"large":["https:\/\/www.psy.link\/blog\/wp-content\/uploads\/2021\/01\/ben-blennerhassett-L7JGC_bgWyU-unsplash.jpg",640,360,false],"1536x1536":["https:\/\/www.psy.link\/blog\/wp-content\/uploads\/2021\/01\/ben-blennerhassett-L7JGC_bgWyU-unsplash.jpg",640,360,false],"2048x2048":["https:\/\/www.psy.link\/blog\/wp-content\/uploads\/2021\/01\/ben-blennerhassett-L7JGC_bgWyU-unsplash.jpg",640,360,false]},"uagb_author_info":{"display_name":"Linda Kempe","author_link":"https:\/\/www.psy.link\/blog\/author\/linda\/"},"uagb_comment_info":0,"uagb_excerpt":"La crise sanitaire a chamboul\u00e9 nos vies. Au-del\u00e0 des r\u00e9percussions sur la sant\u00e9, cette pand\u00e9mie a eu des r\u00e9percussions sociales, \u00e9conomique et psychologiques.&nbsp; Nous avons \u00e9t\u00e9 confin\u00e9s, d\u00e9confin\u00e9s et reconfin\u00e9s, partiellement ou totalement. Peut-\u00eatre pour certains le premier confinement \u00e9tait une opportunit\u00e9 de faire une remise en question alors que pour d\u2019autres cet isolement a\u2026","_links":{"self":[{"href":"https:\/\/www.psy.link\/blog\/wp-json\/wp\/v2\/posts\/1963","targetHints":{"allow":["GET"]}}],"collection":[{"href":"https:\/\/www.psy.link\/blog\/wp-json\/wp\/v2\/posts"}],"about":[{"href":"https:\/\/www.psy.link\/blog\/wp-json\/wp\/v2\/types\/post"}],"author":[{"embeddable":true,"href":"https:\/\/www.psy.link\/blog\/wp-json\/wp\/v2\/users\/6"}],"replies":[{"embeddable":true,"href":"https:\/\/www.psy.link\/blog\/wp-json\/wp\/v2\/comments?post=1963"}],"version-history":[{"count":2,"href":"https:\/\/www.psy.link\/blog\/wp-json\/wp\/v2\/posts\/1963\/revisions"}],"predecessor-version":[{"id":14501,"href":"https:\/\/www.psy.link\/blog\/wp-json\/wp\/v2\/posts\/1963\/revisions\/14501"}],"wp:featuredmedia":[{"embeddable":true,"href":"https:\/\/www.psy.link\/blog\/wp-json\/wp\/v2\/media\/1967"}],"wp:attachment":[{"href":"https:\/\/www.psy.link\/blog\/wp-json\/wp\/v2\/media?parent=1963"}],"wp:term":[{"taxonomy":"category","embeddable":true,"href":"https:\/\/www.psy.link\/blog\/wp-json\/wp\/v2\/categories?post=1963"},{"taxonomy":"post_tag","embeddable":true,"href":"https:\/\/www.psy.link\/blog\/wp-json\/wp\/v2\/tags?post=1963"}],"curies":[{"name":"wp","href":"https:\/\/api.w.org\/{rel}","templated":true}]}}