{"id":2727,"date":"2021-04-21T08:00:00","date_gmt":"2021-04-21T06:00:00","guid":{"rendered":"https:\/\/www.psy.link\/blog\/?p=2727"},"modified":"2026-02-13T12:11:49","modified_gmt":"2026-02-13T11:11:49","slug":"sommeil-comment-le-reguler-naturellement","status":"publish","type":"post","link":"https:\/\/www.psy.link\/blog\/2021\/04\/21\/sommeil-comment-le-reguler-naturellement\/","title":{"rendered":"Sommeil : comment le r\u00e9guler naturellement\u00a0?"},"content":{"rendered":"\n<p>Article sur le sommeil \u00e9crit par Anne-Claire Leterme, psychologue form\u00e9e aux TCC, Docteure en psychologie clinique, sp\u00e9cialiste en stress et anxi\u00e9t\u00e9.<\/p>\n\n\n\n<p>La vie moderne, le travail et le stress sont souvent \u00e0 l\u2019origine de la perturbation des rythmes biologiques auxquels notre organisme est soumis. L\u2019essor du t\u00e9l\u00e9travail impos\u00e9 par la crise sanitaire que nous traversons, ou encore, les p\u00e9riodes de confinement peuvent \u00e9galement \u00eatre des facteurs perturbateurs de ces rythmes. Le rythme essentiel est dit circadien. Le rythme circadien repr\u00e9sente une journ\u00e9e, c\u2019est-\u00e0-dire un cycle de 24 heures. D\u2019autres exemples sont&nbsp;: le rythme de cycle de veille\/sommeil, le rythme du cycle de la temp\u00e9rature corporelle, les cycles hormonaux comme le cortisol qui est l\u2019une des hormones du stress etc\u2026 Des variations r\u00e9guli\u00e8res faisant partie de rythmes peuvent \u00eatre observ\u00e9es tout au long de la journ\u00e9e.<\/p>\n\n\n\n<div class=\"wp-block-group is-layout-constrained wp-block-group-is-layout-constrained\"><div class=\"wp-block-group__inner-container\">\n<div class=\"wp-block-columns is-layout-flex wp-container-core-columns-is-layout-28f84493 wp-block-columns-is-layout-flex\">\n<div class=\"wp-block-column is-layout-flow wp-block-column-is-layout-flow\" style=\"flex-basis:100%\">\n<div class=\"wp-block-uagb-container uagb-layout-grid uagb-block-6588ff3e alignfull uagb-is-root-container\">\n<div class=\"wp-block-uagb-container uagb-block-22367a12\">\n<div class=\"wp-block-uagb-call-to-action uagb-block-0bd688a4 wp-block-button\"><div class=\"uagb-cta__wrap\"><h3 class=\"uagb-cta__title\"><strong>Prenez rendez-vous avec un psychologue TCC v\u00e9rifi\u00e9<\/strong><\/h3><p class=\"uagb-cta__desc\">Des psychologues form\u00e9s, disponibles rapidement, pour une prise en charge efficace d\u00e8s la premi\u00e8re s\u00e9ance.<\/p><\/div><div class=\"uagb-cta__buttons\"><a href=\"https:\/\/app.psy.link\/psychologues-tcc\" class=\"uagb-cta__button-link-wrapper wp-block-button__link\" target=\"_self\" rel=\"noopener noreferrer\">\ud83d\udc49 Trouver un psychologue TCC maintenant<\/a><\/div><\/div>\n<\/div>\n<\/div>\n<\/div>\n<\/div>\n<\/div><\/div>\n\n\n\n<p>Il y a aussi des variations rythmiques plus rapides : la fr\u00e9quence cardiaque, la respiration, et d\u2019autres plus lentes, mensuelles ou annuelles. La perturbation de ces diff\u00e9rents rythmes peut perturber les grandes fonctions comme le sommeil, ce qui, en retour va nous rendre moins r\u00e9sistant pour affronter les stresseurs quotidiens.<\/p>\n\n\n\n<h3 class=\"wp-block-heading\"><strong><em>Sommes<\/em><\/strong><em><strong>-nous d\u00e9synchronis\u00e9s&nbsp;?<\/strong><\/em><\/h3>\n\n\n\n<p>Est-ce que vous savez que la plupart d\u2019entre nous vivons en \u00e9tant d\u00e9synchronis\u00e9s&nbsp;? Afin de retrouver l\u2019\u00e9quilibre, nous pouvons agir concr\u00e8tement en mettant en place de nouvelles habitudes. Les conseils de cet article vous paraitront peut-\u00eatre tr\u00e8s simples et basiques, mais pourtant, ce sont des choses efficaces et que nous ne mettons pas forc\u00e9ment en application.<\/p>\n\n\n\n<h2 class=\"wp-block-heading\"><strong><em>Sommeil et rythmes<\/em><\/strong><\/h2>\n\n\n\n<p>\u00ab&nbsp;7H du matin. Votre r\u00e9veil sonne. Vous vous r\u00e9veillez compl\u00e8tement d\u00e9boussol\u00e9, le cerveau dans la brume.&nbsp;\u00bb<\/p>\n\n\n\n<p>Le sommeil est un \u00e9l\u00e9ment cl\u00e9 de notre \u00e9quilibre. Avoir un bon sommeil nous prot\u00e8ge aussi bien physiquement (en renfor\u00e7ant nos d\u00e9fenses immunitaires) que mentalement (en nous rendant plus attentifs, plus efficaces et plus \u00e9panouis). Nous constatons aujourd\u2019hui que sous l\u2019effet combin\u00e9 de plusieurs facteurs (pand\u00e9mie de covid-19, stress, horaires d\u00e9cal\u00e9s de travail \u2026), nous dormons de plus en plus mal.<\/p>\n\n\n\n\n\n<h2 class=\"wp-block-heading\"><strong><em>Agir sur le sommeil par le respect de nos rythmes<\/em><\/strong><\/h2>\n\n\n\n<h3 class=\"wp-block-heading\"><strong><em>A chacun son sommeil<\/em><\/strong><\/h3>\n\n\n\n<p>Pour bien dormir, il faut savoir personnaliser son sommeil, c\u2019est-\u00e0-dire savoir dormir \u00ab&nbsp;\u00e0 son style&nbsp;\u00bb. Chacun son style&nbsp;! Malheureusement notre soci\u00e9t\u00e9 a tendance \u00e0 appliquer \u00e0 tous un calendrier et une horloge universelle. Il existe aussi une id\u00e9e fausse \u00e0 propos de la dur\u00e9e du sommeil, universellement r\u00e9pandue&nbsp;: la fameuse r\u00e8gle des 8 heures de sommeil, sans tenir compte de l\u2019individualit\u00e9.<\/p>\n\n\n\n<p>On devrait en fait s\u2019\u00e9couter plus, c\u2019est-\u00e0-dire, s\u2019endormir quand on est fatigu\u00e9 et se r\u00e9veiller quand on ne l\u2019est plus. Il est n\u00e9cessaire de conna\u00eetre son sommeil, de savoir quand et combien de temps nous devons dormir. De m\u00eame qu\u2019il existe des petits, moyens et gros dormeurs, chacun a sa propre typologie circadienne&nbsp;: plut\u00f4t du matin, interm\u00e9diaire ou du soir. Et vous&nbsp;?<\/p>\n\n\n\n<h3 class=\"wp-block-heading\"><strong><em>\u00ab&nbsp;Le syndrome de la grasse mat\u2019&nbsp;\u00bb<\/em><\/strong><\/h3>\n\n\n\n<p>\u00ab&nbsp;C\u2019est le week-end et vous faites la grasse matin\u00e9e le samedi, puis le soir, vous n\u2019\u00eates pas fatigu\u00e9 \u00e0 l\u2019heure habituelle, vous vous couchez plus tard, puis vous refaites une grasse matin\u00e9e le dimanche.&nbsp;\u00bb<\/p>\n\n\n\n<p>Le week-end ou pendant les vacances, la tentation est grande de faire une grasse matin\u00e9e pour \u00ab&nbsp;r\u00e9cup\u00e9rer&nbsp;\u00bb de sa semaine. De la m\u00eame mani\u00e8re, pendant les p\u00e9riodes de confinement ou lorsque nous sommes en t\u00e9l\u00e9travail, notre rythme de vie peut \u00eatre perturb\u00e9.<\/p>\n\n\n\n<ul class=\"wp-block-list\">\n<li>Notre organisme est programm\u00e9 pour faire des \u00e9carts, mais attention \u00e0 ne pas trop vous d\u00e9caler&nbsp;: sans adopter un rythme militaire, essayer de garder des horaires r\u00e9guliers de lever et de coucher.<\/li>\n<\/ul>\n\n\n\n<div class=\"wp-block-columns is-layout-flex wp-container-core-columns-is-layout-28f84493 wp-block-columns-is-layout-flex\">\n<div class=\"wp-block-column is-vertically-aligned-stretch has-ast-global-color-4-background-color has-background is-layout-flow wp-block-column-is-layout-flow\" style=\"padding-top:var(--wp--preset--spacing--20);padding-right:var(--wp--preset--spacing--20);padding-bottom:var(--wp--preset--spacing--20);padding-left:var(--wp--preset--spacing--20)\">\n<div class=\"wp-block-group is-nowrap is-layout-flex wp-container-core-group-is-layout-6c531013 wp-block-group-is-layout-flex\">\n<figure class=\"wp-block-image aligncenter size-full is-resized\"><img decoding=\"async\" width=\"400\" height=\"600\" src=\"https:\/\/www.psy.link\/blog\/wp-content\/uploads\/2025\/11\/9.png\" alt=\"\" class=\"wp-image-14284\" style=\"width:170px;height:auto\" srcset=\"https:\/\/www.psy.link\/blog\/wp-content\/uploads\/2025\/11\/9.png 400w, https:\/\/www.psy.link\/blog\/wp-content\/uploads\/2025\/11\/9-200x300.png 200w\" sizes=\"(max-width: 400px) 100vw, 400px\" \/><\/figure>\n\n\n\n<div class=\"wp-block-uagb-call-to-action uagb-block-4806f25e wp-block-button\"><div class=\"uagb-cta__wrap\"><h2 class=\"uagb-cta__title\"><strong>Trouvez un psychologue TCC qualifi\u00e9 pr\u00e8s de chez vous<\/strong><\/h2><p class=\"uagb-cta__desc\">L\u2019annuaire national Psy.link regroupe des praticiens form\u00e9s et v\u00e9rifi\u00e9s, disponibles rapidement.<\/p><\/div><div class=\"uagb-cta__buttons\"><a href=\"https:\/\/app.psy.link\/psychologues-tcc\" class=\"uagb-cta__button-link-wrapper wp-block-button__link\" target=\"_blank\" rel=\"noopener noreferrer\">\ud83d\udd0e Consulter l\u2019annuaire<\/a><\/div><\/div>\n<\/div>\n<\/div>\n<\/div>\n\n\n\n<h2 class=\"wp-block-heading\"><strong><em>Comment agir sur le sommeil ?<\/em><\/strong><\/h2>\n\n\n\n<h3 class=\"wp-block-heading\"><em><strong>Des synchronisateurs externes<\/strong><\/em><\/h3>\n\n\n\n<p>Pour re-synchroniser nos rythmes biologiques avec les contraintes horaires de notre vie quotidienne, nous pouvons agir sur les synchronisateurs externes, et ainsi avancer ou retarder les rythmes.<\/p>\n\n\n\n<figure class=\"wp-block-image aligncenter size-large\"><img decoding=\"async\" width=\"640\" height=\"480\" src=\"https:\/\/www.psy.link\/blog\/wp-content\/uploads\/2021\/04\/Hnet.com-image15.jpg\" alt=\"Homme manquant de sommeil, en plein travail devant son \u00e9cran d'ordinateur et peu de lumi\u00e8re. \" class=\"wp-image-2738\" srcset=\"https:\/\/www.psy.link\/blog\/wp-content\/uploads\/2021\/04\/Hnet.com-image15.jpg 640w, https:\/\/www.psy.link\/blog\/wp-content\/uploads\/2021\/04\/Hnet.com-image15-300x225.jpg 300w\" sizes=\"(max-width: 640px) 100vw, 640px\" \/><\/figure>\n\n\n\n<div class=\"wp-block-group is-layout-flow wp-block-group-is-layout-flow\"><div class=\"wp-block-group__inner-container\">\n<p class=\"has-text-align-center\"><strong>Si vous avez des difficult\u00e9s en ce moment. Si vous sentez que malgr\u00e9 des efforts, vous peinez \u00e0 remonter la pente, n&rsquo;h\u00e9sitez pas \u00e0 demander conseil \u00e0 un de nos psychologues. Ils sont l\u00e0 pour vous aider.<\/strong><\/p>\n<\/div><\/div>\n\n\n\n<h3 class=\"wp-block-heading\"><strong><em>Agir sur l&rsquo;\u00e9clairage<\/em><\/strong><\/h3>\n\n\n\n<p>La lumi\u00e8re est le plus fort synchronisateur de nos rythmes biologiques. L\u2019utilisation de la lumi\u00e8re soit apr\u00e8s le r\u00e9veil, soit au moment du coucher est tr\u00e8s utile car tr\u00e8s active sur nos horloges internes. Une lumi\u00e8re forte le matin avance les rythmes biologiques, tandis qu\u2019une lumi\u00e8re forte le soir les retarde. Pour ne pas retarder le sommeil, il faut diminuer progressivement la luminosit\u00e9 de la pi\u00e8ce et \u00e9viter de s\u2019exposer \u00e0 la lumi\u00e8re d\u2019un \u00e9cran. Les \u00e9crans d\u00e9livrent en effet une lumi\u00e8re dont l\u2019intensit\u00e9 \u00e0 15-20 cm des yeux est tr\u00e8s importante. Les nouvelles technologies des smartphones, tablettes et ordinateurs sont tr\u00e8s lumineux pour notre confort. N\u00e9anmoins, des diodes dont le spectre est dans la lumi\u00e8re bleue activent notre horloge biologique. La lumi\u00e8re bleue a pour effet de bloquer 10 fois plus la s\u00e9cr\u00e9tion de m\u00e9latonine, l\u2019hormone du sommeil, que la lumi\u00e8re blanche.<\/p>\n\n\n\n<h3 class=\"wp-block-heading\"><em><strong>Les \u00e9crans<\/strong><\/em><\/h3>\n\n\n\n<p>En utilisant les appareils tard, ils donnent un signal trompeur \u00e0 notre organisme en lui faisant croire qu\u2019il fait encore jour. Cela retarde l\u2019endormissement. La t\u00e9l\u00e9 influe sur les signaux de sommeil envoy\u00e9s par notre cerveau. Il est pr\u00e9f\u00e9rable de regarder la t\u00e9l\u00e9 dans une pi\u00e8ce un peu \u00e9clair\u00e9e que toute noire. Lorsque nous regardons la t\u00e9l\u00e9 dans une pi\u00e8ce noire, le contraste majore l\u2019action de la lumi\u00e8re sur la r\u00e9tine et active ainsi l\u2019\u00e9veil.<\/p>\n\n\n\n<p>Le matin, il faut au contraire s\u2019exposer \u00e0 la lumi\u00e8re pour r\u00e9veiller l\u2019organisme.<\/p>\n\n\n\n<h3 class=\"wp-block-heading\"><strong><em>Temp\u00e9rature du corps<\/em><\/strong><\/h3>\n\n\n\n<p>\u00ab&nbsp;21H, pour vous d\u00e9tendre de cette journ\u00e9e ext\u00e9nuante et parce qu\u2019aujourd\u2019hui, c\u2019est la fin du couvre-feu, vous allez faire un footing de 30 minutes, puis vous prenez un bain bien chaud. Une fois au lit, impossible de vous endormir&nbsp;\u00bb<\/p>\n\n\n\n<p>La temp\u00e9rature est un autre synchronisateur de nos rythmes biologiques. Une temp\u00e9rature du corps plus \u00e9lev\u00e9e maintien l\u2019\u00e9veil. Il faut donc \u00e9viter de prendre un bain chaud juste avant de s\u2019endormir.<\/p>\n\n\n\n<p>Le sport fait \u00e9galement monter la temp\u00e9rature du corps et maintien l\u2019\u00e9veil, donc il vaut mieux \u00e9viter de pratiquer une activit\u00e9 sportive moins de 4H avant le coucher. Privil\u00e9giez le sport le matin, mais si cela n\u2019est pas possible pour vous, vous pouvez, apr\u00e8s votre activit\u00e9 physique, prendre une douche ti\u00e8de pour faire descendre la temp\u00e9rature corporelle.<\/p>\n\n\n\n<p>En cas de difficult\u00e9s d\u2019endormissement le soir, afin de vous resynchroniser, vous devez marquer le moment du r\u00e9veil en prenant une douche chaude, en faisant un exercice physique et en vous exposant \u00e0 une lumi\u00e8re forte. Ces \u00ab&nbsp;stimulations&nbsp;\u00bb sont naturellement \u00e0 \u00e9viter le soir.<\/p>\n\n\n\n<p>En cas de r\u00e9veil matinal trop pr\u00e9coce, ne tra\u00eenez pas au lit. Puis favorisez l\u2019activit\u00e9 physique et la lumi\u00e8re intense le soir, pour repousser le moment du sommeil afin de retarder votre r\u00e9veil.<\/p>\n\n\n\n<h2 class=\"wp-block-heading\"><strong><em>Sommeil et stress<\/em><\/strong><\/h2>\n\n\n\n<figure class=\"wp-block-image aligncenter size-large\"><img decoding=\"async\" width=\"640\" height=\"480\" src=\"https:\/\/www.psy.link\/blog\/wp-content\/uploads\/2021\/04\/Hnet.com-image14.jpg\" alt=\"Femme stress\u00e9e devant son travail et en manque de sommeil. \" class=\"wp-image-2737\" srcset=\"https:\/\/www.psy.link\/blog\/wp-content\/uploads\/2021\/04\/Hnet.com-image14.jpg 640w, https:\/\/www.psy.link\/blog\/wp-content\/uploads\/2021\/04\/Hnet.com-image14-300x225.jpg 300w\" sizes=\"(max-width: 640px) 100vw, 640px\" \/><\/figure>\n\n\n\n<h3 class=\"wp-block-heading\"><strong><em>D\u00e9connexion<\/em><\/strong><\/h3>\n\n\n\n<p>\u00ab&nbsp;Il est 22H. Vous bouclez votre dossier que vous n\u2019avez pas eu le temps de finir dans la journ\u00e9e. Il est 23H. Dans votre lit, vous pensez \u00e0 la r\u00e9union importante qui vous attend le lendemain et vous n\u2019arrivez pas \u00e0 trouver le sommeil&nbsp;\u00bb.<\/p>\n\n\n\n<p>Apr\u00e8s une journ\u00e9e stressante o\u00f9 l\u2019on a multipli\u00e9 les activit\u00e9s, il peut \u00eatre parfois difficile de se d\u00e9connecter et de trouver le sommeil. Le sommeil est un \u00e9tat de l\u00e2cher prise totale. Cela explique pourquoi les ruminations et inqui\u00e9tudes emp\u00eachent l\u2019endormissement.<\/p>\n\n\n\n<p>\u00ab&nbsp;Ma r\u00e9union de demain est tr\u00e8s importante, et si je rate ma pr\u00e9sentation&#8230;&nbsp;\u00bb<\/p>\n\n\n\n<p>\u00ab&nbsp;\u00c7a serait une catastrophe&nbsp;\u00bb<\/p>\n\n\n\n<p>\u00ab&nbsp;Je n\u2019aurais jamais d\u00fb accepter ce poste, je suis trop nul&nbsp;\u00bb<\/p>\n\n\n\n<p>Pour faciliter l\u2019endormissement, \u00e9vitez de travailler tard le soir. Il peut aussi \u00eatre utile de pr\u00e9voir un sas de d\u00e9compression. La lecture d\u2019un livre, une activit\u00e9 de d\u00e9tente, une relaxation, \u00e9couter de la musique&#8230;<\/p>\n\n\n\n<h2 class=\"wp-block-heading\"><strong><em>La peur du sommeil<\/em><\/strong><\/h2>\n\n\n\n<figure class=\"wp-block-image aligncenter size-large\"><img decoding=\"async\" width=\"640\" height=\"427\" src=\"https:\/\/www.psy.link\/blog\/wp-content\/uploads\/2021\/04\/Hnet.com-image16.jpg\" alt=\"Homme r\u00e9fl\u00e9chissant trop \u00e0 son sommeil\" class=\"wp-image-2740\" srcset=\"https:\/\/www.psy.link\/blog\/wp-content\/uploads\/2021\/04\/Hnet.com-image16.jpg 640w, https:\/\/www.psy.link\/blog\/wp-content\/uploads\/2021\/04\/Hnet.com-image16-300x200.jpg 300w\" sizes=\"(max-width: 640px) 100vw, 640px\" \/><\/figure>\n\n\n\n<p>\u00ab&nbsp;23H15. Je ne vais pas r\u00e9ussir \u00e0 dormir et je ne serai pas en forme demain. Il faut absolument que je dorme.&nbsp;Cela fait d\u00e9j\u00e0 deux nuits que je dors mal \u00bb<\/p>\n\n\n\n<p>Avez-vous d\u00e9j\u00e0 eu la peur de ne pas r\u00e9ussir \u00e0 vous endormir&nbsp;? De ne pas fermer l\u2019\u0153il de la nuit&nbsp;? Ce qui est quasiment impossible. Nombreux sont ceux qui s\u2019inqui\u00e8tent des cons\u00e9quences que pourrait engendrer une mauvaise nuit de sommeil sur le travail. Ces inqui\u00e9tudes engendrent de l\u2019\u00e9nervement, de l\u2019\u00e9puisement et des difficult\u00e9s d\u2019endormissement.<\/p>\n\n\n\n<p>Il faut faire confiance \u00e0 notre cerveau&nbsp;: c\u2019est lui qui nous endort, en changeant notre rythme c\u00e9r\u00e9bral.<\/p>\n\n\n\n<p>Nous parcourons dans notre sommeil plusieurs cycles. A la fin de chaque cycle, nous sommes presque \u00e9veill\u00e9s pour nous rendormir presque aussit\u00f4t. C\u2019est notre cerveau qui nous \u00e9veille d\u00e9finitivement quand nous avons assez dormi.<\/p>\n\n\n\n<p>Une insomnie transitoire n\u2019est pas grave, elle peut devenir pathologique quand elle dure dans le temps. Si apr\u00e8s application de ces conseils vous dormez toujours mal, pensez \u00e0 consulter un professionnel. Il y a des solutions.<\/p>\n\n\n\n<p>A lire aussi : <a href=\"https:\/\/www.psy.link\/blog\/2021\/06\/16\/les-comportements-anti-stress-essentiels\/\">Les comportement anti-stress essentiels<\/a>, <a href=\"https:\/\/www.psy.link\/blog\/2020\/05\/09\/le-sommeil-un-business-qui-remunere\/\">L&rsquo;insomnie, un business qui r\u00e9mun\u00e8re<\/a> ; <a href=\"https:\/\/www.psy.link\/blog\/2020\/04\/05\/17-minutes-de-relaxation-progressive\/\">17 minutes de relaxation progressive <\/a><\/p>\n\n\n","protected":false},"excerpt":{"rendered":"<p>Article sur le sommeil \u00e9crit par Anne-Claire Leterme, psychologue form\u00e9e aux TCC, Docteure en psychologie clinique, sp\u00e9cialiste en stress et anxi\u00e9t\u00e9. La vie moderne, le travail et le stress sont souvent \u00e0 l\u2019origine de la perturbation des rythmes biologiques auxquels notre organisme est soumis. L\u2019essor du t\u00e9l\u00e9travail impos\u00e9 par la crise sanitaire que nous traversons, [&hellip;]<\/p>\n","protected":false},"author":6,"featured_media":2731,"comment_status":"open","ping_status":"open","sticky":false,"template":"","format":"standard","meta":{"_uag_custom_page_level_css":"","_exactmetrics_skip_tracking":false,"_exactmetrics_sitenote_active":false,"_exactmetrics_sitenote_note":"","_exactmetrics_sitenote_category":0,"site-sidebar-layout":"default","site-content-layout":"default","ast-site-content-layout":"default","site-content-style":"default","site-sidebar-style":"default","ast-global-header-display":"","ast-banner-title-visibility":"","ast-main-header-display":"","ast-hfb-above-header-display":"","ast-hfb-below-header-display":"","ast-hfb-mobile-header-display":"","site-post-title":"","ast-breadcrumbs-content":"","ast-featured-img":"","footer-sml-layout":"","theme-transparent-header-meta":"default","adv-header-id-meta":"","stick-header-meta":"default","header-above-stick-meta":"","header-main-stick-meta":"","header-below-stick-meta":"","astra-migrate-meta-layouts":"set","ast-page-background-enabled":"default","ast-page-background-meta":{"desktop":{"background-color":"","background-image":"","background-repeat":"repeat","background-position":"center center","background-size":"auto","background-attachment":"scroll","background-type":"","background-media":"","overlay-type":"","overlay-color":"","overlay-opacity":"","overlay-gradient":""},"tablet":{"background-color":"","background-image":"","background-repeat":"repeat","background-position":"center center","background-size":"auto","background-attachment":"scroll","background-type":"","background-media":"","overlay-type":"","overlay-color":"","overlay-opacity":"","overlay-gradient":""},"mobile":{"background-color":"","background-image":"","background-repeat":"repeat","background-position":"center center","background-size":"auto","background-attachment":"scroll","background-type":"","background-media":"","overlay-type":"","overlay-color":"","overlay-opacity":"","overlay-gradient":""}},"ast-content-background-meta":{"desktop":{"background-color":"var(--ast-global-color-5)","background-image":"","background-repeat":"repeat","background-position":"center center","background-size":"auto","background-attachment":"scroll","background-type":"","background-media":"","overlay-type":"","overlay-color":"","overlay-opacity":"","overlay-gradient":""},"tablet":{"background-color":"var(--ast-global-color-5)","background-image":"","background-repeat":"repeat","background-position":"center center","background-size":"auto","background-attachment":"scroll","background-type":"","background-media":"","overlay-type":"","overlay-color":"","overlay-opacity":"","overlay-gradient":""},"mobile":{"background-color":"var(--ast-global-color-5)","background-image":"","background-repeat":"repeat","background-position":"center center","background-size":"auto","background-attachment":"scroll","background-type":"","background-media":"","overlay-type":"","overlay-color":"","overlay-opacity":"","overlay-gradient":""}},"footnotes":""},"categories":[3],"tags":[61,87,50,4,62],"class_list":["post-2727","post","type-post","status-publish","format-standard","has-post-thumbnail","hentry","category-sommeil","tag-anxiete","tag-conseils","tag-coronavirus","tag-sommeil","tag-stress"],"yoast_head":"<!-- This site is optimized with the Yoast SEO plugin v26.2 - https:\/\/yoast.com\/wordpress\/plugins\/seo\/ -->\n<title>Sommeil : comment le r\u00e9guler naturellement\u00a0? | Blog Psy.link<\/title>\n<meta name=\"description\" content=\"Vous avez des difficult\u00e9s de sommeil ? Vous \u00eates adepte des somnif\u00e8res ? Sachez qu&#039;il existe d&#039;autres fa\u00e7on, plus naturelles, de r\u00e9guler son sommeil.\" \/>\n<meta name=\"robots\" content=\"index, follow, max-snippet:-1, max-image-preview:large, max-video-preview:-1\" \/>\n<link rel=\"canonical\" href=\"https:\/\/www.psy.link\/blog\/2021\/04\/21\/sommeil-comment-le-reguler-naturellement\/\" \/>\n<meta property=\"og:locale\" content=\"fr_FR\" \/>\n<meta property=\"og:type\" content=\"article\" \/>\n<meta property=\"og:title\" content=\"Sommeil : comment le r\u00e9guler naturellement\u00a0? | Blog Psy.link\" \/>\n<meta property=\"og:description\" content=\"Vous avez des difficult\u00e9s de sommeil ? Vous \u00eates adepte des somnif\u00e8res ? Sachez qu&#039;il existe d&#039;autres fa\u00e7on, plus naturelles, de r\u00e9guler son sommeil.\" \/>\n<meta property=\"og:url\" content=\"https:\/\/www.psy.link\/blog\/2021\/04\/21\/sommeil-comment-le-reguler-naturellement\/\" \/>\n<meta property=\"og:site_name\" content=\"Blog Psy.link\" \/>\n<meta property=\"article:publisher\" content=\"https:\/\/www.facebook.com\/psy.link.therapie\/\" \/>\n<meta property=\"article:published_time\" content=\"2021-04-21T06:00:00+00:00\" \/>\n<meta property=\"article:modified_time\" content=\"2026-02-13T11:11:49+00:00\" \/>\n<meta property=\"og:image\" content=\"https:\/\/www.psy.link\/blog\/wp-content\/uploads\/2021\/04\/Hnet.com-image12.jpg\" \/>\n\t<meta property=\"og:image:width\" content=\"640\" \/>\n\t<meta property=\"og:image:height\" content=\"427\" \/>\n\t<meta property=\"og:image:type\" content=\"image\/jpeg\" \/>\n<meta name=\"author\" content=\"Linda Kempe\" \/>\n<meta name=\"twitter:card\" content=\"summary_large_image\" \/>\n<meta name=\"twitter:creator\" content=\"@Psylink_tcc\" \/>\n<meta name=\"twitter:site\" content=\"@Psylink_tcc\" \/>\n<meta name=\"twitter:label1\" content=\"\u00c9crit par\" \/>\n\t<meta name=\"twitter:data1\" content=\"Linda Kempe\" \/>\n\t<meta name=\"twitter:label2\" content=\"Dur\u00e9e de lecture estim\u00e9e\" \/>\n\t<meta name=\"twitter:data2\" content=\"8 minutes\" \/>\n<script type=\"application\/ld+json\" class=\"yoast-schema-graph\">{\"@context\":\"https:\/\/schema.org\",\"@graph\":[{\"@type\":\"Article\",\"@id\":\"https:\/\/www.psy.link\/blog\/2021\/04\/21\/sommeil-comment-le-reguler-naturellement\/#article\",\"isPartOf\":{\"@id\":\"https:\/\/www.psy.link\/blog\/2021\/04\/21\/sommeil-comment-le-reguler-naturellement\/\"},\"author\":{\"name\":\"Linda Kempe\",\"@id\":\"https:\/\/www.psy.link\/blog\/#\/schema\/person\/42e87036448e52b90611c0559a5f005a\"},\"headline\":\"Sommeil : comment le r\u00e9guler naturellement\u00a0?\",\"datePublished\":\"2021-04-21T06:00:00+00:00\",\"dateModified\":\"2026-02-13T11:11:49+00:00\",\"mainEntityOfPage\":{\"@id\":\"https:\/\/www.psy.link\/blog\/2021\/04\/21\/sommeil-comment-le-reguler-naturellement\/\"},\"wordCount\":1655,\"commentCount\":0,\"publisher\":{\"@id\":\"https:\/\/www.psy.link\/blog\/#organization\"},\"image\":{\"@id\":\"https:\/\/www.psy.link\/blog\/2021\/04\/21\/sommeil-comment-le-reguler-naturellement\/#primaryimage\"},\"thumbnailUrl\":\"https:\/\/www.psy.link\/blog\/wp-content\/uploads\/2021\/04\/Hnet.com-image12.jpg\",\"keywords\":[\"anxi\u00e9t\u00e9\",\"conseils\",\"coronavirus\",\"sommeil\",\"stress\"],\"articleSection\":[\"Sommeil\"],\"inLanguage\":\"fr-FR\",\"potentialAction\":[{\"@type\":\"CommentAction\",\"name\":\"Comment\",\"target\":[\"https:\/\/www.psy.link\/blog\/2021\/04\/21\/sommeil-comment-le-reguler-naturellement\/#respond\"]}]},{\"@type\":\"WebPage\",\"@id\":\"https:\/\/www.psy.link\/blog\/2021\/04\/21\/sommeil-comment-le-reguler-naturellement\/\",\"url\":\"https:\/\/www.psy.link\/blog\/2021\/04\/21\/sommeil-comment-le-reguler-naturellement\/\",\"name\":\"Sommeil : comment le r\u00e9guler naturellement\u00a0? | Blog Psy.link\",\"isPartOf\":{\"@id\":\"https:\/\/www.psy.link\/blog\/#website\"},\"primaryImageOfPage\":{\"@id\":\"https:\/\/www.psy.link\/blog\/2021\/04\/21\/sommeil-comment-le-reguler-naturellement\/#primaryimage\"},\"image\":{\"@id\":\"https:\/\/www.psy.link\/blog\/2021\/04\/21\/sommeil-comment-le-reguler-naturellement\/#primaryimage\"},\"thumbnailUrl\":\"https:\/\/www.psy.link\/blog\/wp-content\/uploads\/2021\/04\/Hnet.com-image12.jpg\",\"datePublished\":\"2021-04-21T06:00:00+00:00\",\"dateModified\":\"2026-02-13T11:11:49+00:00\",\"description\":\"Vous avez des difficult\u00e9s de sommeil ? Vous \u00eates adepte des somnif\u00e8res ? Sachez qu'il existe d'autres fa\u00e7on, plus naturelles, de r\u00e9guler son sommeil.\",\"breadcrumb\":{\"@id\":\"https:\/\/www.psy.link\/blog\/2021\/04\/21\/sommeil-comment-le-reguler-naturellement\/#breadcrumb\"},\"inLanguage\":\"fr-FR\",\"potentialAction\":[{\"@type\":\"ReadAction\",\"target\":[\"https:\/\/www.psy.link\/blog\/2021\/04\/21\/sommeil-comment-le-reguler-naturellement\/\"]}]},{\"@type\":\"ImageObject\",\"inLanguage\":\"fr-FR\",\"@id\":\"https:\/\/www.psy.link\/blog\/2021\/04\/21\/sommeil-comment-le-reguler-naturellement\/#primaryimage\",\"url\":\"https:\/\/www.psy.link\/blog\/wp-content\/uploads\/2021\/04\/Hnet.com-image12.jpg\",\"contentUrl\":\"https:\/\/www.psy.link\/blog\/wp-content\/uploads\/2021\/04\/Hnet.com-image12.jpg\",\"width\":640,\"height\":427},{\"@type\":\"BreadcrumbList\",\"@id\":\"https:\/\/www.psy.link\/blog\/2021\/04\/21\/sommeil-comment-le-reguler-naturellement\/#breadcrumb\",\"itemListElement\":[{\"@type\":\"ListItem\",\"position\":1,\"name\":\"Accueil\",\"item\":\"https:\/\/www.psy.link\/blog\/\"},{\"@type\":\"ListItem\",\"position\":2,\"name\":\"Sommeil : comment le r\u00e9guler naturellement\u00a0?\"}]},{\"@type\":\"WebSite\",\"@id\":\"https:\/\/www.psy.link\/blog\/#website\",\"url\":\"https:\/\/www.psy.link\/blog\/\",\"name\":\"Blog Psy.link\",\"description\":\"Votre guide pour comprendre la psychologie et cultiver votre sant\u00e9 mentale\",\"publisher\":{\"@id\":\"https:\/\/www.psy.link\/blog\/#organization\"},\"potentialAction\":[{\"@type\":\"SearchAction\",\"target\":{\"@type\":\"EntryPoint\",\"urlTemplate\":\"https:\/\/www.psy.link\/blog\/?s={search_term_string}\"},\"query-input\":{\"@type\":\"PropertyValueSpecification\",\"valueRequired\":true,\"valueName\":\"search_term_string\"}}],\"inLanguage\":\"fr-FR\"},{\"@type\":\"Organization\",\"@id\":\"https:\/\/www.psy.link\/blog\/#organization\",\"name\":\"Psy.link\",\"url\":\"https:\/\/www.psy.link\/blog\/\",\"logo\":{\"@type\":\"ImageObject\",\"inLanguage\":\"fr-FR\",\"@id\":\"https:\/\/www.psy.link\/blog\/#\/schema\/logo\/image\/\",\"url\":\"https:\/\/www.psy.link\/blog\/wp-content\/uploads\/2022\/06\/full_logo.png\",\"contentUrl\":\"https:\/\/www.psy.link\/blog\/wp-content\/uploads\/2022\/06\/full_logo.png\",\"width\":2461,\"height\":1642,\"caption\":\"Psy.link\"},\"image\":{\"@id\":\"https:\/\/www.psy.link\/blog\/#\/schema\/logo\/image\/\"},\"sameAs\":[\"https:\/\/www.facebook.com\/psy.link.therapie\/\",\"https:\/\/x.com\/Psylink_tcc\",\"https:\/\/www.instagram.com\/psy.link_\/\",\"https:\/\/www.linkedin.com\/company\/psy-link-therapie\"]},{\"@type\":\"Person\",\"@id\":\"https:\/\/www.psy.link\/blog\/#\/schema\/person\/42e87036448e52b90611c0559a5f005a\",\"name\":\"Linda Kempe\",\"description\":\"Fondateur de Psy.link - Psychologue clinicienne - Charg\u00e9e de cours \u00e0 l'Universit\u00e9\",\"sameAs\":[\"https:\/\/psy.link\/\"],\"url\":\"https:\/\/www.psy.link\/blog\/author\/linda\/\"}]}<\/script>\n<!-- \/ Yoast SEO plugin. -->","yoast_head_json":{"title":"Sommeil : comment le r\u00e9guler naturellement\u00a0? | Blog Psy.link","description":"Vous avez des difficult\u00e9s de sommeil ? Vous \u00eates adepte des somnif\u00e8res ? Sachez qu'il existe d'autres fa\u00e7on, plus naturelles, de r\u00e9guler son sommeil.","robots":{"index":"index","follow":"follow","max-snippet":"max-snippet:-1","max-image-preview":"max-image-preview:large","max-video-preview":"max-video-preview:-1"},"canonical":"https:\/\/www.psy.link\/blog\/2021\/04\/21\/sommeil-comment-le-reguler-naturellement\/","og_locale":"fr_FR","og_type":"article","og_title":"Sommeil : comment le r\u00e9guler naturellement\u00a0? | Blog Psy.link","og_description":"Vous avez des difficult\u00e9s de sommeil ? Vous \u00eates adepte des somnif\u00e8res ? Sachez qu'il existe d'autres fa\u00e7on, plus naturelles, de r\u00e9guler son sommeil.","og_url":"https:\/\/www.psy.link\/blog\/2021\/04\/21\/sommeil-comment-le-reguler-naturellement\/","og_site_name":"Blog Psy.link","article_publisher":"https:\/\/www.facebook.com\/psy.link.therapie\/","article_published_time":"2021-04-21T06:00:00+00:00","article_modified_time":"2026-02-13T11:11:49+00:00","og_image":[{"width":640,"height":427,"url":"https:\/\/www.psy.link\/blog\/wp-content\/uploads\/2021\/04\/Hnet.com-image12.jpg","type":"image\/jpeg"}],"author":"Linda Kempe","twitter_card":"summary_large_image","twitter_creator":"@Psylink_tcc","twitter_site":"@Psylink_tcc","twitter_misc":{"\u00c9crit par":"Linda Kempe","Dur\u00e9e de lecture estim\u00e9e":"8 minutes"},"schema":{"@context":"https:\/\/schema.org","@graph":[{"@type":"Article","@id":"https:\/\/www.psy.link\/blog\/2021\/04\/21\/sommeil-comment-le-reguler-naturellement\/#article","isPartOf":{"@id":"https:\/\/www.psy.link\/blog\/2021\/04\/21\/sommeil-comment-le-reguler-naturellement\/"},"author":{"name":"Linda Kempe","@id":"https:\/\/www.psy.link\/blog\/#\/schema\/person\/42e87036448e52b90611c0559a5f005a"},"headline":"Sommeil : comment le r\u00e9guler naturellement\u00a0?","datePublished":"2021-04-21T06:00:00+00:00","dateModified":"2026-02-13T11:11:49+00:00","mainEntityOfPage":{"@id":"https:\/\/www.psy.link\/blog\/2021\/04\/21\/sommeil-comment-le-reguler-naturellement\/"},"wordCount":1655,"commentCount":0,"publisher":{"@id":"https:\/\/www.psy.link\/blog\/#organization"},"image":{"@id":"https:\/\/www.psy.link\/blog\/2021\/04\/21\/sommeil-comment-le-reguler-naturellement\/#primaryimage"},"thumbnailUrl":"https:\/\/www.psy.link\/blog\/wp-content\/uploads\/2021\/04\/Hnet.com-image12.jpg","keywords":["anxi\u00e9t\u00e9","conseils","coronavirus","sommeil","stress"],"articleSection":["Sommeil"],"inLanguage":"fr-FR","potentialAction":[{"@type":"CommentAction","name":"Comment","target":["https:\/\/www.psy.link\/blog\/2021\/04\/21\/sommeil-comment-le-reguler-naturellement\/#respond"]}]},{"@type":"WebPage","@id":"https:\/\/www.psy.link\/blog\/2021\/04\/21\/sommeil-comment-le-reguler-naturellement\/","url":"https:\/\/www.psy.link\/blog\/2021\/04\/21\/sommeil-comment-le-reguler-naturellement\/","name":"Sommeil : comment le r\u00e9guler naturellement\u00a0? | Blog Psy.link","isPartOf":{"@id":"https:\/\/www.psy.link\/blog\/#website"},"primaryImageOfPage":{"@id":"https:\/\/www.psy.link\/blog\/2021\/04\/21\/sommeil-comment-le-reguler-naturellement\/#primaryimage"},"image":{"@id":"https:\/\/www.psy.link\/blog\/2021\/04\/21\/sommeil-comment-le-reguler-naturellement\/#primaryimage"},"thumbnailUrl":"https:\/\/www.psy.link\/blog\/wp-content\/uploads\/2021\/04\/Hnet.com-image12.jpg","datePublished":"2021-04-21T06:00:00+00:00","dateModified":"2026-02-13T11:11:49+00:00","description":"Vous avez des difficult\u00e9s de sommeil ? Vous \u00eates adepte des somnif\u00e8res ? Sachez qu'il existe d'autres fa\u00e7on, plus naturelles, de r\u00e9guler son sommeil.","breadcrumb":{"@id":"https:\/\/www.psy.link\/blog\/2021\/04\/21\/sommeil-comment-le-reguler-naturellement\/#breadcrumb"},"inLanguage":"fr-FR","potentialAction":[{"@type":"ReadAction","target":["https:\/\/www.psy.link\/blog\/2021\/04\/21\/sommeil-comment-le-reguler-naturellement\/"]}]},{"@type":"ImageObject","inLanguage":"fr-FR","@id":"https:\/\/www.psy.link\/blog\/2021\/04\/21\/sommeil-comment-le-reguler-naturellement\/#primaryimage","url":"https:\/\/www.psy.link\/blog\/wp-content\/uploads\/2021\/04\/Hnet.com-image12.jpg","contentUrl":"https:\/\/www.psy.link\/blog\/wp-content\/uploads\/2021\/04\/Hnet.com-image12.jpg","width":640,"height":427},{"@type":"BreadcrumbList","@id":"https:\/\/www.psy.link\/blog\/2021\/04\/21\/sommeil-comment-le-reguler-naturellement\/#breadcrumb","itemListElement":[{"@type":"ListItem","position":1,"name":"Accueil","item":"https:\/\/www.psy.link\/blog\/"},{"@type":"ListItem","position":2,"name":"Sommeil : comment le r\u00e9guler naturellement\u00a0?"}]},{"@type":"WebSite","@id":"https:\/\/www.psy.link\/blog\/#website","url":"https:\/\/www.psy.link\/blog\/","name":"Blog Psy.link","description":"Votre guide pour comprendre la psychologie et cultiver votre sant\u00e9 mentale","publisher":{"@id":"https:\/\/www.psy.link\/blog\/#organization"},"potentialAction":[{"@type":"SearchAction","target":{"@type":"EntryPoint","urlTemplate":"https:\/\/www.psy.link\/blog\/?s={search_term_string}"},"query-input":{"@type":"PropertyValueSpecification","valueRequired":true,"valueName":"search_term_string"}}],"inLanguage":"fr-FR"},{"@type":"Organization","@id":"https:\/\/www.psy.link\/blog\/#organization","name":"Psy.link","url":"https:\/\/www.psy.link\/blog\/","logo":{"@type":"ImageObject","inLanguage":"fr-FR","@id":"https:\/\/www.psy.link\/blog\/#\/schema\/logo\/image\/","url":"https:\/\/www.psy.link\/blog\/wp-content\/uploads\/2022\/06\/full_logo.png","contentUrl":"https:\/\/www.psy.link\/blog\/wp-content\/uploads\/2022\/06\/full_logo.png","width":2461,"height":1642,"caption":"Psy.link"},"image":{"@id":"https:\/\/www.psy.link\/blog\/#\/schema\/logo\/image\/"},"sameAs":["https:\/\/www.facebook.com\/psy.link.therapie\/","https:\/\/x.com\/Psylink_tcc","https:\/\/www.instagram.com\/psy.link_\/","https:\/\/www.linkedin.com\/company\/psy-link-therapie"]},{"@type":"Person","@id":"https:\/\/www.psy.link\/blog\/#\/schema\/person\/42e87036448e52b90611c0559a5f005a","name":"Linda Kempe","description":"Fondateur de Psy.link - Psychologue clinicienne - Charg\u00e9e de cours \u00e0 l'Universit\u00e9","sameAs":["https:\/\/psy.link\/"],"url":"https:\/\/www.psy.link\/blog\/author\/linda\/"}]}},"uagb_featured_image_src":{"full":["https:\/\/www.psy.link\/blog\/wp-content\/uploads\/2021\/04\/Hnet.com-image12.jpg",640,427,false],"thumbnail":["https:\/\/www.psy.link\/blog\/wp-content\/uploads\/2021\/04\/Hnet.com-image12-150x150.jpg",150,150,true],"medium":["https:\/\/www.psy.link\/blog\/wp-content\/uploads\/2021\/04\/Hnet.com-image12-300x200.jpg",300,200,true],"medium_large":["https:\/\/www.psy.link\/blog\/wp-content\/uploads\/2021\/04\/Hnet.com-image12.jpg",640,427,false],"large":["https:\/\/www.psy.link\/blog\/wp-content\/uploads\/2021\/04\/Hnet.com-image12.jpg",640,427,false],"1536x1536":["https:\/\/www.psy.link\/blog\/wp-content\/uploads\/2021\/04\/Hnet.com-image12.jpg",640,427,false],"2048x2048":["https:\/\/www.psy.link\/blog\/wp-content\/uploads\/2021\/04\/Hnet.com-image12.jpg",640,427,false]},"uagb_author_info":{"display_name":"Linda Kempe","author_link":"https:\/\/www.psy.link\/blog\/author\/linda\/"},"uagb_comment_info":0,"uagb_excerpt":"Article sur le sommeil \u00e9crit par Anne-Claire Leterme, psychologue form\u00e9e aux TCC, Docteure en psychologie clinique, sp\u00e9cialiste en stress et anxi\u00e9t\u00e9. La vie moderne, le travail et le stress sont souvent \u00e0 l\u2019origine de la perturbation des rythmes biologiques auxquels notre organisme est soumis. L\u2019essor du t\u00e9l\u00e9travail impos\u00e9 par la crise sanitaire que nous traversons,\u2026","_links":{"self":[{"href":"https:\/\/www.psy.link\/blog\/wp-json\/wp\/v2\/posts\/2727","targetHints":{"allow":["GET"]}}],"collection":[{"href":"https:\/\/www.psy.link\/blog\/wp-json\/wp\/v2\/posts"}],"about":[{"href":"https:\/\/www.psy.link\/blog\/wp-json\/wp\/v2\/types\/post"}],"author":[{"embeddable":true,"href":"https:\/\/www.psy.link\/blog\/wp-json\/wp\/v2\/users\/6"}],"replies":[{"embeddable":true,"href":"https:\/\/www.psy.link\/blog\/wp-json\/wp\/v2\/comments?post=2727"}],"version-history":[{"count":2,"href":"https:\/\/www.psy.link\/blog\/wp-json\/wp\/v2\/posts\/2727\/revisions"}],"predecessor-version":[{"id":14552,"href":"https:\/\/www.psy.link\/blog\/wp-json\/wp\/v2\/posts\/2727\/revisions\/14552"}],"wp:featuredmedia":[{"embeddable":true,"href":"https:\/\/www.psy.link\/blog\/wp-json\/wp\/v2\/media\/2731"}],"wp:attachment":[{"href":"https:\/\/www.psy.link\/blog\/wp-json\/wp\/v2\/media?parent=2727"}],"wp:term":[{"taxonomy":"category","embeddable":true,"href":"https:\/\/www.psy.link\/blog\/wp-json\/wp\/v2\/categories?post=2727"},{"taxonomy":"post_tag","embeddable":true,"href":"https:\/\/www.psy.link\/blog\/wp-json\/wp\/v2\/tags?post=2727"}],"curies":[{"name":"wp","href":"https:\/\/api.w.org\/{rel}","templated":true}]}}