{"id":3017,"date":"2021-08-16T08:00:00","date_gmt":"2021-08-16T06:00:00","guid":{"rendered":"https:\/\/www.psy.link\/blog\/?p=3017"},"modified":"2026-02-13T12:05:51","modified_gmt":"2026-02-13T11:05:51","slug":"la-prophetie-auto-realisatrice-du-rejet-social-comment-la-defaire","status":"publish","type":"post","link":"https:\/\/www.psy.link\/blog\/2021\/08\/16\/la-prophetie-auto-realisatrice-du-rejet-social-comment-la-defaire\/","title":{"rendered":"La proph\u00e9tie auto-r\u00e9alisatrice du rejet social, comment la d\u00e9faire?"},"content":{"rendered":"\n<figure class=\"wp-block-image aligncenter size-large\"><img decoding=\"async\" width=\"640\" height=\"400\" src=\"https:\/\/www.psy.link\/blog\/wp-content\/uploads\/2021\/08\/7.jpg\" alt=\"\" class=\"wp-image-3025\" srcset=\"https:\/\/www.psy.link\/blog\/wp-content\/uploads\/2021\/08\/7.jpg 640w, https:\/\/www.psy.link\/blog\/wp-content\/uploads\/2021\/08\/7-300x188.jpg 300w\" sizes=\"(max-width: 640px) 100vw, 640px\" \/><\/figure>\n\n\n\n<h2 class=\"wp-block-heading\">La proph\u00e9tie auto-r\u00e9alisatrice du rejet social dans l&rsquo;anxi\u00e9t\u00e9 sociale<\/h2>\n\n\n\n<p>Avoir une faible estime de soi implique des croyances telles que \u00ab\u00a0je suis inf\u00e9rieur\u00a0\u00bb, \u00ab\u00a0je ne suis pas int\u00e9ressant\u00a0\u00bb ou \u00ab\u00a0je suis incomp\u00e9tent\u00a0\u00bb. Ces croyances accompagnent souvent l&rsquo;anxi\u00e9t\u00e9 sociale et le rejet sociale. Par cons\u00e9quent, une personne souffrant d\u2019anxi\u00e9t\u00e9 sociale craint les contextes sociaux. Elle a peur d\u2019\u00eatre jug\u00e9e, \u00e9valu\u00e9e, d\u00e9sapprouv\u00e9e et rejet\u00e9e. Cette peur induit souvent des attitudes et comportements froids et distanci\u00e9s. En effet, la personne a un sentiment d\u2019ins\u00e9curit\u00e9 relationnelle et elle repousse (sans le vouloir) les autres. Par sa fa\u00e7on d\u2019agir, la personne anxieuse sociale ne cr\u00e9e pas un contexte b\u00e9n\u00e9fique pour \u00eatre appr\u00e9ci\u00e9e et \u00e9tablir des liens avec d\u2019autres personnes. Cependant, elle en souffre car son d\u00e9sir est celui de connecter avec les autres et de faire partie du groupe. &nbsp;&nbsp;<\/p>\n\n\n\n<figure class=\"wp-block-image aligncenter size-large\"><img decoding=\"async\" width=\"640\" height=\"400\" src=\"https:\/\/www.psy.link\/blog\/wp-content\/uploads\/2021\/08\/6.jpg\" alt=\"\" class=\"wp-image-3024\" srcset=\"https:\/\/www.psy.link\/blog\/wp-content\/uploads\/2021\/08\/6.jpg 640w, https:\/\/www.psy.link\/blog\/wp-content\/uploads\/2021\/08\/6-300x188.jpg 300w\" sizes=\"(max-width: 640px) 100vw, 640px\" \/><\/figure>\n\n\n\n<p>C\u2019est une des tristes ironies des anxieux sociaux dans les relations sociales. Des chercheurs l&rsquo;ont appel\u00e9e \u00ab&nbsp;la proph\u00e9tie auto-r\u00e9alisatrice du rejet&nbsp;\u00bb. Elle peut s\u2019illustrer ainsi : Thomas croit \u00e0 tort que Marie ne l&rsquo;aime pas, alors il l&rsquo;ignore. En r\u00e9ponse, Marie snobe Thomas, qui conclut ensuite sur la base du comportement froid de Marie qu&rsquo;il avait raison dans sa conviction initiale qu&rsquo;elle ne l&rsquo;aime pas. L&rsquo;inverse est \u00e9galement vrai : si Thomas pense que Marie l&rsquo;aime bien, il se comportera d&rsquo;une mani\u00e8re qui la poussera \u00e0 l\u2019appr\u00e9cier. Des chercheurs ont d\u00e9montr\u00e9e cette proph\u00e9tie exp\u00e9rimentalement en incitant les participants \u00e0 croire qu&rsquo;une personne les aime ou les d\u00e9teste. <\/p>\n\n\n\n<p>Cependant, la triste ironie de la proph\u00e9tie se r\u00e9v\u00e8le dans la vie des personnes ayant une faible estime de soi et dans l&rsquo;anxi\u00e9t\u00e9 sociale. Celles-ci sont naturellement pr\u00e9occup\u00e9es par l&rsquo;acceptation des autres. Cependant, malgr\u00e9 leur volont\u00e9, elles se comportent souvent d&rsquo;une mani\u00e8re qui entra\u00eene le rejet. Ce ph\u00e9nom\u00e8ne renforce malheureusement l&rsquo;ins\u00e9curit\u00e9 chez ces derni\u00e8res et mine leur bien-\u00eatre.&nbsp;<\/p>\n\n\n\n<div class=\"wp-block-columns is-layout-flex wp-container-core-columns-is-layout-28f84493 wp-block-columns-is-layout-flex\">\n<div class=\"wp-block-column is-vertically-aligned-stretch has-ast-global-color-4-background-color has-background is-layout-flow wp-block-column-is-layout-flow\" style=\"padding-top:var(--wp--preset--spacing--20);padding-right:var(--wp--preset--spacing--20);padding-bottom:var(--wp--preset--spacing--20);padding-left:var(--wp--preset--spacing--20)\">\n<div class=\"wp-block-group is-nowrap is-layout-flex wp-container-core-group-is-layout-6c531013 wp-block-group-is-layout-flex\">\n<figure class=\"wp-block-image aligncenter size-full is-resized\"><img decoding=\"async\" width=\"400\" height=\"600\" src=\"https:\/\/www.psy.link\/blog\/wp-content\/uploads\/2025\/11\/9.png\" alt=\"\" class=\"wp-image-14284\" style=\"width:170px;height:auto\" srcset=\"https:\/\/www.psy.link\/blog\/wp-content\/uploads\/2025\/11\/9.png 400w, https:\/\/www.psy.link\/blog\/wp-content\/uploads\/2025\/11\/9-200x300.png 200w\" sizes=\"(max-width: 400px) 100vw, 400px\" \/><\/figure>\n\n\n\n<div class=\"wp-block-uagb-call-to-action uagb-block-4806f25e wp-block-button\"><div class=\"uagb-cta__wrap\"><h2 class=\"uagb-cta__title\"><strong>Trouvez un psychologue TCC qualifi\u00e9 pr\u00e8s de chez vous<\/strong><\/h2><p class=\"uagb-cta__desc\">L\u2019annuaire national Psy.link regroupe des praticiens form\u00e9s et v\u00e9rifi\u00e9s, disponibles rapidement.<\/p><\/div><div class=\"uagb-cta__buttons\"><a href=\"https:\/\/app.psy.link\/psychologues-tcc\" class=\"uagb-cta__button-link-wrapper wp-block-button__link\" target=\"_blank\" rel=\"noopener noreferrer\">\ud83d\udd0e Consulter l\u2019annuaire<\/a><\/div><\/div>\n<\/div>\n<\/div>\n<\/div>\n\n\n\n<h2 class=\"wp-block-heading\">L\u2019ins\u00e9curit\u00e9 relationnelle induit le rejet social<\/h2>\n\n\n\n<p>Stinson et coll. (2009) ont d\u00e9couvert les m\u00e9canismes comportementaux sous-jacents \u00e0 la proph\u00e9tie de rejet. Ils ont d\u00e9montr\u00e9 que l&rsquo;ins\u00e9curit\u00e9 relationnelle se traduit par un comportement social tendu. L&rsquo;ins\u00e9curit\u00e9 relationnelle est un manque de confiance en soi, de sa capacit\u00e9 \u00e0 \u00eatre appr\u00e9ci\u00e9 par les autres. Elle inhibe la chaleur sociale qui permet justement de lier relations aux autres. Cela entra\u00eene \u00e0 son tour une attitude froide de la part des autres ce qui renforce encore l\u2019ins\u00e9curit\u00e9 relationnelle. La proph\u00e9tie de rejet semble r\u00e9sulter du sentiment d&rsquo;inf\u00e9riorit\u00e9 associ\u00e9 \u00e0 la croyance \u00ab&nbsp;je suis inf\u00e9rieur&nbsp;\u00bb. Cette croyance se traduit par une motivation auto-protectrice. En effet, on pourrait avoir des croyances interm\u00e9diaires telles que \u00ab\u00a0afin de ne pas souffrir, je pr\u00e9f\u00e8re de pas \u00eatre proche des autres\u00a0\u00bb ou \u00ab\u00a0si ils s&rsquo;approchent de moi, ils vont voir que je suis nul\u00a0\u00bb. Ces pens\u00e9es poussent \u00e0 \u00e9viter les situations sociales dans lesquelles le rejet est craint et anticip\u00e9. <\/p>\n\n\n\n<figure class=\"wp-block-image aligncenter size-large\"><img decoding=\"async\" width=\"640\" height=\"400\" src=\"https:\/\/www.psy.link\/blog\/wp-content\/uploads\/2021\/08\/1.jpg\" alt=\"\" class=\"wp-image-3019\" srcset=\"https:\/\/www.psy.link\/blog\/wp-content\/uploads\/2021\/08\/1.jpg 640w, https:\/\/www.psy.link\/blog\/wp-content\/uploads\/2021\/08\/1-300x188.jpg 300w\" sizes=\"(max-width: 640px) 100vw, 640px\" \/><\/figure>\n\n\n\n<p>Cependant, les recherches de Stinson et coll. et de Cameron et coll. ont permis de d\u00e9montrer que les individus anxieux sociaux sont capables de se comporter de mani\u00e8re d\u00e9tendue, calme et positive, lorsque les indices sociaux sugg\u00e8rent que le risque de rejet est r\u00e9duit. La pr\u00e9sence de cette capacit\u00e9 latente sugg\u00e8re qu&rsquo;il pourrait \u00eatre possible de r\u00e9\u00e9crire la proph\u00e9tie de rejet typique v\u00e9cue par des individus chroniquement anxieux sociaux. Dans une \u00e9tude, des chercheurs ont essay\u00e9 de faire exactement cela.&nbsp;<\/p>\n\n\n\n<h2 class=\"wp-block-heading\">Les valeurs pour am\u00e9liorer l\u2019affirmation de soi<\/h2>\n\n\n\n<p>En effet, les chercheurs ont propos\u00e9 une intervention ponctuelle afin d\u2019am\u00e9liorer la s\u00e9curit\u00e9 relationnelle et le comportement social. En d&rsquo;autres termes, ils ont tent\u00e9 de r\u00e9\u00e9crire la proph\u00e9tie de rejet social en att\u00e9nuant l&rsquo;ins\u00e9curit\u00e9 relationnelle. L&rsquo;objectif \u00e9tait de supprimer le comportement social tendu.<\/p>\n\n\n\n<p>Les t\u00e2ches propos\u00e9es aux participants de l&rsquo;\u00e9tude impliquaient un travail sur les valeurs personnelles. Les personnes devaient r\u00e9fl\u00e9chir \u00e0 leurs valeurs en classant diff\u00e9rents valeurs dans un ordre de pr\u00e9f\u00e9rence. Ensuite, elles devaient expliquer pourquoi les premi\u00e8res valeurs de leur liste \u00e9taient si importantes pour elles. Ce type de t\u00e2che nourrit l&rsquo;image de soi et renforce le sentiment que le soi est bon, juste et efficace.<\/p>\n\n\n\n<p>On peut dire que les relations interpersonnelles sont un champ de mines d&rsquo;auto-menaces potentielles. Elles vont de la d\u00e9sapprobation au rejet pur et simple. Ces menaces sont per\u00e7ues comme particuli\u00e8rement importantes pour les individus ayant une faible estime de soi. Ces derniers y sont particuli\u00e8rement attentifs et vigilants. N\u2019oublions pas que l&rsquo;hyper-vigilance et l&rsquo;attention s\u00e9lective des anxieux sociaux font qu&rsquo;ils remarquent plus facilement des menaces relationnelles telles que la d\u00e9sapprobation et le rejet<\/p>\n\n\n\n<div class=\"wp-block-group is-layout-constrained wp-block-group-is-layout-constrained\"><div class=\"wp-block-group__inner-container\">\n<div class=\"wp-block-columns is-layout-flex wp-container-core-columns-is-layout-28f84493 wp-block-columns-is-layout-flex\">\n<div class=\"wp-block-column is-layout-flow wp-block-column-is-layout-flow\" style=\"flex-basis:100%\">\n<div class=\"wp-block-uagb-container uagb-layout-grid uagb-block-6588ff3e alignfull uagb-is-root-container\">\n<div class=\"wp-block-uagb-container uagb-block-22367a12\">\n<div class=\"wp-block-uagb-call-to-action uagb-block-0bd688a4 wp-block-button\"><div class=\"uagb-cta__wrap\"><h3 class=\"uagb-cta__title\"><strong>Prenez rendez-vous avec un psychologue TCC v\u00e9rifi\u00e9<\/strong><\/h3><p class=\"uagb-cta__desc\">Des psychologues form\u00e9s, disponibles rapidement, pour une prise en charge efficace d\u00e8s la premi\u00e8re s\u00e9ance.<\/p><\/div><div class=\"uagb-cta__buttons\"><a href=\"https:\/\/app.psy.link\/psychologues-tcc\" class=\"uagb-cta__button-link-wrapper wp-block-button__link\" target=\"_self\" rel=\"noopener noreferrer\">\ud83d\udc49 Trouver un psychologue TCC maintenant<\/a><\/div><\/div>\n<\/div>\n<\/div>\n<\/div>\n<\/div>\n<\/div><\/div>\n\n\n\n<h2 class=\"wp-block-heading\">D\u00e9sensibilisation contre menaces sociales<\/h2>\n\n\n\n<p>Avec leur intervention centr\u00e9e sur les valeurs, les chercheurs ont voulu d\u00e9sensibiliser les participants contre les menaces sociales. La mise en m\u00e9moire tampon de leurs valeurs am\u00e9liorait la s\u00e9curit\u00e9 relationnelle et leur comportement social. Ils avaient ainsi moins de r\u00e9actions \u00e0 l&rsquo;auto-menace du rejet social.<\/p>\n\n\n\n<p>Les chercheurs visaient \u00e0 identifier un nouveau moyen d&rsquo;am\u00e9liorer la s\u00e9curit\u00e9 relationnelle et ainsi d\u00e9faire la spirale descendante de la performance sociale.&nbsp;Ils ont d\u00e9montr\u00e9 qu&rsquo;il est possible de r\u00e9\u00e9crire la proph\u00e9tie de rejet. Ainsi, les anxieux sociaux \u00e0 l&rsquo;aide d&rsquo;une intervention bas\u00e9e sur les valeurs personnelles ont \u00e9t\u00e9 aid\u00e9s. Cela peut \u00eatre consid\u00e9r\u00e9 comme un moyen nouveau et fiable d&rsquo;am\u00e9liorer la s\u00e9curit\u00e9 relationnelle sur le long terme. <\/p>\n\n\n\n<figure class=\"wp-block-image aligncenter size-large\"><img decoding=\"async\" width=\"640\" height=\"400\" src=\"https:\/\/www.psy.link\/blog\/wp-content\/uploads\/2021\/08\/5.jpg\" alt=\"\" class=\"wp-image-3023\" srcset=\"https:\/\/www.psy.link\/blog\/wp-content\/uploads\/2021\/08\/5.jpg 640w, https:\/\/www.psy.link\/blog\/wp-content\/uploads\/2021\/08\/5-300x188.jpg 300w\" sizes=\"(max-width: 640px) 100vw, 640px\" \/><\/figure>\n\n\n\n<h2 class=\"wp-block-heading\">Une meilleure capacit\u00e9 d\u2019autor\u00e9gulation<\/h2>\n\n\n\n<p>Des recherches futures devraient examiner les m\u00e9canismes potentiels pour expliquer pourquoi ce travail sur les valeurs profite \u00e0 la s\u00e9curit\u00e9 relationnelle et au comportement social. Une piste \u00e0 explorer est de savoir si la capacit\u00e9 d&rsquo;autor\u00e9gulation joue un r\u00f4le dans la protection des individus anxieux sociaux contre les auto-menaces. Schmeichel et Vohs (2009) ont d\u00e9montr\u00e9 qu&rsquo;une r\u00e9flexion sur les valeurs engendre un acc\u00e8s \u00e0 des niveaux sup\u00e9rieurs de construction mentale de soi. En effet, de tels changements am\u00e9lioreraient les capacit\u00e9s d&rsquo;autor\u00e9gulation. Par cons\u00e9quent, il est possible que dans la recherche rapport\u00e9e ici, l\u2019id\u00e9e sur soi \u00e0 travers les valeurs de soi ait tamponn\u00e9 les capacit\u00e9s d&rsquo;autor\u00e9gulation des individus anxieux sociaux. Ce tampon leur ait permis de passer outre les r\u00e9actions inadapt\u00e9es aux menaces de soi. Ils ont pu se comporter de mani\u00e8re \u00e0 am\u00e9liorer les relations.&nbsp;<\/p>\n\n\n\n<h2 class=\"wp-block-heading\">Comment int\u00e9grer ce travail au cours d&rsquo;une th\u00e9rapie<\/h2>\n\n\n\n<p>La <a href=\"https:\/\/www.has-sante.fr\/upload\/docs\/application\/pdf\/guide_medecin_troubles_anxieux.pdf\">HAS<\/a> pr\u00e9conise une prise en charge de th\u00e9rapie comportementale et cognitive pour soigner l&rsquo;anxi\u00e9t\u00e9 sociale. Au cours d&rsquo;une th\u00e9rapie comportementale et cognitive, le patient peut \u00e9galement \u00eatre amen\u00e9 \u00e0 r\u00e9fl\u00e9chir sur ses valeurs. \u00ab\u00a0Qu&rsquo;est-ce qui est important pour vous?\u00a0\u00bb et \u00ab\u00a0Qui est important pour vous?\u00a0\u00bb sont des questions qui peuvent \u00eatre pos\u00e9es. Chaque personne a des valeurs qui lui sont personnelles. <\/p>\n\n\n\n<p>A lire aussi : <a href=\"https:\/\/www.psy.link\/blog\/2020\/05\/25\/timide-ou-trouble-danxiete-sociale\/\">Timide ou trouble d&rsquo;anxi\u00e9t\u00e9 sociale<\/a><\/p>\n","protected":false},"excerpt":{"rendered":"<p>La proph\u00e9tie auto-r\u00e9alisatrice du rejet social dans l&rsquo;anxi\u00e9t\u00e9 sociale Avoir une faible estime de soi implique des croyances telles que \u00ab\u00a0je suis inf\u00e9rieur\u00a0\u00bb, \u00ab\u00a0je ne suis pas int\u00e9ressant\u00a0\u00bb ou \u00ab\u00a0je suis incomp\u00e9tent\u00a0\u00bb. Ces croyances accompagnent souvent l&rsquo;anxi\u00e9t\u00e9 sociale et le rejet sociale. Par cons\u00e9quent, une personne souffrant d\u2019anxi\u00e9t\u00e9 sociale craint les contextes sociaux. Elle a [&hellip;]<\/p>\n","protected":false},"author":6,"featured_media":3022,"comment_status":"open","ping_status":"open","sticky":false,"template":"","format":"standard","meta":{"_uag_custom_page_level_css":"","_exactmetrics_skip_tracking":false,"_exactmetrics_sitenote_active":false,"_exactmetrics_sitenote_note":"","_exactmetrics_sitenote_category":0,"site-sidebar-layout":"default","site-content-layout":"default","ast-site-content-layout":"default","site-content-style":"default","site-sidebar-style":"default","ast-global-header-display":"","ast-banner-title-visibility":"","ast-main-header-display":"","ast-hfb-above-header-display":"","ast-hfb-below-header-display":"","ast-hfb-mobile-header-display":"","site-post-title":"","ast-breadcrumbs-content":"","ast-featured-img":"disabled","footer-sml-layout":"","theme-transparent-header-meta":"default","adv-header-id-meta":"","stick-header-meta":"default","header-above-stick-meta":"","header-main-stick-meta":"","header-below-stick-meta":"","astra-migrate-meta-layouts":"set","ast-page-background-enabled":"default","ast-page-background-meta":{"desktop":{"background-color":"","background-image":"","background-repeat":"repeat","background-position":"center center","background-size":"auto","background-attachment":"scroll","background-type":"","background-media":"","overlay-type":"","overlay-color":"","overlay-opacity":"","overlay-gradient":""},"tablet":{"background-color":"","background-image":"","background-repeat":"repeat","background-position":"center center","background-size":"auto","background-attachment":"scroll","background-type":"","background-media":"","overlay-type":"","overlay-color":"","overlay-opacity":"","overlay-gradient":""},"mobile":{"background-color":"","background-image":"","background-repeat":"repeat","background-position":"center center","background-size":"auto","background-attachment":"scroll","background-type":"","background-media":"","overlay-type":"","overlay-color":"","overlay-opacity":"","overlay-gradient":""}},"ast-content-background-meta":{"desktop":{"background-color":"var(--ast-global-color-5)","background-image":"","background-repeat":"repeat","background-position":"center center","background-size":"auto","background-attachment":"scroll","background-type":"","background-media":"","overlay-type":"","overlay-color":"","overlay-opacity":"","overlay-gradient":""},"tablet":{"background-color":"var(--ast-global-color-5)","background-image":"","background-repeat":"repeat","background-position":"center center","background-size":"auto","background-attachment":"scroll","background-type":"","background-media":"","overlay-type":"","overlay-color":"","overlay-opacity":"","overlay-gradient":""},"mobile":{"background-color":"var(--ast-global-color-5)","background-image":"","background-repeat":"repeat","background-position":"center center","background-size":"auto","background-attachment":"scroll","background-type":"","background-media":"","overlay-type":"","overlay-color":"","overlay-opacity":"","overlay-gradient":""}},"footnotes":""},"categories":[72,85],"tags":[61,84,74],"class_list":["post-3017","post","type-post","status-publish","format-standard","has-post-thumbnail","hentry","category-anxiete-sociale","category-estime-de-soi","tag-anxiete","tag-estime-de-soi","tag-timidite"],"yoast_head":"<!-- This site is optimized with the Yoast SEO plugin v26.2 - https:\/\/yoast.com\/wordpress\/plugins\/seo\/ -->\n<title>La proph\u00e9tie auto-r\u00e9alisatrice du rejet social, comment la d\u00e9faire? | Blog Psy.link<\/title>\n<meta name=\"description\" content=\"Les personnes souffrant d&#039;anxi\u00e9t\u00e9 sociale craignent le rejet social. Malheureusement, elles sont souvent froides et distantes.\" \/>\n<meta name=\"robots\" content=\"index, follow, max-snippet:-1, max-image-preview:large, max-video-preview:-1\" \/>\n<link rel=\"canonical\" href=\"https:\/\/www.psy.link\/blog\/2021\/08\/16\/la-prophetie-auto-realisatrice-du-rejet-social-comment-la-defaire\/\" \/>\n<meta property=\"og:locale\" content=\"fr_FR\" \/>\n<meta property=\"og:type\" content=\"article\" \/>\n<meta property=\"og:title\" content=\"La proph\u00e9tie auto-r\u00e9alisatrice du rejet social, comment la d\u00e9faire? | Blog Psy.link\" \/>\n<meta property=\"og:description\" content=\"Les personnes souffrant d&#039;anxi\u00e9t\u00e9 sociale craignent le rejet social. Malheureusement, elles sont souvent froides et distantes.\" \/>\n<meta property=\"og:url\" content=\"https:\/\/www.psy.link\/blog\/2021\/08\/16\/la-prophetie-auto-realisatrice-du-rejet-social-comment-la-defaire\/\" \/>\n<meta property=\"og:site_name\" content=\"Blog Psy.link\" \/>\n<meta property=\"article:publisher\" content=\"https:\/\/www.facebook.com\/psy.link.therapie\/\" \/>\n<meta property=\"article:published_time\" content=\"2021-08-16T06:00:00+00:00\" \/>\n<meta property=\"article:modified_time\" content=\"2026-02-13T11:05:51+00:00\" \/>\n<meta property=\"og:image\" content=\"https:\/\/www.psy.link\/blog\/wp-content\/uploads\/2021\/08\/4.jpg\" \/>\n\t<meta property=\"og:image:width\" content=\"640\" \/>\n\t<meta property=\"og:image:height\" content=\"400\" \/>\n\t<meta property=\"og:image:type\" content=\"image\/jpeg\" \/>\n<meta name=\"author\" content=\"Linda Kempe\" \/>\n<meta name=\"twitter:card\" content=\"summary_large_image\" \/>\n<meta name=\"twitter:creator\" content=\"@Psylink_tcc\" \/>\n<meta name=\"twitter:site\" content=\"@Psylink_tcc\" \/>\n<meta name=\"twitter:label1\" content=\"\u00c9crit par\" \/>\n\t<meta name=\"twitter:data1\" content=\"Linda Kempe\" \/>\n\t<meta name=\"twitter:label2\" content=\"Dur\u00e9e de lecture estim\u00e9e\" \/>\n\t<meta name=\"twitter:data2\" content=\"6 minutes\" \/>\n<script type=\"application\/ld+json\" class=\"yoast-schema-graph\">{\"@context\":\"https:\/\/schema.org\",\"@graph\":[{\"@type\":\"Article\",\"@id\":\"https:\/\/www.psy.link\/blog\/2021\/08\/16\/la-prophetie-auto-realisatrice-du-rejet-social-comment-la-defaire\/#article\",\"isPartOf\":{\"@id\":\"https:\/\/www.psy.link\/blog\/2021\/08\/16\/la-prophetie-auto-realisatrice-du-rejet-social-comment-la-defaire\/\"},\"author\":{\"name\":\"Linda Kempe\",\"@id\":\"https:\/\/www.psy.link\/blog\/#\/schema\/person\/42e87036448e52b90611c0559a5f005a\"},\"headline\":\"La proph\u00e9tie auto-r\u00e9alisatrice du rejet social, comment la d\u00e9faire?\",\"datePublished\":\"2021-08-16T06:00:00+00:00\",\"dateModified\":\"2026-02-13T11:05:51+00:00\",\"mainEntityOfPage\":{\"@id\":\"https:\/\/www.psy.link\/blog\/2021\/08\/16\/la-prophetie-auto-realisatrice-du-rejet-social-comment-la-defaire\/\"},\"wordCount\":1269,\"commentCount\":0,\"publisher\":{\"@id\":\"https:\/\/www.psy.link\/blog\/#organization\"},\"image\":{\"@id\":\"https:\/\/www.psy.link\/blog\/2021\/08\/16\/la-prophetie-auto-realisatrice-du-rejet-social-comment-la-defaire\/#primaryimage\"},\"thumbnailUrl\":\"https:\/\/www.psy.link\/blog\/wp-content\/uploads\/2021\/08\/4.jpg\",\"keywords\":[\"anxi\u00e9t\u00e9\",\"estime de soi\",\"timidit\u00e9\"],\"articleSection\":[\"Anxi\u00e9t\u00e9 sociale\",\"Estime de soi\"],\"inLanguage\":\"fr-FR\",\"potentialAction\":[{\"@type\":\"CommentAction\",\"name\":\"Comment\",\"target\":[\"https:\/\/www.psy.link\/blog\/2021\/08\/16\/la-prophetie-auto-realisatrice-du-rejet-social-comment-la-defaire\/#respond\"]}]},{\"@type\":\"WebPage\",\"@id\":\"https:\/\/www.psy.link\/blog\/2021\/08\/16\/la-prophetie-auto-realisatrice-du-rejet-social-comment-la-defaire\/\",\"url\":\"https:\/\/www.psy.link\/blog\/2021\/08\/16\/la-prophetie-auto-realisatrice-du-rejet-social-comment-la-defaire\/\",\"name\":\"La proph\u00e9tie auto-r\u00e9alisatrice du rejet social, comment la d\u00e9faire? | Blog Psy.link\",\"isPartOf\":{\"@id\":\"https:\/\/www.psy.link\/blog\/#website\"},\"primaryImageOfPage\":{\"@id\":\"https:\/\/www.psy.link\/blog\/2021\/08\/16\/la-prophetie-auto-realisatrice-du-rejet-social-comment-la-defaire\/#primaryimage\"},\"image\":{\"@id\":\"https:\/\/www.psy.link\/blog\/2021\/08\/16\/la-prophetie-auto-realisatrice-du-rejet-social-comment-la-defaire\/#primaryimage\"},\"thumbnailUrl\":\"https:\/\/www.psy.link\/blog\/wp-content\/uploads\/2021\/08\/4.jpg\",\"datePublished\":\"2021-08-16T06:00:00+00:00\",\"dateModified\":\"2026-02-13T11:05:51+00:00\",\"description\":\"Les personnes souffrant d'anxi\u00e9t\u00e9 sociale craignent le rejet social. Malheureusement, elles sont souvent froides et distantes.\",\"breadcrumb\":{\"@id\":\"https:\/\/www.psy.link\/blog\/2021\/08\/16\/la-prophetie-auto-realisatrice-du-rejet-social-comment-la-defaire\/#breadcrumb\"},\"inLanguage\":\"fr-FR\",\"potentialAction\":[{\"@type\":\"ReadAction\",\"target\":[\"https:\/\/www.psy.link\/blog\/2021\/08\/16\/la-prophetie-auto-realisatrice-du-rejet-social-comment-la-defaire\/\"]}]},{\"@type\":\"ImageObject\",\"inLanguage\":\"fr-FR\",\"@id\":\"https:\/\/www.psy.link\/blog\/2021\/08\/16\/la-prophetie-auto-realisatrice-du-rejet-social-comment-la-defaire\/#primaryimage\",\"url\":\"https:\/\/www.psy.link\/blog\/wp-content\/uploads\/2021\/08\/4.jpg\",\"contentUrl\":\"https:\/\/www.psy.link\/blog\/wp-content\/uploads\/2021\/08\/4.jpg\",\"width\":640,\"height\":400},{\"@type\":\"BreadcrumbList\",\"@id\":\"https:\/\/www.psy.link\/blog\/2021\/08\/16\/la-prophetie-auto-realisatrice-du-rejet-social-comment-la-defaire\/#breadcrumb\",\"itemListElement\":[{\"@type\":\"ListItem\",\"position\":1,\"name\":\"Accueil\",\"item\":\"https:\/\/www.psy.link\/blog\/\"},{\"@type\":\"ListItem\",\"position\":2,\"name\":\"La proph\u00e9tie auto-r\u00e9alisatrice du rejet social, comment la d\u00e9faire?\"}]},{\"@type\":\"WebSite\",\"@id\":\"https:\/\/www.psy.link\/blog\/#website\",\"url\":\"https:\/\/www.psy.link\/blog\/\",\"name\":\"Blog Psy.link\",\"description\":\"Votre guide pour comprendre la psychologie et cultiver votre sant\u00e9 mentale\",\"publisher\":{\"@id\":\"https:\/\/www.psy.link\/blog\/#organization\"},\"potentialAction\":[{\"@type\":\"SearchAction\",\"target\":{\"@type\":\"EntryPoint\",\"urlTemplate\":\"https:\/\/www.psy.link\/blog\/?s={search_term_string}\"},\"query-input\":{\"@type\":\"PropertyValueSpecification\",\"valueRequired\":true,\"valueName\":\"search_term_string\"}}],\"inLanguage\":\"fr-FR\"},{\"@type\":\"Organization\",\"@id\":\"https:\/\/www.psy.link\/blog\/#organization\",\"name\":\"Psy.link\",\"url\":\"https:\/\/www.psy.link\/blog\/\",\"logo\":{\"@type\":\"ImageObject\",\"inLanguage\":\"fr-FR\",\"@id\":\"https:\/\/www.psy.link\/blog\/#\/schema\/logo\/image\/\",\"url\":\"https:\/\/www.psy.link\/blog\/wp-content\/uploads\/2022\/06\/full_logo.png\",\"contentUrl\":\"https:\/\/www.psy.link\/blog\/wp-content\/uploads\/2022\/06\/full_logo.png\",\"width\":2461,\"height\":1642,\"caption\":\"Psy.link\"},\"image\":{\"@id\":\"https:\/\/www.psy.link\/blog\/#\/schema\/logo\/image\/\"},\"sameAs\":[\"https:\/\/www.facebook.com\/psy.link.therapie\/\",\"https:\/\/x.com\/Psylink_tcc\",\"https:\/\/www.instagram.com\/psy.link_\/\",\"https:\/\/www.linkedin.com\/company\/psy-link-therapie\"]},{\"@type\":\"Person\",\"@id\":\"https:\/\/www.psy.link\/blog\/#\/schema\/person\/42e87036448e52b90611c0559a5f005a\",\"name\":\"Linda Kempe\",\"description\":\"Fondateur de Psy.link - Psychologue clinicienne - Charg\u00e9e de cours \u00e0 l'Universit\u00e9\",\"sameAs\":[\"https:\/\/psy.link\/\"],\"url\":\"https:\/\/www.psy.link\/blog\/author\/linda\/\"}]}<\/script>\n<!-- \/ Yoast SEO plugin. -->","yoast_head_json":{"title":"La proph\u00e9tie auto-r\u00e9alisatrice du rejet social, comment la d\u00e9faire? | Blog Psy.link","description":"Les personnes souffrant d'anxi\u00e9t\u00e9 sociale craignent le rejet social. Malheureusement, elles sont souvent froides et distantes.","robots":{"index":"index","follow":"follow","max-snippet":"max-snippet:-1","max-image-preview":"max-image-preview:large","max-video-preview":"max-video-preview:-1"},"canonical":"https:\/\/www.psy.link\/blog\/2021\/08\/16\/la-prophetie-auto-realisatrice-du-rejet-social-comment-la-defaire\/","og_locale":"fr_FR","og_type":"article","og_title":"La proph\u00e9tie auto-r\u00e9alisatrice du rejet social, comment la d\u00e9faire? | Blog Psy.link","og_description":"Les personnes souffrant d'anxi\u00e9t\u00e9 sociale craignent le rejet social. Malheureusement, elles sont souvent froides et distantes.","og_url":"https:\/\/www.psy.link\/blog\/2021\/08\/16\/la-prophetie-auto-realisatrice-du-rejet-social-comment-la-defaire\/","og_site_name":"Blog Psy.link","article_publisher":"https:\/\/www.facebook.com\/psy.link.therapie\/","article_published_time":"2021-08-16T06:00:00+00:00","article_modified_time":"2026-02-13T11:05:51+00:00","og_image":[{"width":640,"height":400,"url":"https:\/\/www.psy.link\/blog\/wp-content\/uploads\/2021\/08\/4.jpg","type":"image\/jpeg"}],"author":"Linda Kempe","twitter_card":"summary_large_image","twitter_creator":"@Psylink_tcc","twitter_site":"@Psylink_tcc","twitter_misc":{"\u00c9crit par":"Linda Kempe","Dur\u00e9e de lecture estim\u00e9e":"6 minutes"},"schema":{"@context":"https:\/\/schema.org","@graph":[{"@type":"Article","@id":"https:\/\/www.psy.link\/blog\/2021\/08\/16\/la-prophetie-auto-realisatrice-du-rejet-social-comment-la-defaire\/#article","isPartOf":{"@id":"https:\/\/www.psy.link\/blog\/2021\/08\/16\/la-prophetie-auto-realisatrice-du-rejet-social-comment-la-defaire\/"},"author":{"name":"Linda Kempe","@id":"https:\/\/www.psy.link\/blog\/#\/schema\/person\/42e87036448e52b90611c0559a5f005a"},"headline":"La proph\u00e9tie auto-r\u00e9alisatrice du rejet social, comment la d\u00e9faire?","datePublished":"2021-08-16T06:00:00+00:00","dateModified":"2026-02-13T11:05:51+00:00","mainEntityOfPage":{"@id":"https:\/\/www.psy.link\/blog\/2021\/08\/16\/la-prophetie-auto-realisatrice-du-rejet-social-comment-la-defaire\/"},"wordCount":1269,"commentCount":0,"publisher":{"@id":"https:\/\/www.psy.link\/blog\/#organization"},"image":{"@id":"https:\/\/www.psy.link\/blog\/2021\/08\/16\/la-prophetie-auto-realisatrice-du-rejet-social-comment-la-defaire\/#primaryimage"},"thumbnailUrl":"https:\/\/www.psy.link\/blog\/wp-content\/uploads\/2021\/08\/4.jpg","keywords":["anxi\u00e9t\u00e9","estime de soi","timidit\u00e9"],"articleSection":["Anxi\u00e9t\u00e9 sociale","Estime de soi"],"inLanguage":"fr-FR","potentialAction":[{"@type":"CommentAction","name":"Comment","target":["https:\/\/www.psy.link\/blog\/2021\/08\/16\/la-prophetie-auto-realisatrice-du-rejet-social-comment-la-defaire\/#respond"]}]},{"@type":"WebPage","@id":"https:\/\/www.psy.link\/blog\/2021\/08\/16\/la-prophetie-auto-realisatrice-du-rejet-social-comment-la-defaire\/","url":"https:\/\/www.psy.link\/blog\/2021\/08\/16\/la-prophetie-auto-realisatrice-du-rejet-social-comment-la-defaire\/","name":"La proph\u00e9tie auto-r\u00e9alisatrice du rejet social, comment la d\u00e9faire? | Blog Psy.link","isPartOf":{"@id":"https:\/\/www.psy.link\/blog\/#website"},"primaryImageOfPage":{"@id":"https:\/\/www.psy.link\/blog\/2021\/08\/16\/la-prophetie-auto-realisatrice-du-rejet-social-comment-la-defaire\/#primaryimage"},"image":{"@id":"https:\/\/www.psy.link\/blog\/2021\/08\/16\/la-prophetie-auto-realisatrice-du-rejet-social-comment-la-defaire\/#primaryimage"},"thumbnailUrl":"https:\/\/www.psy.link\/blog\/wp-content\/uploads\/2021\/08\/4.jpg","datePublished":"2021-08-16T06:00:00+00:00","dateModified":"2026-02-13T11:05:51+00:00","description":"Les personnes souffrant d'anxi\u00e9t\u00e9 sociale craignent le rejet social. Malheureusement, elles sont souvent froides et distantes.","breadcrumb":{"@id":"https:\/\/www.psy.link\/blog\/2021\/08\/16\/la-prophetie-auto-realisatrice-du-rejet-social-comment-la-defaire\/#breadcrumb"},"inLanguage":"fr-FR","potentialAction":[{"@type":"ReadAction","target":["https:\/\/www.psy.link\/blog\/2021\/08\/16\/la-prophetie-auto-realisatrice-du-rejet-social-comment-la-defaire\/"]}]},{"@type":"ImageObject","inLanguage":"fr-FR","@id":"https:\/\/www.psy.link\/blog\/2021\/08\/16\/la-prophetie-auto-realisatrice-du-rejet-social-comment-la-defaire\/#primaryimage","url":"https:\/\/www.psy.link\/blog\/wp-content\/uploads\/2021\/08\/4.jpg","contentUrl":"https:\/\/www.psy.link\/blog\/wp-content\/uploads\/2021\/08\/4.jpg","width":640,"height":400},{"@type":"BreadcrumbList","@id":"https:\/\/www.psy.link\/blog\/2021\/08\/16\/la-prophetie-auto-realisatrice-du-rejet-social-comment-la-defaire\/#breadcrumb","itemListElement":[{"@type":"ListItem","position":1,"name":"Accueil","item":"https:\/\/www.psy.link\/blog\/"},{"@type":"ListItem","position":2,"name":"La proph\u00e9tie auto-r\u00e9alisatrice du rejet social, comment la d\u00e9faire?"}]},{"@type":"WebSite","@id":"https:\/\/www.psy.link\/blog\/#website","url":"https:\/\/www.psy.link\/blog\/","name":"Blog Psy.link","description":"Votre guide pour comprendre la psychologie et cultiver votre sant\u00e9 mentale","publisher":{"@id":"https:\/\/www.psy.link\/blog\/#organization"},"potentialAction":[{"@type":"SearchAction","target":{"@type":"EntryPoint","urlTemplate":"https:\/\/www.psy.link\/blog\/?s={search_term_string}"},"query-input":{"@type":"PropertyValueSpecification","valueRequired":true,"valueName":"search_term_string"}}],"inLanguage":"fr-FR"},{"@type":"Organization","@id":"https:\/\/www.psy.link\/blog\/#organization","name":"Psy.link","url":"https:\/\/www.psy.link\/blog\/","logo":{"@type":"ImageObject","inLanguage":"fr-FR","@id":"https:\/\/www.psy.link\/blog\/#\/schema\/logo\/image\/","url":"https:\/\/www.psy.link\/blog\/wp-content\/uploads\/2022\/06\/full_logo.png","contentUrl":"https:\/\/www.psy.link\/blog\/wp-content\/uploads\/2022\/06\/full_logo.png","width":2461,"height":1642,"caption":"Psy.link"},"image":{"@id":"https:\/\/www.psy.link\/blog\/#\/schema\/logo\/image\/"},"sameAs":["https:\/\/www.facebook.com\/psy.link.therapie\/","https:\/\/x.com\/Psylink_tcc","https:\/\/www.instagram.com\/psy.link_\/","https:\/\/www.linkedin.com\/company\/psy-link-therapie"]},{"@type":"Person","@id":"https:\/\/www.psy.link\/blog\/#\/schema\/person\/42e87036448e52b90611c0559a5f005a","name":"Linda Kempe","description":"Fondateur de Psy.link - Psychologue clinicienne - Charg\u00e9e de cours \u00e0 l'Universit\u00e9","sameAs":["https:\/\/psy.link\/"],"url":"https:\/\/www.psy.link\/blog\/author\/linda\/"}]}},"uagb_featured_image_src":{"full":["https:\/\/www.psy.link\/blog\/wp-content\/uploads\/2021\/08\/4.jpg",640,400,false],"thumbnail":["https:\/\/www.psy.link\/blog\/wp-content\/uploads\/2021\/08\/4-150x150.jpg",150,150,true],"medium":["https:\/\/www.psy.link\/blog\/wp-content\/uploads\/2021\/08\/4-300x188.jpg",300,188,true],"medium_large":["https:\/\/www.psy.link\/blog\/wp-content\/uploads\/2021\/08\/4.jpg",640,400,false],"large":["https:\/\/www.psy.link\/blog\/wp-content\/uploads\/2021\/08\/4.jpg",640,400,false],"1536x1536":["https:\/\/www.psy.link\/blog\/wp-content\/uploads\/2021\/08\/4.jpg",640,400,false],"2048x2048":["https:\/\/www.psy.link\/blog\/wp-content\/uploads\/2021\/08\/4.jpg",640,400,false]},"uagb_author_info":{"display_name":"Linda Kempe","author_link":"https:\/\/www.psy.link\/blog\/author\/linda\/"},"uagb_comment_info":0,"uagb_excerpt":"La proph\u00e9tie auto-r\u00e9alisatrice du rejet social dans l&rsquo;anxi\u00e9t\u00e9 sociale Avoir une faible estime de soi implique des croyances telles que \u00ab\u00a0je suis inf\u00e9rieur\u00a0\u00bb, \u00ab\u00a0je ne suis pas int\u00e9ressant\u00a0\u00bb ou \u00ab\u00a0je suis incomp\u00e9tent\u00a0\u00bb. Ces croyances accompagnent souvent l&rsquo;anxi\u00e9t\u00e9 sociale et le rejet sociale. Par cons\u00e9quent, une personne souffrant d\u2019anxi\u00e9t\u00e9 sociale craint les contextes sociaux. Elle a\u2026","_links":{"self":[{"href":"https:\/\/www.psy.link\/blog\/wp-json\/wp\/v2\/posts\/3017","targetHints":{"allow":["GET"]}}],"collection":[{"href":"https:\/\/www.psy.link\/blog\/wp-json\/wp\/v2\/posts"}],"about":[{"href":"https:\/\/www.psy.link\/blog\/wp-json\/wp\/v2\/types\/post"}],"author":[{"embeddable":true,"href":"https:\/\/www.psy.link\/blog\/wp-json\/wp\/v2\/users\/6"}],"replies":[{"embeddable":true,"href":"https:\/\/www.psy.link\/blog\/wp-json\/wp\/v2\/comments?post=3017"}],"version-history":[{"count":1,"href":"https:\/\/www.psy.link\/blog\/wp-json\/wp\/v2\/posts\/3017\/revisions"}],"predecessor-version":[{"id":14545,"href":"https:\/\/www.psy.link\/blog\/wp-json\/wp\/v2\/posts\/3017\/revisions\/14545"}],"wp:featuredmedia":[{"embeddable":true,"href":"https:\/\/www.psy.link\/blog\/wp-json\/wp\/v2\/media\/3022"}],"wp:attachment":[{"href":"https:\/\/www.psy.link\/blog\/wp-json\/wp\/v2\/media?parent=3017"}],"wp:term":[{"taxonomy":"category","embeddable":true,"href":"https:\/\/www.psy.link\/blog\/wp-json\/wp\/v2\/categories?post=3017"},{"taxonomy":"post_tag","embeddable":true,"href":"https:\/\/www.psy.link\/blog\/wp-json\/wp\/v2\/tags?post=3017"}],"curies":[{"name":"wp","href":"https:\/\/api.w.org\/{rel}","templated":true}]}}