{"id":3233,"date":"2021-11-06T20:31:04","date_gmt":"2021-11-06T19:31:04","guid":{"rendered":"https:\/\/www.psy.link\/blog\/?p=3233"},"modified":"2026-02-13T12:02:47","modified_gmt":"2026-02-13T11:02:47","slug":"10-conseils-pour-lutter-contre-la-depression-saisonniere","status":"publish","type":"post","link":"https:\/\/www.psy.link\/blog\/2021\/11\/06\/10-conseils-pour-lutter-contre-la-depression-saisonniere\/","title":{"rendered":"10 conseils pour lutter contre la d\u00e9pression saisonni\u00e8re"},"content":{"rendered":"\n<p>La d\u00e9pression saisonni\u00e8re est plus qu&rsquo;un simple \u00ab&nbsp;blues de l&rsquo;hiver&nbsp;\u00bb. Le trouble peut devenir vraiment handicapant, mais il existe des moyens efficaces de lutter contre.<\/p>\n\n\n\n<p>L&rsquo;hiver arrive. L\u2019heure recule d\u2019une heure, la nuit tombe plus vite, le soleil est au plus bas et tout est un peu plus sombre, y compris notre humeur ! Pour certains d&rsquo;entre nous, cette p\u00e9riode de l&rsquo;ann\u00e9e marque \u00e9galement le d\u00e9but de la d\u00e9prime&#8230; on a juste envie d&rsquo;hiberner ! Cependant il y a des solutions pour lutter contre la d\u00e9pression saisonni\u00e8re &#8211; afin de mieux vivre cette p\u00e9riode de l\u2019ann\u00e9e.&nbsp;<\/p>\n\n\n\n<figure class=\"wp-block-image aligncenter size-large\"><img decoding=\"async\" width=\"640\" height=\"427\" src=\"https:\/\/www.psy.link\/blog\/wp-content\/uploads\/2021\/11\/matthew-henry-2Ts5HnA67k8-unsplash.jpg\" alt=\"\" class=\"wp-image-3240\" srcset=\"https:\/\/www.psy.link\/blog\/wp-content\/uploads\/2021\/11\/matthew-henry-2Ts5HnA67k8-unsplash.jpg 640w, https:\/\/www.psy.link\/blog\/wp-content\/uploads\/2021\/11\/matthew-henry-2Ts5HnA67k8-unsplash-300x200.jpg 300w\" sizes=\"(max-width: 640px) 100vw, 640px\" \/><\/figure>\n\n\n\n<h2 class=\"wp-block-heading\">Qu&rsquo;est-ce que la d\u00e9pression saisonni\u00e8re ?<\/h2>\n\n\n\n<p>Beaucoup d&rsquo;entre nous sont affect\u00e9s par le changement de saison. Nous nous sentons peut-\u00eatre plus fatigu\u00e9s. Le rythme de sommeil se d\u00e9grade. Avec notre humeur&#8230; Des sympt\u00f4mes b\u00e9nins sont souvent appel\u00e9s \u00ab&nbsp;blues hivernal&nbsp;\u00bb. Or, si ces sympt\u00f4mes interf\u00e8rent avec votre vie quotidienne, ne les \u00e9cartez pas comme une condition banale. Vous souffrez peut-\u00eatre de d\u00e9pression saisonni\u00e8re. Cela peut \u00eatre tr\u00e8s handicapant, surtout s&rsquo;il n&rsquo;est pas soign\u00e9.<\/p>\n\n\n\n<p>La d\u00e9pression saisonni\u00e8re est parfois appel\u00e9e \u00ab d\u00e9pression hivernale \u00bb et pr\u00e9sente bon nombre des m\u00eames sympt\u00f4mes \u2013 et traitements \u2013 que les autres formes de d\u00e9pression. Dans la d\u00e9pression saisonni\u00e8re, des facteurs biologiques sont en jeu. Ils sont directement li\u00e9s \u00e0 la quantit\u00e9 de lumi\u00e8re \u00e0 laquelle vous \u00eates expos\u00e9.<\/p>\n\n\n\n<div class=\"wp-block-group is-layout-constrained wp-block-group-is-layout-constrained\"><div class=\"wp-block-group__inner-container\">\n<div class=\"wp-block-columns is-layout-flex wp-container-core-columns-is-layout-28f84493 wp-block-columns-is-layout-flex\">\n<div class=\"wp-block-column is-layout-flow wp-block-column-is-layout-flow\" style=\"flex-basis:100%\">\n<div class=\"wp-block-uagb-container uagb-layout-grid uagb-block-6588ff3e alignfull uagb-is-root-container\">\n<div class=\"wp-block-uagb-container uagb-block-22367a12\">\n<div class=\"wp-block-uagb-call-to-action uagb-block-0bd688a4 wp-block-button\"><div class=\"uagb-cta__wrap\"><h3 class=\"uagb-cta__title\"><strong>Prenez rendez-vous avec un psychologue TCC v\u00e9rifi\u00e9<\/strong><\/h3><p class=\"uagb-cta__desc\">Des psychologues form\u00e9s, disponibles rapidement, pour une prise en charge efficace d\u00e8s la premi\u00e8re s\u00e9ance.<\/p><\/div><div class=\"uagb-cta__buttons\"><a href=\"https:\/\/app.psy.link\/psychologues-tcc\" class=\"uagb-cta__button-link-wrapper wp-block-button__link\" target=\"_self\" rel=\"noopener noreferrer\">\ud83d\udc49 Trouver un psychologue TCC maintenant<\/a><\/div><\/div>\n<\/div>\n<\/div>\n<\/div>\n<\/div>\n<\/div><\/div>\n\n\n\n<p>La d\u00e9pression saisonni\u00e8re serait li\u00e9e \u00e0 la r\u00e9ponse du corps au raccourcissement des jours et \u00e0 la r\u00e9duction de la lumi\u00e8re naturelle disponible pendant les mois d&rsquo;hiver. Cette diminution de lumi\u00e8re du soleil peut affecter la biologie et entra\u00eener des sentiments de d\u00e9pression et de fatigue. Bien que les causes exactes ne soient pas enti\u00e8rement comprises, un facteurs cl\u00e9 inclue le niveau r\u00e9duit de lumi\u00e8re solaire. Celui-ci affectant :<\/p>\n\n\n\n<p><strong>L\u2019horloge biologique.<\/strong>&nbsp;Votre horloge biologique, ou rythme circadien, peut \u00eatre perturb\u00e9e. Cette perturbation peut entra\u00eener une humeur d\u00e9pressive et de la fatigue.<\/p>\n\n\n\n<p><strong>Niveaux de s\u00e9rotonine.<\/strong>&nbsp;La baisse de la s\u00e9rotonine du cerveau, affecte l&rsquo;humeur, elle peut entra\u00eener une d\u00e9pression.<\/p>\n\n\n\n<p><strong>Niveaux de m\u00e9latonine<\/strong>. Une perturbation des niveaux de m\u00e9latonine de votre corps peut affecter votre rythme de sommeil et votre humeur.<\/p>\n\n\n\n<p>Les effets peuvent \u00eatre l\u00e9gers \u00e0 graves &#8211; mais c&rsquo;est une condition qui peut \u00eatre soign\u00e9e, vous n&rsquo;avez donc pas besoin d&rsquo;hiberner &#8211; aussi tentant que cela puisse para\u00eetre !<\/p>\n\n\n\n<figure class=\"wp-block-image aligncenter size-large\"><img decoding=\"async\" width=\"640\" height=\"427\" src=\"https:\/\/www.psy.link\/blog\/wp-content\/uploads\/2021\/11\/joshua-rawson-harris-md7cCWYVq9U-unsplash.jpg\" alt=\"\" class=\"wp-image-3239\" srcset=\"https:\/\/www.psy.link\/blog\/wp-content\/uploads\/2021\/11\/joshua-rawson-harris-md7cCWYVq9U-unsplash.jpg 640w, https:\/\/www.psy.link\/blog\/wp-content\/uploads\/2021\/11\/joshua-rawson-harris-md7cCWYVq9U-unsplash-300x200.jpg 300w\" sizes=\"(max-width: 640px) 100vw, 640px\" \/><\/figure>\n\n\n\n<h2 class=\"wp-block-heading\">Sympt\u00f4mes de la d\u00e9pression saisonni\u00e8re<\/h2>\n\n\n\n<p>Les sympt\u00f4mes de la d\u00e9pression comprennent les sympt\u00f4mes classiques des troubles d\u00e9pressifs. Ils peuvent inclure :<\/p>\n\n\n\n<p>Fatigue, sensation d\u2019apathie et de somnolence pendant la journ\u00e9e<\/p>\n\n\n\n<p>Besoin de dormir plus que d\u2019habitude et du mal \u00e0 se lever le matin<\/p>\n\n\n\n<p>Mauvaise humeur persistante<\/p>\n\n\n\n<p>Perte de plaisir ou d&rsquo;int\u00e9r\u00eat pour les activit\u00e9s quotidiennes normales, ou retrait social<\/p>\n\n\n\n<p>Irritabilit\u00e9, sentiments de d\u00e9sespoir, de culpabilit\u00e9 et de d\u00e9valorisation<\/p>\n\n\n\n<p>Envie de glucides et prise de poids.<\/p>\n\n\n\n<p>Bien que la d\u00e9pression saisonni\u00e8re peut \u00eatre assimil\u00e9e \u00e0 une d\u00e9pression classique, elle n&rsquo;est pas toujours ressenti comme une d\u00e9pression \u00e9motionnelle. Pour de nombreuses personnes, le sympt\u00f4me principal est la fatigue. Alors que la fatigue elle-m\u00eame peut \u00eatre un sympt\u00f4me de d\u00e9pression, l&rsquo;\u00e9puisement persistant que vous pouvez ressentir avec la d\u00e9pression saisonni\u00e8re a une origine plus physiologique, directement li\u00e9e \u00e0 la quantit\u00e9 de lumi\u00e8re solaire absorb\u00e9e par l\u2019organisme. Comprendre le ph\u00e9nom\u00e8ne vous aidera \u00e0 y faire face.<\/p>\n\n\n\n<p>Si vous ressentez une fatigue importante qui dure, il est tr\u00e8s important de consulter votre m\u00e9decin g\u00e9n\u00e9raliste, car la fatigue peut \u00e9galement \u00eatre le sympt\u00f4me de nombreuses autres conditions, y compris les maladies physiques. Consultez son m\u00e9decin g\u00e9n\u00e9raliste, peut permettre de comprendre les sympt\u00f4mes et celui-ci peut vous conseiller sur le meilleur traitement pour vous.<\/p>\n\n\n\n<h2 class=\"wp-block-heading\">Pr\u00e9valence de la d\u00e9pression saisonni\u00e8re \u2013 \u00e0 quel point est-ce fr\u00e9quent&nbsp;?<\/h2>\n\n\n\n<p>Si vous vous sentez fatigu\u00e9 ou d\u00e9prim\u00e9 en hiver, vous n&rsquo;\u00eates certainement pas seul. Un tr\u00e8s grand nombre d&rsquo;entre nous ressentent certains sympt\u00f4mes pendant les mois les plus sombres, le \u00ab&nbsp;blues hivernal&nbsp;\u00bb plus doux affectant environ 20&nbsp;% de la population.<\/p>\n\n\n\n<p>La d\u00e9pression saisonni\u00e8re affecterait entre 2% et 3% des personnes. La plupart des gens commencent \u00e0 pr\u00e9senter des sympt\u00f4mes pour la premi\u00e8re fois entre 20 et 30 ans. Les femmes sont environ quatre fois plus susceptibles de souffrir de d\u00e9pression saisonni\u00e8re que les hommes.<\/p>\n\n\n\n<p>La d\u00e9pression saisonni\u00e8re ne dure pas \u00e9ternellement, mais il peut durer pr\u00e8s de la moiti\u00e9 de l&rsquo;ann\u00e9e &#8211; environ 40 %, selon l&rsquo;endroit o\u00f9 vous vivez. Vivre plus pr\u00e8s des p\u00f4les est bien s\u00fbr un facteur de risque ! Et janvier et f\u00e9vrier ont tendance \u00e0 \u00eatre les pires mois de l&rsquo;h\u00e9misph\u00e8re nord.<\/p>\n\n\n\n<p>La d\u00e9pression saisonni\u00e8re est g\u00e9n\u00e9ralement diagnostiqu\u00e9e lorsque les sympt\u00f4mes de d\u00e9pression saisonni\u00e8re sont pr\u00e9sents depuis au moins deux ans.&nbsp;<\/p>\n\n\n\n\n\n<figure class=\"wp-block-image aligncenter size-large\"><img decoding=\"async\" width=\"640\" height=\"426\" src=\"https:\/\/www.psy.link\/blog\/wp-content\/uploads\/2021\/11\/pexels-andrea-piacquadio-3772612.jpg\" alt=\"\" class=\"wp-image-3237\" srcset=\"https:\/\/www.psy.link\/blog\/wp-content\/uploads\/2021\/11\/pexels-andrea-piacquadio-3772612.jpg 640w, https:\/\/www.psy.link\/blog\/wp-content\/uploads\/2021\/11\/pexels-andrea-piacquadio-3772612-300x200.jpg 300w\" sizes=\"(max-width: 640px) 100vw, 640px\" \/><\/figure>\n\n\n\n<h2 class=\"wp-block-heading\">10 fa\u00e7ons de lutter contre la d\u00e9pression saisonni\u00e8re<\/h2>\n\n\n\n<p>Il est important de parler \u00e0 votre m\u00e9decin g\u00e9n\u00e9raliste si vous pensez que vous souffrez de d\u00e9pression saisonni\u00e8re. Il sera en mesure de confirmer s&rsquo;il s&rsquo;agit de d\u00e9pression saisonni\u00e8re ou d&rsquo;une autre affection. Il sera \u00e9galement en mesure de vous recommander les traitements les plus adapt\u00e9s. \u00c9tant donn\u00e9 que la d\u00e9pression saisonni\u00e8re soit soign\u00e9e comme d\u2019autres formes de d\u00e9pression, cela pourrait inclure des antid\u00e9presseurs et psychoth\u00e9rapies.<\/p>\n\n\n\n<div class=\"wp-block-columns is-layout-flex wp-container-core-columns-is-layout-28f84493 wp-block-columns-is-layout-flex\">\n<div class=\"wp-block-column is-vertically-aligned-stretch has-ast-global-color-4-background-color has-background is-layout-flow wp-block-column-is-layout-flow\" style=\"padding-top:var(--wp--preset--spacing--20);padding-right:var(--wp--preset--spacing--20);padding-bottom:var(--wp--preset--spacing--20);padding-left:var(--wp--preset--spacing--20)\">\n<div class=\"wp-block-group is-nowrap is-layout-flex wp-container-core-group-is-layout-6c531013 wp-block-group-is-layout-flex\">\n<figure class=\"wp-block-image aligncenter size-full is-resized\"><img decoding=\"async\" width=\"400\" height=\"600\" src=\"https:\/\/www.psy.link\/blog\/wp-content\/uploads\/2025\/11\/9.png\" alt=\"\" class=\"wp-image-14284\" style=\"width:170px;height:auto\" srcset=\"https:\/\/www.psy.link\/blog\/wp-content\/uploads\/2025\/11\/9.png 400w, https:\/\/www.psy.link\/blog\/wp-content\/uploads\/2025\/11\/9-200x300.png 200w\" sizes=\"(max-width: 400px) 100vw, 400px\" \/><\/figure>\n\n\n\n<div class=\"wp-block-uagb-call-to-action uagb-block-4806f25e wp-block-button\"><div class=\"uagb-cta__wrap\"><h2 class=\"uagb-cta__title\"><strong>Trouvez un psychologue TCC qualifi\u00e9 pr\u00e8s de chez vous<\/strong><\/h2><p class=\"uagb-cta__desc\">L\u2019annuaire national Psy.link regroupe des praticiens form\u00e9s et v\u00e9rifi\u00e9s, disponibles rapidement.<\/p><\/div><div class=\"uagb-cta__buttons\"><a href=\"https:\/\/app.psy.link\/psychologues-tcc\" class=\"uagb-cta__button-link-wrapper wp-block-button__link\" target=\"_blank\" rel=\"noopener noreferrer\">\ud83d\udd0e Consulter l\u2019annuaire<\/a><\/div><\/div>\n<\/div>\n<\/div>\n<\/div>\n\n\n\n<p>Il existe de nombreuses fa\u00e7ons de faire face, de g\u00e9rer et soigner la d\u00e9pression saisonni\u00e8re, y compris de nombreuses choses que vous pouvez faire vous-m\u00eame. Les principaux sont :<\/p>\n\n\n\n<ol class=\"wp-block-list\">\n<li>Exposez-vous \u00e0 la lumi\u00e8re naturelle, autant que possible. Il n\u2019est pas n\u00e9cessaire que la journ\u00e9e soit ensoleill\u00e9e. \u00catre \u00e0 l&rsquo;ext\u00e9rieur, m\u00eame par temps nuageux, vous fera profiter de la lumi\u00e8re naturelle. Aussi \u00eatre \u00e0 c\u00f4t\u00e9 d&rsquo;une fen\u00eatre et positionner votre espace de travail pour un maximum de lumi\u00e8re naturelle vous aidera.<\/li>\n\n\n\n<li>Utilisez une visionneuse. Il n&rsquo;est pas toujours possible d&rsquo;obtenir suffisamment de lumi\u00e8re naturelle pendant les mois d&rsquo;hiver. Mais vous pouvez profiter des avantages de la lumi\u00e8re naturelle du soleil artificiellement, dans le confort de votre foyer. La luminoth\u00e9rapie s&rsquo;est av\u00e9r\u00e9e efficace pour de nombreuses personnes. Une lampe sp\u00e9ciale appel\u00e9e caisson lumineux est utilis\u00e9e pour simuler l&rsquo;exposition au soleil. L&rsquo;\u00e9clairage domestique ordinaire \u00e9met une intensit\u00e9 de 200 \u00e0 500 lux \u2013 alors que la dose minimale n\u00e9cessaire pour traiter le TAS est de 2 500 lux.\u00a0<\/li>\n\n\n\n<li>Prenez de la vitamine D. La vitamine D est cr\u00e9\u00e9e \u00e0 partir de la lumi\u00e8re du soleil sur la peau &#8211; la chose m\u00eame qui vous manque. Entre octobre et mars dans l&rsquo;h\u00e9misph\u00e8re nord, nous ne produisons pas assez de vitamine D \u00e0 partir du soleil. Bien qu&rsquo;un petit nombre d&rsquo;aliments contiennent de la vitamine D, la meilleure alternative est parfois de prendre un suppl\u00e9ment. La vitamine D contribue \u00e9galement \u00e0 renforcer le syst\u00e8me immunitaire. Votre m\u00e9decin g\u00e9n\u00e9raliste peut vous conseiller.<\/li>\n\n\n\n<li>Ayez une bonne hygi\u00e8ne alimentaire. M\u00eame si vous avez des envies de glucides et de collations sucr\u00e9es, une alimentation saine et \u00e9quilibr\u00e9e vous aidera \u00e0 vous sentir mieux. Buvez de l&rsquo;eau tout au long de la journ\u00e9e pour rester hydrat\u00e9, car cela vous aidera \u00e0 rester \u00e9nergique et alerte.\u00a0<\/li>\n\n\n\n<li>Faites de l&rsquo;exercice \u2013 de pr\u00e9f\u00e9rence \u00e0 l&rsquo;ext\u00e9rieur. Les bienfaits de l&rsquo;exercice sur la sant\u00e9 mentale sont bien document\u00e9s. L&rsquo;exercice s&rsquo;est av\u00e9r\u00e9 efficace pour r\u00e9duire le stress, l&rsquo;anxi\u00e9t\u00e9 et la d\u00e9pression. Et c&rsquo;est bon pour votre sant\u00e9 physique et votre niveau d&rsquo;\u00e9nergie aussi. De plus, si vous luttez contre la d\u00e9pression saisonni\u00e8re, sortir \u00e0 la lumi\u00e8re du jour pr\u00e9sente des avantages suppl\u00e9mentaires. Essayez donc de programmer votre exercice en plein air pour midi, lorsque le soleil est \u00e0 son z\u00e9nith. M\u00eame une courte promenade aidera<\/li>\n\n\n\n<li>G\u00e9rez votre niveau de stress. Plus facile \u00e0 dire qu&rsquo;\u00e0 faire, mais apprendre \u00e0 g\u00e9rer votre niveau de stress est une comp\u00e9tence de vie essentielle qui vous sera tr\u00e8s utile. Des exercices de respiration profonde et la pratique de m\u00e9ditation peuvent \u00eatre tr\u00e8s utiles.<\/li>\n\n\n\n<li>Ne travaillez pas trop. Si vous savez que vous vous sentez r\u00e9guli\u00e8rement plus fatigu\u00e9 en hiver, essayez de planifier votre travail \u00e0 l&rsquo;avance. Y a-t-il des r\u00e9unions ou des \u00e9v\u00e9nements que vous pouvez reprogrammer\u00a0? En fonction de votre travail, vous n&rsquo;aurez peut-\u00eatre pas beaucoup de contr\u00f4le sur votre charge de travail quotidienne. Mais si vous \u00eates en mesure de planifier de nouveaux projets importants pour une p\u00e9riode de l&rsquo;ann\u00e9e o\u00f9 vous avez plus d&rsquo;\u00e9nergie, vous serez plus productif, mieux en mesure de les g\u00e9rer et vous vous sentirez moins stress\u00e9 par vos responsabilit\u00e9s. Vous pourrez peut-\u00eatre r\u00e9server des vacances en hiver (id\u00e9alement un endroit ensoleill\u00e9 !) ou all\u00e9ger vos responsabilit\u00e9s familiales ou sociales.\u00a0<\/li>\n\n\n\n<li>Prenez soin de vous. N&rsquo;oubliez pas de programmer \u00ab\u00a0du temps\u00a0\u00bb juste pour vous. Les danois ont un excellent concept pour une sorte de soins personnels qui est particuli\u00e8rement populaire en hiver, dont vous avez peut-\u00eatre entendu parler : hygge. Boire un chocolat chaud en lisant votre livre pr\u00e9f\u00e9r\u00e9 au coin du feu envelopp\u00e9 dans une couverture ou entour\u00e9 de bougies ! Ou rencontrer des amis pour un caf\u00e9, des petits g\u00e2teaux et une belle conversation. C&rsquo;est un excellent moyen de ralentir, de se d\u00e9tendre, de s&rsquo;adonner \u00e0 de petits plaisirs et de prendre soin de soi pendant les mois d&rsquo;hiver.\u00a0<\/li>\n\n\n\n<li>Restez en contact. Vous n\u2019aurez peut-\u00eatre pas envie de sortir beaucoup \u2013 et c\u2019est bien \u2013 mais essayez de ne pas vous couper du soutien social. M\u00eame un appel t\u00e9l\u00e9phonique ou un Zoom avec un ami peut vous aider \u00e0 vous sentir plus connect\u00e9. Et si vous pouvez faire un peu d&rsquo;exercice, faire une promenade, un jogging l\u00e9ger ou une balade \u00e0 v\u00e9lo avec un ami, cela aura de multiples b\u00e9n\u00e9fices. Vous pourrez peut-\u00eatre rejoindre un groupe de soutien. La d\u00e9pression saisonni\u00e8re est une condition souvent mal comprise, et parler \u00e0 des personnes ayant une exp\u00e9rience similaire peut vous permettre de vous sentir moins isol\u00e9.\u00a0<\/li>\n\n\n\n<li>Parler \u00e0 quelqu&rsquo;un. Parler \u00e0 des amis, des membres de la famille et d&rsquo;autres personnes souffrant de d\u00e9pression saisonni\u00e8re peut vous aider \u00e0 vous sentir moins seul. Et les th\u00e9rapies \u2013 telles que la th\u00e9rapie cognitives et comportementales (TCC) \u2013 peuvent \u00e9galement \u00eatre tr\u00e8s utiles.\u00a0<\/li>\n<\/ol>\n\n\n\n<figure class=\"wp-block-image aligncenter size-large\"><img decoding=\"async\" width=\"640\" height=\"426\" src=\"https:\/\/www.psy.link\/blog\/wp-content\/uploads\/2021\/11\/pexels-polina-zimmerman-3958432.jpg\" alt=\"\" class=\"wp-image-3235\" srcset=\"https:\/\/www.psy.link\/blog\/wp-content\/uploads\/2021\/11\/pexels-polina-zimmerman-3958432.jpg 640w, https:\/\/www.psy.link\/blog\/wp-content\/uploads\/2021\/11\/pexels-polina-zimmerman-3958432-300x200.jpg 300w\" sizes=\"(max-width: 640px) 100vw, 640px\" \/><\/figure>\n\n\n\n<p>L&rsquo;hiver peut engendrer de l\u2019anxi\u00e9t\u00e9 \u00e0 certains d&rsquo;entre nous, l\u2019annonce du d\u00e9but de mois d&rsquo;\u00e9puisement et d\u2019humeur triste. Or, ce n&rsquo;est pas obligatoire. Avec l&rsquo;aide, le soutien et la gestion appropri\u00e9s, vous pouvez ma\u00eetriser la d\u00e9pression saisonni\u00e8re et vos sympt\u00f4mes.<\/p>\n\n\n\n<p>Lire aussi: T<a href=\"https:\/\/www.psy.link\/blog\/category\/depression\/\">ous les articles d\u00e9di\u00e9s \u00e0 la d\u00e9pression<\/a><\/p>\n\n\n","protected":false},"excerpt":{"rendered":"<p>La d\u00e9pression saisonni\u00e8re est plus qu&rsquo;un simple \u00ab&nbsp;blues de l&rsquo;hiver&nbsp;\u00bb. Le trouble peut devenir vraiment handicapant, mais il existe des moyens efficaces de lutter contre. L&rsquo;hiver arrive. L\u2019heure recule d\u2019une heure, la nuit tombe plus vite, le soleil est au plus bas et tout est un peu plus sombre, y compris notre humeur ! Pour [&hellip;]<\/p>\n","protected":false},"author":6,"featured_media":0,"comment_status":"open","ping_status":"open","sticky":false,"template":"","format":"standard","meta":{"_uag_custom_page_level_css":"","_exactmetrics_skip_tracking":false,"_exactmetrics_sitenote_active":false,"_exactmetrics_sitenote_note":"","_exactmetrics_sitenote_category":0,"site-sidebar-layout":"default","site-content-layout":"default","ast-site-content-layout":"default","site-content-style":"default","site-sidebar-style":"default","ast-global-header-display":"","ast-banner-title-visibility":"","ast-main-header-display":"","ast-hfb-above-header-display":"","ast-hfb-below-header-display":"","ast-hfb-mobile-header-display":"","site-post-title":"","ast-breadcrumbs-content":"","ast-featured-img":"","footer-sml-layout":"","theme-transparent-header-meta":"default","adv-header-id-meta":"","stick-header-meta":"default","header-above-stick-meta":"","header-main-stick-meta":"","header-below-stick-meta":"","astra-migrate-meta-layouts":"set","ast-page-background-enabled":"default","ast-page-background-meta":{"desktop":{"background-color":"","background-image":"","background-repeat":"repeat","background-position":"center center","background-size":"auto","background-attachment":"scroll","background-type":"","background-media":"","overlay-type":"","overlay-color":"","overlay-opacity":"","overlay-gradient":""},"tablet":{"background-color":"","background-image":"","background-repeat":"repeat","background-position":"center center","background-size":"auto","background-attachment":"scroll","background-type":"","background-media":"","overlay-type":"","overlay-color":"","overlay-opacity":"","overlay-gradient":""},"mobile":{"background-color":"","background-image":"","background-repeat":"repeat","background-position":"center center","background-size":"auto","background-attachment":"scroll","background-type":"","background-media":"","overlay-type":"","overlay-color":"","overlay-opacity":"","overlay-gradient":""}},"ast-content-background-meta":{"desktop":{"background-color":"var(--ast-global-color-5)","background-image":"","background-repeat":"repeat","background-position":"center center","background-size":"auto","background-attachment":"scroll","background-type":"","background-media":"","overlay-type":"","overlay-color":"","overlay-opacity":"","overlay-gradient":""},"tablet":{"background-color":"var(--ast-global-color-5)","background-image":"","background-repeat":"repeat","background-position":"center center","background-size":"auto","background-attachment":"scroll","background-type":"","background-media":"","overlay-type":"","overlay-color":"","overlay-opacity":"","overlay-gradient":""},"mobile":{"background-color":"var(--ast-global-color-5)","background-image":"","background-repeat":"repeat","background-position":"center center","background-size":"auto","background-attachment":"scroll","background-type":"","background-media":"","overlay-type":"","overlay-color":"","overlay-opacity":"","overlay-gradient":""}},"footnotes":""},"categories":[8],"tags":[87,16],"class_list":["post-3233","post","type-post","status-publish","format-standard","hentry","category-depression","tag-conseils","tag-depression"],"yoast_head":"<!-- This site is optimized with the Yoast SEO plugin v26.2 - https:\/\/yoast.com\/wordpress\/plugins\/seo\/ -->\n<title>10 conseils pour lutter contre la d\u00e9pression saisonni\u00e8re | Blog Psy.link<\/title>\n<meta name=\"description\" content=\"La d\u00e9pression saisonni\u00e8re serait li\u00e9e \u00e0 la r\u00e9ponse du corps au raccourcissement des jours et \u00e0 la r\u00e9duction de lumi\u00e8re pendant les mois d&#039;hiver.\" \/>\n<meta name=\"robots\" content=\"index, follow, max-snippet:-1, max-image-preview:large, max-video-preview:-1\" \/>\n<link rel=\"canonical\" href=\"https:\/\/www.psy.link\/blog\/2021\/11\/06\/10-conseils-pour-lutter-contre-la-depression-saisonniere\/\" \/>\n<meta property=\"og:locale\" content=\"fr_FR\" \/>\n<meta property=\"og:type\" content=\"article\" \/>\n<meta property=\"og:title\" content=\"10 conseils pour lutter contre la d\u00e9pression saisonni\u00e8re | Blog Psy.link\" \/>\n<meta property=\"og:description\" content=\"La d\u00e9pression saisonni\u00e8re serait li\u00e9e \u00e0 la r\u00e9ponse du corps au raccourcissement des jours et \u00e0 la r\u00e9duction de lumi\u00e8re pendant les mois d&#039;hiver.\" \/>\n<meta property=\"og:url\" content=\"https:\/\/www.psy.link\/blog\/2021\/11\/06\/10-conseils-pour-lutter-contre-la-depression-saisonniere\/\" \/>\n<meta property=\"og:site_name\" content=\"Blog Psy.link\" \/>\n<meta property=\"article:publisher\" content=\"https:\/\/www.facebook.com\/psy.link.therapie\/\" \/>\n<meta property=\"article:published_time\" content=\"2021-11-06T19:31:04+00:00\" \/>\n<meta property=\"article:modified_time\" content=\"2026-02-13T11:02:47+00:00\" \/>\n<meta property=\"og:image\" content=\"https:\/\/www.psy.link\/blog\/wp-content\/uploads\/2021\/11\/matthew-henry-2Ts5HnA67k8-unsplash.jpg\" \/>\n\t<meta property=\"og:image:width\" content=\"640\" \/>\n\t<meta property=\"og:image:height\" content=\"427\" \/>\n\t<meta property=\"og:image:type\" content=\"image\/jpeg\" \/>\n<meta name=\"author\" content=\"Linda Kempe\" \/>\n<meta name=\"twitter:card\" content=\"summary_large_image\" \/>\n<meta name=\"twitter:creator\" content=\"@Psylink_tcc\" \/>\n<meta name=\"twitter:site\" content=\"@Psylink_tcc\" \/>\n<meta name=\"twitter:label1\" content=\"\u00c9crit par\" \/>\n\t<meta name=\"twitter:data1\" content=\"Linda Kempe\" \/>\n\t<meta name=\"twitter:label2\" content=\"Dur\u00e9e de lecture estim\u00e9e\" \/>\n\t<meta name=\"twitter:data2\" content=\"9 minutes\" \/>\n<script type=\"application\/ld+json\" class=\"yoast-schema-graph\">{\"@context\":\"https:\/\/schema.org\",\"@graph\":[{\"@type\":\"Article\",\"@id\":\"https:\/\/www.psy.link\/blog\/2021\/11\/06\/10-conseils-pour-lutter-contre-la-depression-saisonniere\/#article\",\"isPartOf\":{\"@id\":\"https:\/\/www.psy.link\/blog\/2021\/11\/06\/10-conseils-pour-lutter-contre-la-depression-saisonniere\/\"},\"author\":{\"name\":\"Linda Kempe\",\"@id\":\"https:\/\/www.psy.link\/blog\/#\/schema\/person\/42e87036448e52b90611c0559a5f005a\"},\"headline\":\"10 conseils pour lutter contre la d\u00e9pression saisonni\u00e8re\",\"datePublished\":\"2021-11-06T19:31:04+00:00\",\"dateModified\":\"2026-02-13T11:02:47+00:00\",\"mainEntityOfPage\":{\"@id\":\"https:\/\/www.psy.link\/blog\/2021\/11\/06\/10-conseils-pour-lutter-contre-la-depression-saisonniere\/\"},\"wordCount\":1946,\"commentCount\":0,\"publisher\":{\"@id\":\"https:\/\/www.psy.link\/blog\/#organization\"},\"image\":{\"@id\":\"https:\/\/www.psy.link\/blog\/2021\/11\/06\/10-conseils-pour-lutter-contre-la-depression-saisonniere\/#primaryimage\"},\"thumbnailUrl\":\"https:\/\/www.psy.link\/blog\/wp-content\/uploads\/2021\/11\/matthew-henry-2Ts5HnA67k8-unsplash.jpg\",\"keywords\":[\"conseils\",\"d\u00e9pression\"],\"articleSection\":[\"D\u00e9pression\"],\"inLanguage\":\"fr-FR\",\"potentialAction\":[{\"@type\":\"CommentAction\",\"name\":\"Comment\",\"target\":[\"https:\/\/www.psy.link\/blog\/2021\/11\/06\/10-conseils-pour-lutter-contre-la-depression-saisonniere\/#respond\"]}]},{\"@type\":\"WebPage\",\"@id\":\"https:\/\/www.psy.link\/blog\/2021\/11\/06\/10-conseils-pour-lutter-contre-la-depression-saisonniere\/\",\"url\":\"https:\/\/www.psy.link\/blog\/2021\/11\/06\/10-conseils-pour-lutter-contre-la-depression-saisonniere\/\",\"name\":\"10 conseils pour lutter contre la d\u00e9pression saisonni\u00e8re | Blog Psy.link\",\"isPartOf\":{\"@id\":\"https:\/\/www.psy.link\/blog\/#website\"},\"primaryImageOfPage\":{\"@id\":\"https:\/\/www.psy.link\/blog\/2021\/11\/06\/10-conseils-pour-lutter-contre-la-depression-saisonniere\/#primaryimage\"},\"image\":{\"@id\":\"https:\/\/www.psy.link\/blog\/2021\/11\/06\/10-conseils-pour-lutter-contre-la-depression-saisonniere\/#primaryimage\"},\"thumbnailUrl\":\"https:\/\/www.psy.link\/blog\/wp-content\/uploads\/2021\/11\/matthew-henry-2Ts5HnA67k8-unsplash.jpg\",\"datePublished\":\"2021-11-06T19:31:04+00:00\",\"dateModified\":\"2026-02-13T11:02:47+00:00\",\"description\":\"La d\u00e9pression saisonni\u00e8re serait li\u00e9e \u00e0 la r\u00e9ponse du corps au raccourcissement des jours et \u00e0 la r\u00e9duction de lumi\u00e8re pendant les mois d'hiver.\",\"breadcrumb\":{\"@id\":\"https:\/\/www.psy.link\/blog\/2021\/11\/06\/10-conseils-pour-lutter-contre-la-depression-saisonniere\/#breadcrumb\"},\"inLanguage\":\"fr-FR\",\"potentialAction\":[{\"@type\":\"ReadAction\",\"target\":[\"https:\/\/www.psy.link\/blog\/2021\/11\/06\/10-conseils-pour-lutter-contre-la-depression-saisonniere\/\"]}]},{\"@type\":\"ImageObject\",\"inLanguage\":\"fr-FR\",\"@id\":\"https:\/\/www.psy.link\/blog\/2021\/11\/06\/10-conseils-pour-lutter-contre-la-depression-saisonniere\/#primaryimage\",\"url\":\"https:\/\/www.psy.link\/blog\/wp-content\/uploads\/2021\/11\/matthew-henry-2Ts5HnA67k8-unsplash.jpg\",\"contentUrl\":\"https:\/\/www.psy.link\/blog\/wp-content\/uploads\/2021\/11\/matthew-henry-2Ts5HnA67k8-unsplash.jpg\",\"width\":640,\"height\":427},{\"@type\":\"BreadcrumbList\",\"@id\":\"https:\/\/www.psy.link\/blog\/2021\/11\/06\/10-conseils-pour-lutter-contre-la-depression-saisonniere\/#breadcrumb\",\"itemListElement\":[{\"@type\":\"ListItem\",\"position\":1,\"name\":\"Accueil\",\"item\":\"https:\/\/www.psy.link\/blog\/\"},{\"@type\":\"ListItem\",\"position\":2,\"name\":\"10 conseils pour lutter contre la d\u00e9pression saisonni\u00e8re\"}]},{\"@type\":\"WebSite\",\"@id\":\"https:\/\/www.psy.link\/blog\/#website\",\"url\":\"https:\/\/www.psy.link\/blog\/\",\"name\":\"Blog Psy.link\",\"description\":\"Votre guide pour comprendre la psychologie et cultiver votre sant\u00e9 mentale\",\"publisher\":{\"@id\":\"https:\/\/www.psy.link\/blog\/#organization\"},\"potentialAction\":[{\"@type\":\"SearchAction\",\"target\":{\"@type\":\"EntryPoint\",\"urlTemplate\":\"https:\/\/www.psy.link\/blog\/?s={search_term_string}\"},\"query-input\":{\"@type\":\"PropertyValueSpecification\",\"valueRequired\":true,\"valueName\":\"search_term_string\"}}],\"inLanguage\":\"fr-FR\"},{\"@type\":\"Organization\",\"@id\":\"https:\/\/www.psy.link\/blog\/#organization\",\"name\":\"Psy.link\",\"url\":\"https:\/\/www.psy.link\/blog\/\",\"logo\":{\"@type\":\"ImageObject\",\"inLanguage\":\"fr-FR\",\"@id\":\"https:\/\/www.psy.link\/blog\/#\/schema\/logo\/image\/\",\"url\":\"https:\/\/www.psy.link\/blog\/wp-content\/uploads\/2022\/06\/full_logo.png\",\"contentUrl\":\"https:\/\/www.psy.link\/blog\/wp-content\/uploads\/2022\/06\/full_logo.png\",\"width\":2461,\"height\":1642,\"caption\":\"Psy.link\"},\"image\":{\"@id\":\"https:\/\/www.psy.link\/blog\/#\/schema\/logo\/image\/\"},\"sameAs\":[\"https:\/\/www.facebook.com\/psy.link.therapie\/\",\"https:\/\/x.com\/Psylink_tcc\",\"https:\/\/www.instagram.com\/psy.link_\/\",\"https:\/\/www.linkedin.com\/company\/psy-link-therapie\"]},{\"@type\":\"Person\",\"@id\":\"https:\/\/www.psy.link\/blog\/#\/schema\/person\/42e87036448e52b90611c0559a5f005a\",\"name\":\"Linda Kempe\",\"description\":\"Fondateur de Psy.link - Psychologue clinicienne - Charg\u00e9e de cours \u00e0 l'Universit\u00e9\",\"sameAs\":[\"https:\/\/psy.link\/\"],\"url\":\"https:\/\/www.psy.link\/blog\/author\/linda\/\"}]}<\/script>\n<!-- \/ Yoast SEO plugin. -->","yoast_head_json":{"title":"10 conseils pour lutter contre la d\u00e9pression saisonni\u00e8re | Blog Psy.link","description":"La d\u00e9pression saisonni\u00e8re serait li\u00e9e \u00e0 la r\u00e9ponse du corps au raccourcissement des jours et \u00e0 la r\u00e9duction de lumi\u00e8re pendant les mois d'hiver.","robots":{"index":"index","follow":"follow","max-snippet":"max-snippet:-1","max-image-preview":"max-image-preview:large","max-video-preview":"max-video-preview:-1"},"canonical":"https:\/\/www.psy.link\/blog\/2021\/11\/06\/10-conseils-pour-lutter-contre-la-depression-saisonniere\/","og_locale":"fr_FR","og_type":"article","og_title":"10 conseils pour lutter contre la d\u00e9pression saisonni\u00e8re | Blog Psy.link","og_description":"La d\u00e9pression saisonni\u00e8re serait li\u00e9e \u00e0 la r\u00e9ponse du corps au raccourcissement des jours et \u00e0 la r\u00e9duction de lumi\u00e8re pendant les mois d'hiver.","og_url":"https:\/\/www.psy.link\/blog\/2021\/11\/06\/10-conseils-pour-lutter-contre-la-depression-saisonniere\/","og_site_name":"Blog Psy.link","article_publisher":"https:\/\/www.facebook.com\/psy.link.therapie\/","article_published_time":"2021-11-06T19:31:04+00:00","article_modified_time":"2026-02-13T11:02:47+00:00","og_image":[{"width":640,"height":427,"url":"https:\/\/www.psy.link\/blog\/wp-content\/uploads\/2021\/11\/matthew-henry-2Ts5HnA67k8-unsplash.jpg","type":"image\/jpeg"}],"author":"Linda Kempe","twitter_card":"summary_large_image","twitter_creator":"@Psylink_tcc","twitter_site":"@Psylink_tcc","twitter_misc":{"\u00c9crit par":"Linda Kempe","Dur\u00e9e de lecture estim\u00e9e":"9 minutes"},"schema":{"@context":"https:\/\/schema.org","@graph":[{"@type":"Article","@id":"https:\/\/www.psy.link\/blog\/2021\/11\/06\/10-conseils-pour-lutter-contre-la-depression-saisonniere\/#article","isPartOf":{"@id":"https:\/\/www.psy.link\/blog\/2021\/11\/06\/10-conseils-pour-lutter-contre-la-depression-saisonniere\/"},"author":{"name":"Linda Kempe","@id":"https:\/\/www.psy.link\/blog\/#\/schema\/person\/42e87036448e52b90611c0559a5f005a"},"headline":"10 conseils pour lutter contre la d\u00e9pression saisonni\u00e8re","datePublished":"2021-11-06T19:31:04+00:00","dateModified":"2026-02-13T11:02:47+00:00","mainEntityOfPage":{"@id":"https:\/\/www.psy.link\/blog\/2021\/11\/06\/10-conseils-pour-lutter-contre-la-depression-saisonniere\/"},"wordCount":1946,"commentCount":0,"publisher":{"@id":"https:\/\/www.psy.link\/blog\/#organization"},"image":{"@id":"https:\/\/www.psy.link\/blog\/2021\/11\/06\/10-conseils-pour-lutter-contre-la-depression-saisonniere\/#primaryimage"},"thumbnailUrl":"https:\/\/www.psy.link\/blog\/wp-content\/uploads\/2021\/11\/matthew-henry-2Ts5HnA67k8-unsplash.jpg","keywords":["conseils","d\u00e9pression"],"articleSection":["D\u00e9pression"],"inLanguage":"fr-FR","potentialAction":[{"@type":"CommentAction","name":"Comment","target":["https:\/\/www.psy.link\/blog\/2021\/11\/06\/10-conseils-pour-lutter-contre-la-depression-saisonniere\/#respond"]}]},{"@type":"WebPage","@id":"https:\/\/www.psy.link\/blog\/2021\/11\/06\/10-conseils-pour-lutter-contre-la-depression-saisonniere\/","url":"https:\/\/www.psy.link\/blog\/2021\/11\/06\/10-conseils-pour-lutter-contre-la-depression-saisonniere\/","name":"10 conseils pour lutter contre la d\u00e9pression saisonni\u00e8re | Blog Psy.link","isPartOf":{"@id":"https:\/\/www.psy.link\/blog\/#website"},"primaryImageOfPage":{"@id":"https:\/\/www.psy.link\/blog\/2021\/11\/06\/10-conseils-pour-lutter-contre-la-depression-saisonniere\/#primaryimage"},"image":{"@id":"https:\/\/www.psy.link\/blog\/2021\/11\/06\/10-conseils-pour-lutter-contre-la-depression-saisonniere\/#primaryimage"},"thumbnailUrl":"https:\/\/www.psy.link\/blog\/wp-content\/uploads\/2021\/11\/matthew-henry-2Ts5HnA67k8-unsplash.jpg","datePublished":"2021-11-06T19:31:04+00:00","dateModified":"2026-02-13T11:02:47+00:00","description":"La d\u00e9pression saisonni\u00e8re serait li\u00e9e \u00e0 la r\u00e9ponse du corps au raccourcissement des jours et \u00e0 la r\u00e9duction de lumi\u00e8re pendant les mois d'hiver.","breadcrumb":{"@id":"https:\/\/www.psy.link\/blog\/2021\/11\/06\/10-conseils-pour-lutter-contre-la-depression-saisonniere\/#breadcrumb"},"inLanguage":"fr-FR","potentialAction":[{"@type":"ReadAction","target":["https:\/\/www.psy.link\/blog\/2021\/11\/06\/10-conseils-pour-lutter-contre-la-depression-saisonniere\/"]}]},{"@type":"ImageObject","inLanguage":"fr-FR","@id":"https:\/\/www.psy.link\/blog\/2021\/11\/06\/10-conseils-pour-lutter-contre-la-depression-saisonniere\/#primaryimage","url":"https:\/\/www.psy.link\/blog\/wp-content\/uploads\/2021\/11\/matthew-henry-2Ts5HnA67k8-unsplash.jpg","contentUrl":"https:\/\/www.psy.link\/blog\/wp-content\/uploads\/2021\/11\/matthew-henry-2Ts5HnA67k8-unsplash.jpg","width":640,"height":427},{"@type":"BreadcrumbList","@id":"https:\/\/www.psy.link\/blog\/2021\/11\/06\/10-conseils-pour-lutter-contre-la-depression-saisonniere\/#breadcrumb","itemListElement":[{"@type":"ListItem","position":1,"name":"Accueil","item":"https:\/\/www.psy.link\/blog\/"},{"@type":"ListItem","position":2,"name":"10 conseils pour lutter contre la d\u00e9pression saisonni\u00e8re"}]},{"@type":"WebSite","@id":"https:\/\/www.psy.link\/blog\/#website","url":"https:\/\/www.psy.link\/blog\/","name":"Blog Psy.link","description":"Votre guide pour comprendre la psychologie et cultiver votre sant\u00e9 mentale","publisher":{"@id":"https:\/\/www.psy.link\/blog\/#organization"},"potentialAction":[{"@type":"SearchAction","target":{"@type":"EntryPoint","urlTemplate":"https:\/\/www.psy.link\/blog\/?s={search_term_string}"},"query-input":{"@type":"PropertyValueSpecification","valueRequired":true,"valueName":"search_term_string"}}],"inLanguage":"fr-FR"},{"@type":"Organization","@id":"https:\/\/www.psy.link\/blog\/#organization","name":"Psy.link","url":"https:\/\/www.psy.link\/blog\/","logo":{"@type":"ImageObject","inLanguage":"fr-FR","@id":"https:\/\/www.psy.link\/blog\/#\/schema\/logo\/image\/","url":"https:\/\/www.psy.link\/blog\/wp-content\/uploads\/2022\/06\/full_logo.png","contentUrl":"https:\/\/www.psy.link\/blog\/wp-content\/uploads\/2022\/06\/full_logo.png","width":2461,"height":1642,"caption":"Psy.link"},"image":{"@id":"https:\/\/www.psy.link\/blog\/#\/schema\/logo\/image\/"},"sameAs":["https:\/\/www.facebook.com\/psy.link.therapie\/","https:\/\/x.com\/Psylink_tcc","https:\/\/www.instagram.com\/psy.link_\/","https:\/\/www.linkedin.com\/company\/psy-link-therapie"]},{"@type":"Person","@id":"https:\/\/www.psy.link\/blog\/#\/schema\/person\/42e87036448e52b90611c0559a5f005a","name":"Linda Kempe","description":"Fondateur de Psy.link - Psychologue clinicienne - Charg\u00e9e de cours \u00e0 l'Universit\u00e9","sameAs":["https:\/\/psy.link\/"],"url":"https:\/\/www.psy.link\/blog\/author\/linda\/"}]}},"uagb_featured_image_src":{"full":false,"thumbnail":false,"medium":false,"medium_large":false,"large":false,"1536x1536":false,"2048x2048":false},"uagb_author_info":{"display_name":"Linda Kempe","author_link":"https:\/\/www.psy.link\/blog\/author\/linda\/"},"uagb_comment_info":0,"uagb_excerpt":"La d\u00e9pression saisonni\u00e8re est plus qu&rsquo;un simple \u00ab&nbsp;blues de l&rsquo;hiver&nbsp;\u00bb. Le trouble peut devenir vraiment handicapant, mais il existe des moyens efficaces de lutter contre. L&rsquo;hiver arrive. L\u2019heure recule d\u2019une heure, la nuit tombe plus vite, le soleil est au plus bas et tout est un peu plus sombre, y compris notre humeur ! Pour\u2026","_links":{"self":[{"href":"https:\/\/www.psy.link\/blog\/wp-json\/wp\/v2\/posts\/3233","targetHints":{"allow":["GET"]}}],"collection":[{"href":"https:\/\/www.psy.link\/blog\/wp-json\/wp\/v2\/posts"}],"about":[{"href":"https:\/\/www.psy.link\/blog\/wp-json\/wp\/v2\/types\/post"}],"author":[{"embeddable":true,"href":"https:\/\/www.psy.link\/blog\/wp-json\/wp\/v2\/users\/6"}],"replies":[{"embeddable":true,"href":"https:\/\/www.psy.link\/blog\/wp-json\/wp\/v2\/comments?post=3233"}],"version-history":[{"count":1,"href":"https:\/\/www.psy.link\/blog\/wp-json\/wp\/v2\/posts\/3233\/revisions"}],"predecessor-version":[{"id":14541,"href":"https:\/\/www.psy.link\/blog\/wp-json\/wp\/v2\/posts\/3233\/revisions\/14541"}],"wp:attachment":[{"href":"https:\/\/www.psy.link\/blog\/wp-json\/wp\/v2\/media?parent=3233"}],"wp:term":[{"taxonomy":"category","embeddable":true,"href":"https:\/\/www.psy.link\/blog\/wp-json\/wp\/v2\/categories?post=3233"},{"taxonomy":"post_tag","embeddable":true,"href":"https:\/\/www.psy.link\/blog\/wp-json\/wp\/v2\/tags?post=3233"}],"curies":[{"name":"wp","href":"https:\/\/api.w.org\/{rel}","templated":true}]}}