{"id":3327,"date":"2022-02-03T14:27:16","date_gmt":"2022-02-03T13:27:16","guid":{"rendered":"https:\/\/www.psy.link\/blog\/?p=3327"},"modified":"2026-02-13T12:02:02","modified_gmt":"2026-02-13T11:02:02","slug":"qui-suis-je-mieux-se-connaitre","status":"publish","type":"post","link":"https:\/\/www.psy.link\/blog\/2022\/02\/03\/qui-suis-je-mieux-se-connaitre\/","title":{"rendered":"Qui suis-je? 28 questions pour mieux se conna\u00eetre"},"content":{"rendered":"\n<p>Avez-vous l\u2019impression de vous conna\u00eetre? Avez-vous une id\u00e9e pr\u00e9cise de qui vous \u00eates, ce en quoi vous croyez, ce qui compte pour vous, ce que vous ressentez, ce que vous voulez ? Parfois vous posez-vous la question \u00ab\u00a0qui suis-je?\u00a0\u00bb Nous vous proposons ci-dessous des questions pour mieux se conna\u00eetre. <\/p>\n\n\n\n<figure class=\"wp-block-image aligncenter size-large\"><img decoding=\"async\" width=\"640\" height=\"426\" src=\"https:\/\/www.psy.link\/blog\/wp-content\/uploads\/2022\/02\/pexels-alex-green-5699854.jpg\" alt=\"\" class=\"wp-image-3328\" srcset=\"https:\/\/www.psy.link\/blog\/wp-content\/uploads\/2022\/02\/pexels-alex-green-5699854.jpg 640w, https:\/\/www.psy.link\/blog\/wp-content\/uploads\/2022\/02\/pexels-alex-green-5699854-300x200.jpg 300w\" sizes=\"(max-width: 640px) 100vw, 640px\" \/><figcaption class=\"wp-element-caption\">Qui suis-je &#8211; c&rsquo;est pr\u00e9cieux de mieux se conna\u00eetre<\/figcaption><\/figure>\n\n\n\n<h2 class=\"wp-block-heading\">Qui suis-je?<\/h2>\n\n\n\n<p>Sur le plan d\u00e9veloppemental, adolescents et jeunes adultes sont en qu\u00eate d\u2019identit\u00e9. Alors, ils testent parfois des attitudes et comportements diff\u00e9rents et ce, afin de trouver ceux qui conviennent le mieux. Par exemple, Sophie d\u00e9cide de devenir v\u00e9g\u00e9tarien et Tom s&rsquo;engage dans une association qui d\u00e9fend les droits des LGBTQI. <\/p>\n\n\n\n<p>Cependant, plus tard, dans la vie, nous revisitons ces questions. Nous pouvons avoir besoin de r\u00e9fl\u00e9chir \u00e0 tout \u00e2ge \u00e0 notre identit\u00e9.<\/p>\n\n\n\n<p>Puisqu&rsquo;il est \u00e0 la fois normal et essentiel de chercher \u00e0 se comprendre, chacun ayant besoin d\u2019avoir une image coh\u00e9rente de soi.&nbsp;<\/p>\n\n\n\n<p>Avoir un sentiment d\u2019identit\u00e9 permet de s\u2019accepter et d&rsquo;\u00e9tablir un sentiment d&rsquo;appartenance. Mieux se conna\u00eetre donne une meilleure confiance en soi et celle-ci est importante car elle aide \u00e0 naviguer dans la vie. Avoir confiance en soi permet d&rsquo;aborder des difficult\u00e9s avec moins de stress. En fait, savoir ce qui est important pour nous contribue \u00e0 donner du sens \u00e0 nos actes et \u00e0 nos exp\u00e9riences.&nbsp;Par cons\u00e9quent, agir au service de quelles valeurs permet de mieux se conna\u00eetre et r\u00e9pondre \u00e0 la question \u00ab\u00a0qui suis-je?\u00a0\u00bb.<\/p>\n\n\n\n<p>En souffrance, nous pouvons perdre de vue nos valeurs. Trop occup\u00e9s \u00e0 lutter, nous ne savons plus ce qui donne du sens. En effet, les valeurs traduisent qui nous sommes mais si nos actions sont motiv\u00e9es par la lutte contre la souffrance, nous aurons tendance \u00e0 nous \u00e9loigner de la personne que nous souhaitons incarner. Nous nous \u00e9loignons de nos valeurs. <\/p>\n\n\n\n<div class=\"wp-block-columns is-layout-flex wp-container-core-columns-is-layout-28f84493 wp-block-columns-is-layout-flex\">\n<div class=\"wp-block-column is-vertically-aligned-stretch has-ast-global-color-4-background-color has-background is-layout-flow wp-block-column-is-layout-flow\" style=\"padding-top:var(--wp--preset--spacing--20);padding-right:var(--wp--preset--spacing--20);padding-bottom:var(--wp--preset--spacing--20);padding-left:var(--wp--preset--spacing--20)\">\n<div class=\"wp-block-group is-nowrap is-layout-flex wp-container-core-group-is-layout-6c531013 wp-block-group-is-layout-flex\">\n<figure class=\"wp-block-image aligncenter size-full is-resized\"><img decoding=\"async\" width=\"400\" height=\"600\" src=\"https:\/\/www.psy.link\/blog\/wp-content\/uploads\/2025\/11\/9.png\" alt=\"\" class=\"wp-image-14284\" style=\"width:170px;height:auto\" srcset=\"https:\/\/www.psy.link\/blog\/wp-content\/uploads\/2025\/11\/9.png 400w, https:\/\/www.psy.link\/blog\/wp-content\/uploads\/2025\/11\/9-200x300.png 200w\" sizes=\"(max-width: 400px) 100vw, 400px\" \/><\/figure>\n\n\n\n<div class=\"wp-block-uagb-call-to-action uagb-block-4806f25e wp-block-button\"><div class=\"uagb-cta__wrap\"><h2 class=\"uagb-cta__title\"><strong>Trouvez un psychologue TCC qualifi\u00e9 pr\u00e8s de chez vous<\/strong><\/h2><p class=\"uagb-cta__desc\">L\u2019annuaire national Psy.link regroupe des praticiens form\u00e9s et v\u00e9rifi\u00e9s, disponibles rapidement.<\/p><\/div><div class=\"uagb-cta__buttons\"><a href=\"https:\/\/app.psy.link\/psychologues-tcc\" class=\"uagb-cta__button-link-wrapper wp-block-button__link\" target=\"_blank\" rel=\"noopener noreferrer\">\ud83d\udd0e Consulter l\u2019annuaire<\/a><\/div><\/div>\n<\/div>\n<\/div>\n<\/div>\n\n\n\n<h2 class=\"wp-block-heading\">Avoir un sentiment de soi affaibli<\/h2>\n\n\n\n<h3 class=\"wp-block-heading\">Le sacrifice de soi<\/h3>\n\n\n\n<p>Si nous faisons constamment passer les besoins des autres avant les n\u00f4tres, nous perdons le contact avec nos besoins. \u00catre dans le sacrifice de soi peut \u00eatre une jolie qualit\u00e9, mais si nous ignorons et n\u00e9gligeons nos propres besoins, nous perdons le sentiment de soi. Nos besoins \u00e9voluent r\u00e9guli\u00e8rement, ils se refl\u00e8tent souvent dans nos \u00e9motions.<\/p>\n\n\n\n<p>Ainsi, nous pouvons avoir besoin de r\u00e9confort \u00e0 un moment, ou d&rsquo;apaisement \u00e0 un autre. Parfois nous avons besoin de nous sentir en s\u00e9curit\u00e9 ou au contraire de vivre des stimulations et de l\u2019excitation. Concentr\u00e9s sur les besoins des autres, nous risquons de n\u00e9gliger les n\u00f4tres. Nous minimisons qui nous sommes et ce dont nous avons besoin, au lieu de nous \u00e9couter. La question \u00ab\u00a0qui suis-je\u00a0\u00bb est mise de c\u00f4t\u00e9&#8230; Mieux se conna\u00eetre devient important afin de retrouver du sens dans sa vie.<\/p>\n\n\n\n<figure class=\"wp-block-image aligncenter size-large\"><img decoding=\"async\" width=\"640\" height=\"426\" src=\"https:\/\/www.psy.link\/blog\/wp-content\/uploads\/2022\/02\/pexels-khoa-v\u00c3\u00b5-5430073.jpg\" alt=\"\" class=\"wp-image-3330\" srcset=\"https:\/\/www.psy.link\/blog\/wp-content\/uploads\/2022\/02\/pexels-khoa-v\u00c3\u00b5-5430073.jpg 640w, https:\/\/www.psy.link\/blog\/wp-content\/uploads\/2022\/02\/pexels-khoa-v\u00c3\u00b5-5430073-300x200.jpg 300w\" sizes=\"(max-width: 640px) 100vw, 640px\" \/><figcaption class=\"wp-element-caption\">Mieux se conna\u00eetre est possible<\/figcaption><\/figure>\n\n\n\n<h3 class=\"wp-block-heading\">Eviter de ressentir<\/h3>\n\n\n\n<p>Certaines personnes peuvent devenir \u00e9vitantes de leurs pens\u00e9es et \u00e9motions n\u00e9gatives. Elles se d\u00e9connectent de celles-ci. Des efforts sont mis en place pour ne pas penser \u00e0 des choses douloureuses ou ressentir des \u00e9motions n\u00e9gatives. Ces efforts se traduisent par des&nbsp;strat\u00e9gies telles que distraction (\u201cje regarde une s\u00e9rie pour ne pas penser\u201d, \u201cquand je suis stress\u00e9 je vais sur les r\u00e9seaux sociaux\u201d), l\u2019\u00e9vitement (alcool, nourriture, substances\u2026). Le probl\u00e8me, alors, est que nous passons \u00e0 c\u00f4t\u00e9 d&rsquo;informations importantes pour notre identit\u00e9.&nbsp;<\/p>\n\n\n\n<p>\u00c0 quelle fr\u00e9quence ouvrez-vous Instagram ou Facebook dans des moments d\u2019ennui? Mangez-vous une collation quand vous vous sentez inconfortable, fumez-vous une cigarette?&nbsp;<\/p>\n\n\n\n<p>De tels comportements nous emp\u00eachent de nous conna\u00eetre car ils nous excluent de toute exploration de nos ressentis. Nous ne prenons pas le temps de nous conna\u00eetre puisque nous fuyons en permanence.&nbsp;<\/p>\n\n\n\n<h3 class=\"wp-block-heading\">Les \u00e9v\u00e9nements de vie<\/h3>\n\n\n\n<p>Parfois dans la vie nous vivons de fortes exp\u00e9riences qui peuvent \u00eatre des \u00e9l\u00e9ments de stress importants. Celles-ci sont appel\u00e9es \u00ab\u00a0\u00e9v\u00e9nements de vie\u201d .<\/p>\n\n\n\n<p>L\u2019OMS mentionne le divorce, le d\u00e9m\u00e9nagement, le licenciement, le d\u00e9c\u00e8s d\u2019un proche, la maladie etc. comme des exp\u00e9riences n\u00e9gatives qui peuvent avoir des r\u00e9percussions sur la sant\u00e9 mentale. Ainsi, notre perception de nous m\u00eame peut changer \u00e0 ces moments-l\u00e0.&nbsp;<\/p>\n\n\n\n<p>Quand nous sommes face \u00e0 des situations stressantes, nous nous trouvons d\u00e9stabilis\u00e9s profond\u00e9ment, c\u2019est pourquoi il nous faut utiliser toutes nos ressources afin de nous adapter.Cependant, parfois les efforts demand\u00e9s pour nous adapter d\u00e9passent nos ressources\u2026<\/p>\n\n\n\n<figure class=\"wp-block-image aligncenter size-large\"><img decoding=\"async\" width=\"640\" height=\"426\" src=\"https:\/\/www.psy.link\/blog\/wp-content\/uploads\/2022\/02\/pexels-mental-health-america-mha-5543221-2.jpg\" alt=\"\" class=\"wp-image-3337\" srcset=\"https:\/\/www.psy.link\/blog\/wp-content\/uploads\/2022\/02\/pexels-mental-health-america-mha-5543221-2.jpg 640w, https:\/\/www.psy.link\/blog\/wp-content\/uploads\/2022\/02\/pexels-mental-health-america-mha-5543221-2-300x200.jpg 300w\" sizes=\"(max-width: 640px) 100vw, 640px\" \/><figcaption class=\"wp-element-caption\">J&rsquo;aimerais mieux me conna\u00eetre afin de prendre des d\u00e9cisions justes.<\/figcaption><\/figure>\n\n\n\n<h3 class=\"wp-block-heading\">Les r\u00f4les de vie<\/h3>\n\n\n\n<p>Nous sommes acteurs de nos vies et par cons\u00e9quent sommes amen\u00e9s \u00e0 \u201cjouer\u201d plusieurs r\u00f4les.<\/p>\n\n\n\n<p>De l\u2019enfance \u00e0 l\u2019adolescence,, \u00e9tudiant, employ\u00e9, ami, compagnon, parent, soeur ou fr\u00e8re, co\u00e9quipier, professionnel, etc. Cependant, il arrive que des ruptures dans ces r\u00f4les entra\u00eenent la perte de notre sentiment d\u2019identit\u00e9. Ce qui arrive quand un domaine a \u00e9t\u00e9 surinvesti.&nbsp;<\/p>\n\n\n\n<p>Thomas \u00e9tait un professeur tr\u00e8s investi. Lors de&nbsp; son d\u00e9part en retraite, il s\u2019est senti perdu, ne sachant plus qu\u2019il \u00e9tait n\u2019ayant plus de r\u00f4le professionnel \u00e0 partir duquel il s\u2019\u00e9tait pleinement \u00e9panoui ces 30 derni\u00e8res ann\u00e9es.&nbsp;<\/p>\n\n\n\n<p>De m\u00eame Anna, qui au d\u00e9c\u00e8s de sa m\u00e8re perdit le go\u00fbt de vivre. Se sentant indispensable face \u00e0 la maladie de sa m\u00e8re qui l\u2019occupait pleinement, en l\u2019assistant dans ses soins, et d\u00e9charg\u00e9e de tout cela brutalement, elle ne sut plus ce qui pouvait lui faire plaisir.&nbsp;<\/p>\n\n\n\n<div class=\"wp-block-group is-layout-constrained wp-block-group-is-layout-constrained\"><div class=\"wp-block-group__inner-container\">\n<div class=\"wp-block-columns is-layout-flex wp-container-core-columns-is-layout-28f84493 wp-block-columns-is-layout-flex\">\n<div class=\"wp-block-column is-layout-flow wp-block-column-is-layout-flow\" style=\"flex-basis:100%\">\n<div class=\"wp-block-uagb-container uagb-layout-grid uagb-block-6588ff3e alignfull uagb-is-root-container\">\n<div class=\"wp-block-uagb-container uagb-block-22367a12\">\n<div class=\"wp-block-uagb-call-to-action uagb-block-0bd688a4 wp-block-button\"><div class=\"uagb-cta__wrap\"><h3 class=\"uagb-cta__title\"><strong>Prenez rendez-vous avec un psychologue TCC v\u00e9rifi\u00e9<\/strong><\/h3><p class=\"uagb-cta__desc\">Des psychologues form\u00e9s, disponibles rapidement, pour une prise en charge efficace d\u00e8s la premi\u00e8re s\u00e9ance.<\/p><\/div><div class=\"uagb-cta__buttons\"><a href=\"https:\/\/app.psy.link\/psychologues-tcc\" class=\"uagb-cta__button-link-wrapper wp-block-button__link\" target=\"_self\" rel=\"noopener noreferrer\">\ud83d\udc49 Trouver un psychologue TCC maintenant<\/a><\/div><\/div>\n<\/div>\n<\/div>\n<\/div>\n<\/div>\n<\/div><\/div>\n\n\n\n<h3 class=\"wp-block-heading\">La honte<\/h3>\n\n\n\n<p>Dans notre enfance nous apprenons \u00e0 avoir honte de nous. Aussi, certains d\u00e9fauts ou faiblesses sont point\u00e9s d\u2019une mani\u00e8re exag\u00e9r\u00e9e par notre entourage et nous d\u00e9veloppons alors une croyance selon laquelle, nous sommes diff\u00e9rents de la norme. Nous sommes inad\u00e9quats.<\/p>\n\n\n\n<p>Les enfants sont parfois tr\u00e8s taquins entre eux et certaines moqueries peuvent avoir des r\u00e9percussions n\u00e9gatives sur la construction de soi.<\/p>\n\n\n\n<p>Afin de&nbsp; ne pas se sentir honteux, les \u00eatres humains sont capables d\u2019inventer toutes sortes de strat\u00e9gies pour cacher ce qui est \u201csoit disant\u201d honteux. Mais alors, occup\u00e9s \u00e0 \u201ccacher\u201d qui nous sommes, nous perdons tout contact avec nous-m\u00eames\u2026<\/p>\n\n\n\n<p>Ainsi Sophie subissait des moqueries au coll\u00e8ge. Ses copains lui disaient qu\u2019elle \u00e9tait trop grande, trop maigre\u2026 Elle d\u00e9veloppa alors une image d\u2019elle-m\u00eame o\u00f9 elle apparaissait&nbsp; bizarre et laide, toujours g\u00ean\u00e9e dans des situations sociales. Elle pr\u00e9f\u00e9ra se cacher dans un coin et \u00e9vita d\u2019initier des conversations, se courbant aussi afin de para\u00eetre moins grande\u2026&nbsp;<\/p>\n\n\n\n<figure class=\"wp-block-image aligncenter size-large\"><img decoding=\"async\" width=\"640\" height=\"426\" src=\"https:\/\/www.psy.link\/blog\/wp-content\/uploads\/2022\/02\/pexels-mental-health-america-mha-5542967.jpg\" alt=\"\" class=\"wp-image-3336\" srcset=\"https:\/\/www.psy.link\/blog\/wp-content\/uploads\/2022\/02\/pexels-mental-health-america-mha-5542967.jpg 640w, https:\/\/www.psy.link\/blog\/wp-content\/uploads\/2022\/02\/pexels-mental-health-america-mha-5542967-300x200.jpg 300w\" sizes=\"(max-width: 640px) 100vw, 640px\" \/><figcaption class=\"wp-element-caption\">\u00ab\u00a0Qui suis-je, parfois je me sens perdue&#8230;\u00a0\u00bb<\/figcaption><\/figure>\n\n\n\n<p>En effet, nous faisons parfois des efforts afin de ressembler \u00e0 ce qui nous appara\u00eet comme un id\u00e9al, alors qu\u2019apr\u00e8s des ann\u00e9es \u00e0 agir ainsi nous perdons de vue notre identit\u00e9 r\u00e9elle\u2026<\/p>\n\n\n\n<p>Vous trouverez ci-dessous une liste de questions qui peut vous aider \u00e0 reformuler qui vous \u00eates.&nbsp;<\/p>\n\n\n\n<h2 class=\"wp-block-heading\">Questions pour mieux se conna\u00eetre et r\u00e9pondre \u00e0 \u00ab\u00a0qui suis-je?\u00a0\u00bb<\/h2>\n\n\n\n<ol style=\"line-height:1.5\" class=\"wp-block-list\">\n<li>Quels sont mes points forts ?<\/li>\n\n\n\n<li>Quels sont mes points faibles? A combien, est-ce que je les accepte, de \u00e0 100%?<\/li>\n\n\n\n<li>Quels sont mes objectifs \u00e0 court terme ? Objectifs \u00e0 long terme?<\/li>\n\n\n\n<li>Quelles personnes comptent le plus pour moi ? Qui sont mes personnes de soutien ?\u00a0<\/li>\n\n\n\n<li>De quoi ai-je honte ?<\/li>\n\n\n\n<li>Qu&rsquo;est-ce que j&rsquo;aime faire pour m&rsquo;amuser ?<\/li>\n\n\n\n<li>Quelles nouvelles activit\u00e9s m\u2019int\u00e9ressent ou suis-je\u00a0 pr\u00eat \u00e0 essayer ?<\/li>\n\n\n\n<li>Qu&rsquo;est-ce qui m&rsquo;inqui\u00e8te ? Qu\u2019est-ce qui me fait peur?<\/li>\n\n\n\n<li>En quoi est-ce que je crois ? (envisager politique, religion, questions sociales)<\/li>\n\n\n\n<li>Si je pouvais r\u00e9aliser un souhait, ce serait ___________<\/li>\n\n\n\n<li>O\u00f9 est-ce que je me sens le plus en s\u00e9curit\u00e9 ?<\/li>\n\n\n\n<li>Qu&rsquo;est-ce, ou, qui me r\u00e9conforte ?<\/li>\n\n\n\n<li>Si je n&rsquo;avais pas peur, je ___________<\/li>\n\n\n\n<li>Quelle est la r\u00e9alisation dont je suis le plus fier ?<\/li>\n\n\n\n<li>Quel est mon plus gros \u00e9chec ? Suis-je en paix avec cette id\u00e9e?<\/li>\n\n\n\n<li>Suis-je un oiseau de nuit ou un l\u00e8ve-t\u00f4t ? Comment puis-je organiser ma vie afin qu\u2019elle convienne mieux \u00e0 ce c\u00f4t\u00e9 de ma nature?<\/li>\n\n\n\n<li>Qu&rsquo;est-ce que j&rsquo;aime dans mon travail ? Qu&rsquo;est-ce que je n&rsquo;aime pas ?<\/li>\n\n\n\n<li>Que me dit mon critique int\u00e9rieur ? Dans quelles situations est-ce que je me critique?<\/li>\n\n\n\n<li>Que puis-je faire pour me montrer de la compassion et prendre soin de moi?<\/li>\n\n\n\n<li>Suis-je introverti ou extraverti ? Suis-je \u00e9nergis\u00e9 entour\u00e9\u00a0 des autres ou dans la solitude?<\/li>\n\n\n\n<li>Qu&rsquo;est-ce qui me passionne ?<\/li>\n\n\n\n<li>Quel est mon plus beau souvenir ?<\/li>\n\n\n\n<li>Si j\u2019avais une baguette magique o\u00f9 serais-je dans dix ans? Que ferais-je ?<\/li>\n\n\n\n<li>Quel est mon livre pr\u00e9f\u00e9r\u00e9 ? Film? Musique? Plats? Couleur? Animal? Fleur?<\/li>\n\n\n\n<li>De quoi suis-je reconnaissant ?<\/li>\n\n\n\n<li>Quand je me sens d\u00e9prim\u00e9, j&rsquo;aime ___________________<\/li>\n\n\n\n<li>Je sais que je suis stress\u00e9(e) quand je ______________________<\/li>\n\n\n\n<li>Comment souhaiterais-je que l\u2019on se souvienne de moi?<\/li>\n<\/ol>\n\n\n\n<figure class=\"wp-block-image aligncenter size-large\"><img decoding=\"async\" width=\"640\" height=\"427\" src=\"https:\/\/www.psy.link\/blog\/wp-content\/uploads\/2022\/02\/pexels-olya-kobruseva-5428830.jpg\" alt=\"\" class=\"wp-image-3334\" srcset=\"https:\/\/www.psy.link\/blog\/wp-content\/uploads\/2022\/02\/pexels-olya-kobruseva-5428830.jpg 640w, https:\/\/www.psy.link\/blog\/wp-content\/uploads\/2022\/02\/pexels-olya-kobruseva-5428830-300x200.jpg 300w\" sizes=\"(max-width: 640px) 100vw, 640px\" \/><figcaption class=\"wp-element-caption\">Mieux se conna\u00eetre &#8211; r\u00e9pondre aux questions en les notant dans un cahier<\/figcaption><\/figure>\n\n\n\n<h2 class=\"wp-block-heading\">Les r\u00e9ponses pour mieux se conna\u00eetre<\/h2>\n\n\n\n<p>Vous n&rsquo;avez pas besoin de vous pr\u00e9cipiter en une fois sur toutes ces questions.&nbsp;Pour mieux se conna\u00eetre et r\u00e9pondre \u00e0 la question \u00ab\u00a0qui suis-je?\u00a0\u00bb il vaut mieux prendre un peu de temps et de r\u00e9flexion.<\/p>\n\n\n\n<p>Si l\u2019une de nos questions vous fait h\u00e9siter, prenez votre temps, r\u00e9fl\u00e9chissez, explorez-la en profondeur.&nbsp;<\/p>\n\n\n\n<p>Puis, notez vos r\u00e9ponses, elles seront pr\u00e9cieuses pour l\u2019avenir, car vous prendrez du plaisir \u00e0 les relire dans 6 mois ou un an. En effet, vous continuerez \u00e0 \u00e9voluer et grandir, certaines de vos r\u00e9ponses changeront \u00e9galement.<\/p>\n\n\n\n<p>Une fois que vous aurez r\u00e9pondu \u00e0 ces questions, vous avez peut-\u00eatre une meilleure id\u00e9e de \u00ab\u00a0qui suis-je\u00a0\u00bb. Ensuite, vous pourrez commencer \u00e0 r\u00e9fl\u00e9chir aux moyens de mettre votre connaissance de soi en action.&nbsp;<\/p>\n\n\n\n<p>Alors, comment vivre plus authentiquement? Comment pouvez-vous poursuivre vos objectifs, faire des choses qui vous int\u00e9ressent et afficher vos valeurs ?<\/p>\n\n\n\n<p>Bon courage! Et n&rsquo;oubliez pas que les petits pas dans la bonne direction comptent aussi (parfois plus que les pas g\u00e9ants) car c&rsquo;est la direction qui importe&#8230; poursuivez vos valeurs!<\/p>\n\n\n\n<p><a href=\"https:\/\/www.psy.link\/blog\/author\/linda\/\">Retrouvez tous les articles de Linda Kempe <\/a><\/p>\n","protected":false},"excerpt":{"rendered":"<p>Avez-vous l\u2019impression de vous conna\u00eetre? Avez-vous une id\u00e9e pr\u00e9cise de qui vous \u00eates, ce en quoi vous croyez, ce qui compte pour vous, ce que vous ressentez, ce que vous voulez ? Parfois vous posez-vous la question \u00ab\u00a0qui suis-je?\u00a0\u00bb Nous vous proposons ci-dessous des questions pour mieux se conna\u00eetre. Qui suis-je? Sur le plan d\u00e9veloppemental, [&hellip;]<\/p>\n","protected":false},"author":6,"featured_media":3329,"comment_status":"open","ping_status":"open","sticky":false,"template":"","format":"standard","meta":{"_uag_custom_page_level_css":"","_exactmetrics_skip_tracking":false,"_exactmetrics_sitenote_active":false,"_exactmetrics_sitenote_note":"","_exactmetrics_sitenote_category":0,"site-sidebar-layout":"default","site-content-layout":"default","ast-site-content-layout":"default","site-content-style":"default","site-sidebar-style":"default","ast-global-header-display":"","ast-banner-title-visibility":"","ast-main-header-display":"","ast-hfb-above-header-display":"","ast-hfb-below-header-display":"","ast-hfb-mobile-header-display":"","site-post-title":"","ast-breadcrumbs-content":"","ast-featured-img":"","footer-sml-layout":"","theme-transparent-header-meta":"default","adv-header-id-meta":"","stick-header-meta":"default","header-above-stick-meta":"","header-main-stick-meta":"","header-below-stick-meta":"","astra-migrate-meta-layouts":"set","ast-page-background-enabled":"default","ast-page-background-meta":{"desktop":{"background-color":"","background-image":"","background-repeat":"repeat","background-position":"center center","background-size":"auto","background-attachment":"scroll","background-type":"","background-media":"","overlay-type":"","overlay-color":"","overlay-opacity":"","overlay-gradient":""},"tablet":{"background-color":"","background-image":"","background-repeat":"repeat","background-position":"center center","background-size":"auto","background-attachment":"scroll","background-type":"","background-media":"","overlay-type":"","overlay-color":"","overlay-opacity":"","overlay-gradient":""},"mobile":{"background-color":"","background-image":"","background-repeat":"repeat","background-position":"center center","background-size":"auto","background-attachment":"scroll","background-type":"","background-media":"","overlay-type":"","overlay-color":"","overlay-opacity":"","overlay-gradient":""}},"ast-content-background-meta":{"desktop":{"background-color":"var(--ast-global-color-5)","background-image":"","background-repeat":"repeat","background-position":"center center","background-size":"auto","background-attachment":"scroll","background-type":"","background-media":"","overlay-type":"","overlay-color":"","overlay-opacity":"","overlay-gradient":""},"tablet":{"background-color":"var(--ast-global-color-5)","background-image":"","background-repeat":"repeat","background-position":"center center","background-size":"auto","background-attachment":"scroll","background-type":"","background-media":"","overlay-type":"","overlay-color":"","overlay-opacity":"","overlay-gradient":""},"mobile":{"background-color":"var(--ast-global-color-5)","background-image":"","background-repeat":"repeat","background-position":"center center","background-size":"auto","background-attachment":"scroll","background-type":"","background-media":"","overlay-type":"","overlay-color":"","overlay-opacity":"","overlay-gradient":""}},"footnotes":""},"categories":[85,144],"tags":[87,84],"class_list":["post-3327","post","type-post","status-publish","format-standard","has-post-thumbnail","hentry","category-estime-de-soi","category-la-therapie-dacceptation-et-dengagement-act","tag-conseils","tag-estime-de-soi"],"yoast_head":"<!-- This site is optimized with the Yoast SEO plugin v26.2 - https:\/\/yoast.com\/wordpress\/plugins\/seo\/ -->\n<title>Qui suis-je? 28 questions pour mieux se conna\u00eetre | Blog Psy.link<\/title>\n<meta name=\"description\" content=\"Qui suis-je? Souhaitez vous mieux vous conna\u00eetre? R\u00e9pondez \u00e0 nos questions et r\u00e9fl\u00e9chissez \u00e0 ce qui compte vraiment pour vous.\" \/>\n<meta name=\"robots\" content=\"index, follow, max-snippet:-1, max-image-preview:large, max-video-preview:-1\" \/>\n<link rel=\"canonical\" href=\"https:\/\/www.psy.link\/blog\/2022\/02\/03\/qui-suis-je-mieux-se-connaitre\/\" \/>\n<meta property=\"og:locale\" content=\"fr_FR\" \/>\n<meta property=\"og:type\" content=\"article\" \/>\n<meta property=\"og:title\" content=\"Qui suis-je? 28 questions pour mieux se conna\u00eetre | Blog Psy.link\" \/>\n<meta property=\"og:description\" content=\"Qui suis-je? Souhaitez vous mieux vous conna\u00eetre? R\u00e9pondez \u00e0 nos questions et r\u00e9fl\u00e9chissez \u00e0 ce qui compte vraiment pour vous.\" \/>\n<meta property=\"og:url\" content=\"https:\/\/www.psy.link\/blog\/2022\/02\/03\/qui-suis-je-mieux-se-connaitre\/\" \/>\n<meta property=\"og:site_name\" content=\"Blog Psy.link\" \/>\n<meta property=\"article:publisher\" content=\"https:\/\/www.facebook.com\/psy.link.therapie\/\" \/>\n<meta property=\"article:published_time\" content=\"2022-02-03T13:27:16+00:00\" \/>\n<meta property=\"article:modified_time\" content=\"2026-02-13T11:02:02+00:00\" \/>\n<meta property=\"og:image\" content=\"https:\/\/www.psy.link\/blog\/wp-content\/uploads\/2022\/02\/pexels-anastasia-shuraeva-4091205.jpg\" \/>\n\t<meta property=\"og:image:width\" content=\"640\" \/>\n\t<meta property=\"og:image:height\" content=\"431\" \/>\n\t<meta property=\"og:image:type\" content=\"image\/jpeg\" \/>\n<meta name=\"author\" content=\"Linda Kempe\" \/>\n<meta name=\"twitter:card\" content=\"summary_large_image\" \/>\n<meta name=\"twitter:creator\" content=\"@Psylink_tcc\" \/>\n<meta name=\"twitter:site\" content=\"@Psylink_tcc\" \/>\n<meta name=\"twitter:label1\" content=\"\u00c9crit par\" \/>\n\t<meta name=\"twitter:data1\" content=\"Linda Kempe\" \/>\n\t<meta name=\"twitter:label2\" content=\"Dur\u00e9e de lecture estim\u00e9e\" \/>\n\t<meta name=\"twitter:data2\" content=\"9 minutes\" \/>\n<script type=\"application\/ld+json\" class=\"yoast-schema-graph\">{\"@context\":\"https:\/\/schema.org\",\"@graph\":[{\"@type\":\"Article\",\"@id\":\"https:\/\/www.psy.link\/blog\/2022\/02\/03\/qui-suis-je-mieux-se-connaitre\/#article\",\"isPartOf\":{\"@id\":\"https:\/\/www.psy.link\/blog\/2022\/02\/03\/qui-suis-je-mieux-se-connaitre\/\"},\"author\":{\"name\":\"Linda Kempe\",\"@id\":\"https:\/\/www.psy.link\/blog\/#\/schema\/person\/42e87036448e52b90611c0559a5f005a\"},\"headline\":\"Qui suis-je? 28 questions pour mieux se conna\u00eetre\",\"datePublished\":\"2022-02-03T13:27:16+00:00\",\"dateModified\":\"2026-02-13T11:02:02+00:00\",\"mainEntityOfPage\":{\"@id\":\"https:\/\/www.psy.link\/blog\/2022\/02\/03\/qui-suis-je-mieux-se-connaitre\/\"},\"wordCount\":1737,\"commentCount\":0,\"publisher\":{\"@id\":\"https:\/\/www.psy.link\/blog\/#organization\"},\"image\":{\"@id\":\"https:\/\/www.psy.link\/blog\/2022\/02\/03\/qui-suis-je-mieux-se-connaitre\/#primaryimage\"},\"thumbnailUrl\":\"https:\/\/www.psy.link\/blog\/wp-content\/uploads\/2022\/02\/pexels-anastasia-shuraeva-4091205.jpg\",\"keywords\":[\"conseils\",\"estime de soi\"],\"articleSection\":[\"Estime de soi\",\"La th\u00e9rapie d'acceptation et d'engagement (ACT)\"],\"inLanguage\":\"fr-FR\",\"potentialAction\":[{\"@type\":\"CommentAction\",\"name\":\"Comment\",\"target\":[\"https:\/\/www.psy.link\/blog\/2022\/02\/03\/qui-suis-je-mieux-se-connaitre\/#respond\"]}]},{\"@type\":\"WebPage\",\"@id\":\"https:\/\/www.psy.link\/blog\/2022\/02\/03\/qui-suis-je-mieux-se-connaitre\/\",\"url\":\"https:\/\/www.psy.link\/blog\/2022\/02\/03\/qui-suis-je-mieux-se-connaitre\/\",\"name\":\"Qui suis-je? 28 questions pour mieux se conna\u00eetre | Blog Psy.link\",\"isPartOf\":{\"@id\":\"https:\/\/www.psy.link\/blog\/#website\"},\"primaryImageOfPage\":{\"@id\":\"https:\/\/www.psy.link\/blog\/2022\/02\/03\/qui-suis-je-mieux-se-connaitre\/#primaryimage\"},\"image\":{\"@id\":\"https:\/\/www.psy.link\/blog\/2022\/02\/03\/qui-suis-je-mieux-se-connaitre\/#primaryimage\"},\"thumbnailUrl\":\"https:\/\/www.psy.link\/blog\/wp-content\/uploads\/2022\/02\/pexels-anastasia-shuraeva-4091205.jpg\",\"datePublished\":\"2022-02-03T13:27:16+00:00\",\"dateModified\":\"2026-02-13T11:02:02+00:00\",\"description\":\"Qui suis-je? Souhaitez vous mieux vous conna\u00eetre? R\u00e9pondez \u00e0 nos questions et r\u00e9fl\u00e9chissez \u00e0 ce qui compte vraiment pour vous.\",\"breadcrumb\":{\"@id\":\"https:\/\/www.psy.link\/blog\/2022\/02\/03\/qui-suis-je-mieux-se-connaitre\/#breadcrumb\"},\"inLanguage\":\"fr-FR\",\"potentialAction\":[{\"@type\":\"ReadAction\",\"target\":[\"https:\/\/www.psy.link\/blog\/2022\/02\/03\/qui-suis-je-mieux-se-connaitre\/\"]}]},{\"@type\":\"ImageObject\",\"inLanguage\":\"fr-FR\",\"@id\":\"https:\/\/www.psy.link\/blog\/2022\/02\/03\/qui-suis-je-mieux-se-connaitre\/#primaryimage\",\"url\":\"https:\/\/www.psy.link\/blog\/wp-content\/uploads\/2022\/02\/pexels-anastasia-shuraeva-4091205.jpg\",\"contentUrl\":\"https:\/\/www.psy.link\/blog\/wp-content\/uploads\/2022\/02\/pexels-anastasia-shuraeva-4091205.jpg\",\"width\":640,\"height\":431},{\"@type\":\"BreadcrumbList\",\"@id\":\"https:\/\/www.psy.link\/blog\/2022\/02\/03\/qui-suis-je-mieux-se-connaitre\/#breadcrumb\",\"itemListElement\":[{\"@type\":\"ListItem\",\"position\":1,\"name\":\"Accueil\",\"item\":\"https:\/\/www.psy.link\/blog\/\"},{\"@type\":\"ListItem\",\"position\":2,\"name\":\"Qui suis-je? 28 questions pour mieux se conna\u00eetre\"}]},{\"@type\":\"WebSite\",\"@id\":\"https:\/\/www.psy.link\/blog\/#website\",\"url\":\"https:\/\/www.psy.link\/blog\/\",\"name\":\"Blog Psy.link\",\"description\":\"Votre guide pour comprendre la psychologie et cultiver votre sant\u00e9 mentale\",\"publisher\":{\"@id\":\"https:\/\/www.psy.link\/blog\/#organization\"},\"potentialAction\":[{\"@type\":\"SearchAction\",\"target\":{\"@type\":\"EntryPoint\",\"urlTemplate\":\"https:\/\/www.psy.link\/blog\/?s={search_term_string}\"},\"query-input\":{\"@type\":\"PropertyValueSpecification\",\"valueRequired\":true,\"valueName\":\"search_term_string\"}}],\"inLanguage\":\"fr-FR\"},{\"@type\":\"Organization\",\"@id\":\"https:\/\/www.psy.link\/blog\/#organization\",\"name\":\"Psy.link\",\"url\":\"https:\/\/www.psy.link\/blog\/\",\"logo\":{\"@type\":\"ImageObject\",\"inLanguage\":\"fr-FR\",\"@id\":\"https:\/\/www.psy.link\/blog\/#\/schema\/logo\/image\/\",\"url\":\"https:\/\/www.psy.link\/blog\/wp-content\/uploads\/2022\/06\/full_logo.png\",\"contentUrl\":\"https:\/\/www.psy.link\/blog\/wp-content\/uploads\/2022\/06\/full_logo.png\",\"width\":2461,\"height\":1642,\"caption\":\"Psy.link\"},\"image\":{\"@id\":\"https:\/\/www.psy.link\/blog\/#\/schema\/logo\/image\/\"},\"sameAs\":[\"https:\/\/www.facebook.com\/psy.link.therapie\/\",\"https:\/\/x.com\/Psylink_tcc\",\"https:\/\/www.instagram.com\/psy.link_\/\",\"https:\/\/www.linkedin.com\/company\/psy-link-therapie\"]},{\"@type\":\"Person\",\"@id\":\"https:\/\/www.psy.link\/blog\/#\/schema\/person\/42e87036448e52b90611c0559a5f005a\",\"name\":\"Linda Kempe\",\"description\":\"Fondateur de Psy.link - Psychologue clinicienne - Charg\u00e9e de cours \u00e0 l'Universit\u00e9\",\"sameAs\":[\"https:\/\/psy.link\/\"],\"url\":\"https:\/\/www.psy.link\/blog\/author\/linda\/\"}]}<\/script>\n<!-- \/ Yoast SEO plugin. -->","yoast_head_json":{"title":"Qui suis-je? 28 questions pour mieux se conna\u00eetre | Blog Psy.link","description":"Qui suis-je? Souhaitez vous mieux vous conna\u00eetre? R\u00e9pondez \u00e0 nos questions et r\u00e9fl\u00e9chissez \u00e0 ce qui compte vraiment pour vous.","robots":{"index":"index","follow":"follow","max-snippet":"max-snippet:-1","max-image-preview":"max-image-preview:large","max-video-preview":"max-video-preview:-1"},"canonical":"https:\/\/www.psy.link\/blog\/2022\/02\/03\/qui-suis-je-mieux-se-connaitre\/","og_locale":"fr_FR","og_type":"article","og_title":"Qui suis-je? 28 questions pour mieux se conna\u00eetre | Blog Psy.link","og_description":"Qui suis-je? Souhaitez vous mieux vous conna\u00eetre? R\u00e9pondez \u00e0 nos questions et r\u00e9fl\u00e9chissez \u00e0 ce qui compte vraiment pour vous.","og_url":"https:\/\/www.psy.link\/blog\/2022\/02\/03\/qui-suis-je-mieux-se-connaitre\/","og_site_name":"Blog Psy.link","article_publisher":"https:\/\/www.facebook.com\/psy.link.therapie\/","article_published_time":"2022-02-03T13:27:16+00:00","article_modified_time":"2026-02-13T11:02:02+00:00","og_image":[{"width":640,"height":431,"url":"https:\/\/www.psy.link\/blog\/wp-content\/uploads\/2022\/02\/pexels-anastasia-shuraeva-4091205.jpg","type":"image\/jpeg"}],"author":"Linda Kempe","twitter_card":"summary_large_image","twitter_creator":"@Psylink_tcc","twitter_site":"@Psylink_tcc","twitter_misc":{"\u00c9crit par":"Linda Kempe","Dur\u00e9e de lecture estim\u00e9e":"9 minutes"},"schema":{"@context":"https:\/\/schema.org","@graph":[{"@type":"Article","@id":"https:\/\/www.psy.link\/blog\/2022\/02\/03\/qui-suis-je-mieux-se-connaitre\/#article","isPartOf":{"@id":"https:\/\/www.psy.link\/blog\/2022\/02\/03\/qui-suis-je-mieux-se-connaitre\/"},"author":{"name":"Linda Kempe","@id":"https:\/\/www.psy.link\/blog\/#\/schema\/person\/42e87036448e52b90611c0559a5f005a"},"headline":"Qui suis-je? 28 questions pour mieux se conna\u00eetre","datePublished":"2022-02-03T13:27:16+00:00","dateModified":"2026-02-13T11:02:02+00:00","mainEntityOfPage":{"@id":"https:\/\/www.psy.link\/blog\/2022\/02\/03\/qui-suis-je-mieux-se-connaitre\/"},"wordCount":1737,"commentCount":0,"publisher":{"@id":"https:\/\/www.psy.link\/blog\/#organization"},"image":{"@id":"https:\/\/www.psy.link\/blog\/2022\/02\/03\/qui-suis-je-mieux-se-connaitre\/#primaryimage"},"thumbnailUrl":"https:\/\/www.psy.link\/blog\/wp-content\/uploads\/2022\/02\/pexels-anastasia-shuraeva-4091205.jpg","keywords":["conseils","estime de soi"],"articleSection":["Estime de soi","La th\u00e9rapie d'acceptation et d'engagement (ACT)"],"inLanguage":"fr-FR","potentialAction":[{"@type":"CommentAction","name":"Comment","target":["https:\/\/www.psy.link\/blog\/2022\/02\/03\/qui-suis-je-mieux-se-connaitre\/#respond"]}]},{"@type":"WebPage","@id":"https:\/\/www.psy.link\/blog\/2022\/02\/03\/qui-suis-je-mieux-se-connaitre\/","url":"https:\/\/www.psy.link\/blog\/2022\/02\/03\/qui-suis-je-mieux-se-connaitre\/","name":"Qui suis-je? 28 questions pour mieux se conna\u00eetre | Blog Psy.link","isPartOf":{"@id":"https:\/\/www.psy.link\/blog\/#website"},"primaryImageOfPage":{"@id":"https:\/\/www.psy.link\/blog\/2022\/02\/03\/qui-suis-je-mieux-se-connaitre\/#primaryimage"},"image":{"@id":"https:\/\/www.psy.link\/blog\/2022\/02\/03\/qui-suis-je-mieux-se-connaitre\/#primaryimage"},"thumbnailUrl":"https:\/\/www.psy.link\/blog\/wp-content\/uploads\/2022\/02\/pexels-anastasia-shuraeva-4091205.jpg","datePublished":"2022-02-03T13:27:16+00:00","dateModified":"2026-02-13T11:02:02+00:00","description":"Qui suis-je? Souhaitez vous mieux vous conna\u00eetre? R\u00e9pondez \u00e0 nos questions et r\u00e9fl\u00e9chissez \u00e0 ce qui compte vraiment pour vous.","breadcrumb":{"@id":"https:\/\/www.psy.link\/blog\/2022\/02\/03\/qui-suis-je-mieux-se-connaitre\/#breadcrumb"},"inLanguage":"fr-FR","potentialAction":[{"@type":"ReadAction","target":["https:\/\/www.psy.link\/blog\/2022\/02\/03\/qui-suis-je-mieux-se-connaitre\/"]}]},{"@type":"ImageObject","inLanguage":"fr-FR","@id":"https:\/\/www.psy.link\/blog\/2022\/02\/03\/qui-suis-je-mieux-se-connaitre\/#primaryimage","url":"https:\/\/www.psy.link\/blog\/wp-content\/uploads\/2022\/02\/pexels-anastasia-shuraeva-4091205.jpg","contentUrl":"https:\/\/www.psy.link\/blog\/wp-content\/uploads\/2022\/02\/pexels-anastasia-shuraeva-4091205.jpg","width":640,"height":431},{"@type":"BreadcrumbList","@id":"https:\/\/www.psy.link\/blog\/2022\/02\/03\/qui-suis-je-mieux-se-connaitre\/#breadcrumb","itemListElement":[{"@type":"ListItem","position":1,"name":"Accueil","item":"https:\/\/www.psy.link\/blog\/"},{"@type":"ListItem","position":2,"name":"Qui suis-je? 28 questions pour mieux se conna\u00eetre"}]},{"@type":"WebSite","@id":"https:\/\/www.psy.link\/blog\/#website","url":"https:\/\/www.psy.link\/blog\/","name":"Blog Psy.link","description":"Votre guide pour comprendre la psychologie et cultiver votre sant\u00e9 mentale","publisher":{"@id":"https:\/\/www.psy.link\/blog\/#organization"},"potentialAction":[{"@type":"SearchAction","target":{"@type":"EntryPoint","urlTemplate":"https:\/\/www.psy.link\/blog\/?s={search_term_string}"},"query-input":{"@type":"PropertyValueSpecification","valueRequired":true,"valueName":"search_term_string"}}],"inLanguage":"fr-FR"},{"@type":"Organization","@id":"https:\/\/www.psy.link\/blog\/#organization","name":"Psy.link","url":"https:\/\/www.psy.link\/blog\/","logo":{"@type":"ImageObject","inLanguage":"fr-FR","@id":"https:\/\/www.psy.link\/blog\/#\/schema\/logo\/image\/","url":"https:\/\/www.psy.link\/blog\/wp-content\/uploads\/2022\/06\/full_logo.png","contentUrl":"https:\/\/www.psy.link\/blog\/wp-content\/uploads\/2022\/06\/full_logo.png","width":2461,"height":1642,"caption":"Psy.link"},"image":{"@id":"https:\/\/www.psy.link\/blog\/#\/schema\/logo\/image\/"},"sameAs":["https:\/\/www.facebook.com\/psy.link.therapie\/","https:\/\/x.com\/Psylink_tcc","https:\/\/www.instagram.com\/psy.link_\/","https:\/\/www.linkedin.com\/company\/psy-link-therapie"]},{"@type":"Person","@id":"https:\/\/www.psy.link\/blog\/#\/schema\/person\/42e87036448e52b90611c0559a5f005a","name":"Linda Kempe","description":"Fondateur de Psy.link - Psychologue clinicienne - Charg\u00e9e de cours \u00e0 l'Universit\u00e9","sameAs":["https:\/\/psy.link\/"],"url":"https:\/\/www.psy.link\/blog\/author\/linda\/"}]}},"uagb_featured_image_src":{"full":["https:\/\/www.psy.link\/blog\/wp-content\/uploads\/2022\/02\/pexels-anastasia-shuraeva-4091205.jpg",640,431,false],"thumbnail":["https:\/\/www.psy.link\/blog\/wp-content\/uploads\/2022\/02\/pexels-anastasia-shuraeva-4091205-150x150.jpg",150,150,true],"medium":["https:\/\/www.psy.link\/blog\/wp-content\/uploads\/2022\/02\/pexels-anastasia-shuraeva-4091205-300x202.jpg",300,202,true],"medium_large":["https:\/\/www.psy.link\/blog\/wp-content\/uploads\/2022\/02\/pexels-anastasia-shuraeva-4091205.jpg",640,431,false],"large":["https:\/\/www.psy.link\/blog\/wp-content\/uploads\/2022\/02\/pexels-anastasia-shuraeva-4091205.jpg",640,431,false],"1536x1536":["https:\/\/www.psy.link\/blog\/wp-content\/uploads\/2022\/02\/pexels-anastasia-shuraeva-4091205.jpg",640,431,false],"2048x2048":["https:\/\/www.psy.link\/blog\/wp-content\/uploads\/2022\/02\/pexels-anastasia-shuraeva-4091205.jpg",640,431,false]},"uagb_author_info":{"display_name":"Linda Kempe","author_link":"https:\/\/www.psy.link\/blog\/author\/linda\/"},"uagb_comment_info":0,"uagb_excerpt":"Avez-vous l\u2019impression de vous conna\u00eetre? Avez-vous une id\u00e9e pr\u00e9cise de qui vous \u00eates, ce en quoi vous croyez, ce qui compte pour vous, ce que vous ressentez, ce que vous voulez ? Parfois vous posez-vous la question \u00ab\u00a0qui suis-je?\u00a0\u00bb Nous vous proposons ci-dessous des questions pour mieux se conna\u00eetre. Qui suis-je? Sur le plan d\u00e9veloppemental,\u2026","_links":{"self":[{"href":"https:\/\/www.psy.link\/blog\/wp-json\/wp\/v2\/posts\/3327","targetHints":{"allow":["GET"]}}],"collection":[{"href":"https:\/\/www.psy.link\/blog\/wp-json\/wp\/v2\/posts"}],"about":[{"href":"https:\/\/www.psy.link\/blog\/wp-json\/wp\/v2\/types\/post"}],"author":[{"embeddable":true,"href":"https:\/\/www.psy.link\/blog\/wp-json\/wp\/v2\/users\/6"}],"replies":[{"embeddable":true,"href":"https:\/\/www.psy.link\/blog\/wp-json\/wp\/v2\/comments?post=3327"}],"version-history":[{"count":11,"href":"https:\/\/www.psy.link\/blog\/wp-json\/wp\/v2\/posts\/3327\/revisions"}],"predecessor-version":[{"id":14540,"href":"https:\/\/www.psy.link\/blog\/wp-json\/wp\/v2\/posts\/3327\/revisions\/14540"}],"wp:featuredmedia":[{"embeddable":true,"href":"https:\/\/www.psy.link\/blog\/wp-json\/wp\/v2\/media\/3329"}],"wp:attachment":[{"href":"https:\/\/www.psy.link\/blog\/wp-json\/wp\/v2\/media?parent=3327"}],"wp:term":[{"taxonomy":"category","embeddable":true,"href":"https:\/\/www.psy.link\/blog\/wp-json\/wp\/v2\/categories?post=3327"},{"taxonomy":"post_tag","embeddable":true,"href":"https:\/\/www.psy.link\/blog\/wp-json\/wp\/v2\/tags?post=3327"}],"curies":[{"name":"wp","href":"https:\/\/api.w.org\/{rel}","templated":true}]}}