{"id":5225,"date":"2023-01-10T18:05:16","date_gmt":"2023-01-10T17:05:16","guid":{"rendered":"https:\/\/www.psy.link\/blog\/?p=5225"},"modified":"2026-02-13T11:50:16","modified_gmt":"2026-02-13T10:50:16","slug":"quest-ce-que-agoraphobie","status":"publish","type":"post","link":"https:\/\/www.psy.link\/blog\/2023\/01\/10\/quest-ce-que-agoraphobie\/","title":{"rendered":"L&rsquo;agoraphobie, qu&rsquo;est-ce que c&rsquo;est ?"},"content":{"rendered":"\n<p><em>Cet article relatif \u00e0 l&rsquo;agoraphobie a \u00e9t\u00e9 relu et v\u00e9rifi\u00e9 par Linda Kempe, psychologue clinicienne et psychoth\u00e9rapeute ACT.<\/em><\/p>\n\n\n\n<p>L&rsquo;agoraphobie est un <a href=\"https:\/\/www.psy.link\/blog\/category\/anxiete\/\">trouble anxieux<\/a> caract\u00e9ris\u00e9 par une peur intense et irraisonn\u00e9e de se retrouver dans des situations ou des lieux publics ou ouverts. Les personnes agoraphobes peuvent \u00e9prouver de la peur dans des situations telles que les magasins, les centres commerciaux, les transports en commun&#8230; Cette peur peut \u00eatre si forte qu&rsquo;elle les emp\u00eache de quitter leur domicile. Cela peut entra\u00eener des difficult\u00e9s importantes dans leur vie quotidienne. L&rsquo;agoraphobie est souvent associ\u00e9e au <a href=\"https:\/\/www.psy.link\/blog\/2020\/05\/26\/vivre-avec-des-attaques-de-panique\/#:~:text=La%20psycho%2D%C3%A9ducation,dramatiser%20mais%20rationaliser%20celles%2Dci.\">trouble panique<\/a> mais pas obligatoirement.<\/p>\n\n\n\n\n\n<figure class=\"wp-block-image aligncenter size-full\"><img decoding=\"async\" width=\"600\" height=\"400\" src=\"https:\/\/www.psy.link\/blog\/wp-content\/uploads\/2023\/01\/4.jpg\" alt=\"\" class=\"wp-image-5238\" srcset=\"https:\/\/www.psy.link\/blog\/wp-content\/uploads\/2023\/01\/4.jpg 600w, https:\/\/www.psy.link\/blog\/wp-content\/uploads\/2023\/01\/4-300x200.jpg 300w\" sizes=\"(max-width: 600px) 100vw, 600px\" \/><\/figure>\n\n\n\n<h2 class=\"wp-block-heading\">Quels sont les sympt\u00f4mes physiques et psychologiques d&rsquo;une personne souffrant d&rsquo;agoraphobie avec trouble panique ?&nbsp;<\/h2>\n\n\n\n<p>Les sympt\u00f4mes de l&rsquo;agoraphobie avec <a href=\"https:\/\/www.psy.link\/blog\/2020\/05\/26\/vivre-avec-des-attaques-de-panique\/#:~:text=La%20psycho%2D%C3%A9ducation,dramatiser%20mais%20rationaliser%20celles%2Dci.\">trouble panique<\/a> peuvent inclure des palpitations cardiaques, des sueurs, des tremblements, des \u00e9tourdissements, des naus\u00e9es, des vertiges et une sensation de panique. Ces sympt\u00f4mes peuvent \u00eatre si intenses qu&rsquo;ils peuvent causer <a href=\"https:\/\/www.psy.link\/blog\/2020\/05\/26\/vivre-avec-des-attaques-de-panique\/#:~:text=La%20psycho%2D%C3%A9ducation,dramatiser%20mais%20rationaliser%20celles%2Dci.\">une crise de panique<\/a>. Ils peuvent \u00eatre tr\u00e8s d\u00e9sagr\u00e9ables et effrayants. Puis, les personnes agoraphobes ont \u00e9galement des pens\u00e9es irrationnelles et anxieuses au sujet de la situation ou de l&rsquo;endroit qu&rsquo;elles craignent. En r\u00e9ponse, elles \u00e9vitent ces situations autant que possible.<\/p>\n\n\n\n<p>Les sympt\u00f4mes physiques et psychologiques d&rsquo;une personne souffrant d&rsquo;agoraphobie avec troubles panique peuvent varier d&rsquo;une personne \u00e0 l&rsquo;autre, mais ils peuvent inclure:<\/p>\n\n\n\n<div class=\"wp-block-columns is-layout-flex wp-container-core-columns-is-layout-28f84493 wp-block-columns-is-layout-flex\">\n<div class=\"wp-block-column is-vertically-aligned-stretch has-ast-global-color-4-background-color has-background is-layout-flow wp-block-column-is-layout-flow\" style=\"padding-top:var(--wp--preset--spacing--20);padding-right:var(--wp--preset--spacing--20);padding-bottom:var(--wp--preset--spacing--20);padding-left:var(--wp--preset--spacing--20)\">\n<div class=\"wp-block-group is-nowrap is-layout-flex wp-container-core-group-is-layout-6c531013 wp-block-group-is-layout-flex\">\n<figure class=\"wp-block-image aligncenter size-full is-resized\"><img decoding=\"async\" width=\"400\" height=\"600\" src=\"https:\/\/www.psy.link\/blog\/wp-content\/uploads\/2025\/11\/9.png\" alt=\"\" class=\"wp-image-14284\" style=\"width:170px;height:auto\" srcset=\"https:\/\/www.psy.link\/blog\/wp-content\/uploads\/2025\/11\/9.png 400w, https:\/\/www.psy.link\/blog\/wp-content\/uploads\/2025\/11\/9-200x300.png 200w\" sizes=\"(max-width: 400px) 100vw, 400px\" \/><\/figure>\n\n\n\n<div class=\"wp-block-uagb-call-to-action uagb-block-4806f25e wp-block-button\"><div class=\"uagb-cta__wrap\"><h2 class=\"uagb-cta__title\"><strong>Trouvez un psychologue TCC qualifi\u00e9 pr\u00e8s de chez vous<\/strong><\/h2><p class=\"uagb-cta__desc\">L\u2019annuaire national Psy.link regroupe des praticiens form\u00e9s et v\u00e9rifi\u00e9s, disponibles rapidement.<\/p><\/div><div class=\"uagb-cta__buttons\"><a href=\"https:\/\/app.psy.link\/psychologues-tcc\" class=\"uagb-cta__button-link-wrapper wp-block-button__link\" target=\"_blank\" rel=\"noopener noreferrer\">\ud83d\udd0e Consulter l\u2019annuaire<\/a><\/div><\/div>\n<\/div>\n<\/div>\n<\/div>\n\n\n\n<h3 class=\"wp-block-heading\">Sympt\u00f4mes physiques :<\/h3>\n\n\n\n<div class=\"wp-block-uagb-icon-list uagb-block-e32c34cf\"><div class=\"uagb-icon-list__wrap\">\n<div class=\"wp-block-uagb-icon-list-child uagb-block-2b96d696\"><a target=\"_self\" aria-label=\"Palpitations cardiaques ou acc\u00e9l\u00e9ration du rythme cardiaque\" rel=\"noopener noreferrer\" href=\"#\"> <\/a><span class=\"uagb-icon-list__source-wrap\"><svg xmlns=\"https:\/\/www.w3.org\/2000\/svg\" viewBox=\"0 0 512 512\"><path d=\"M256 0C114.6 0 0 114.6 0 256c0 141.4 114.6 256 256 256s256-114.6 256-256C512 114.6 397.4 0 256 0zM406.6 278.6l-103.1 103.1c-12.5 12.5-32.75 12.5-45.25 0s-12.5-32.75 0-45.25L306.8 288H128C110.3 288 96 273.7 96 256s14.31-32 32-32h178.8l-49.38-49.38c-12.5-12.5-12.5-32.75 0-45.25s32.75-12.5 45.25 0l103.1 103.1C414.6 241.3 416 251.1 416 256C416 260.9 414.6 270.7 406.6 278.6z\"><\/path><\/svg><\/span><span class=\"uagb-icon-list__label\">Palpitations cardiaques ou acc\u00e9l\u00e9ration du rythme cardiaque<\/span><\/div>\n\n\n\n<div class=\"wp-block-uagb-icon-list-child uagb-block-7ca31666\"><a target=\"_self\" aria-label=\"Naus\u00e9es ou maux d'estomac\" rel=\"noopener noreferrer\" href=\"#\"> <\/a><span class=\"uagb-icon-list__source-wrap\"><svg xmlns=\"https:\/\/www.w3.org\/2000\/svg\" viewBox=\"0 0 512 512\"><path d=\"M256 0C114.6 0 0 114.6 0 256c0 141.4 114.6 256 256 256s256-114.6 256-256C512 114.6 397.4 0 256 0zM406.6 278.6l-103.1 103.1c-12.5 12.5-32.75 12.5-45.25 0s-12.5-32.75 0-45.25L306.8 288H128C110.3 288 96 273.7 96 256s14.31-32 32-32h178.8l-49.38-49.38c-12.5-12.5-12.5-32.75 0-45.25s32.75-12.5 45.25 0l103.1 103.1C414.6 241.3 416 251.1 416 256C416 260.9 414.6 270.7 406.6 278.6z\"><\/path><\/svg><\/span><span class=\"uagb-icon-list__label\">Naus\u00e9es ou maux d&rsquo;estomac<\/span><\/div>\n\n\n\n<div class=\"wp-block-uagb-icon-list-child uagb-block-76419ee7\"><a target=\"_self\" aria-label=\"Transpiration excessive\" rel=\"noopener noreferrer\" href=\"#\"> <\/a><span class=\"uagb-icon-list__source-wrap\"><svg xmlns=\"https:\/\/www.w3.org\/2000\/svg\" viewBox=\"0 0 512 512\"><path d=\"M256 0C114.6 0 0 114.6 0 256c0 141.4 114.6 256 256 256s256-114.6 256-256C512 114.6 397.4 0 256 0zM406.6 278.6l-103.1 103.1c-12.5 12.5-32.75 12.5-45.25 0s-12.5-32.75 0-45.25L306.8 288H128C110.3 288 96 273.7 96 256s14.31-32 32-32h178.8l-49.38-49.38c-12.5-12.5-12.5-32.75 0-45.25s32.75-12.5 45.25 0l103.1 103.1C414.6 241.3 416 251.1 416 256C416 260.9 414.6 270.7 406.6 278.6z\"><\/path><\/svg><\/span><span class=\"uagb-icon-list__label\">Transpiration excessive<\/span><\/div>\n\n\n\n<div class=\"wp-block-uagb-icon-list-child uagb-block-bdae3f43\"><a target=\"_self\" aria-label=\"Tremblements ou frissons\" rel=\"noopener noreferrer\" href=\"#\"> <\/a><span class=\"uagb-icon-list__source-wrap\"><svg xmlns=\"https:\/\/www.w3.org\/2000\/svg\" viewBox=\"0 0 512 512\"><path d=\"M256 0C114.6 0 0 114.6 0 256c0 141.4 114.6 256 256 256s256-114.6 256-256C512 114.6 397.4 0 256 0zM406.6 278.6l-103.1 103.1c-12.5 12.5-32.75 12.5-45.25 0s-12.5-32.75 0-45.25L306.8 288H128C110.3 288 96 273.7 96 256s14.31-32 32-32h178.8l-49.38-49.38c-12.5-12.5-12.5-32.75 0-45.25s32.75-12.5 45.25 0l103.1 103.1C414.6 241.3 416 251.1 416 256C416 260.9 414.6 270.7 406.6 278.6z\"><\/path><\/svg><\/span><span class=\"uagb-icon-list__label\">Tremblements ou frissons<\/span><\/div>\n\n\n\n<div class=\"wp-block-uagb-icon-list-child uagb-block-74729d4f\"><a target=\"_self\" aria-label=\"Douleurs ou malaises corporels\" rel=\"noopener noreferrer\" href=\"#\"> <\/a><span class=\"uagb-icon-list__source-wrap\"><svg xmlns=\"https:\/\/www.w3.org\/2000\/svg\" viewBox=\"0 0 512 512\"><path d=\"M256 0C114.6 0 0 114.6 0 256c0 141.4 114.6 256 256 256s256-114.6 256-256C512 114.6 397.4 0 256 0zM406.6 278.6l-103.1 103.1c-12.5 12.5-32.75 12.5-45.25 0s-12.5-32.75 0-45.25L306.8 288H128C110.3 288 96 273.7 96 256s14.31-32 32-32h178.8l-49.38-49.38c-12.5-12.5-12.5-32.75 0-45.25s32.75-12.5 45.25 0l103.1 103.1C414.6 241.3 416 251.1 416 256C416 260.9 414.6 270.7 406.6 278.6z\"><\/path><\/svg><\/span><span class=\"uagb-icon-list__label\">Douleurs ou malaises corporels<\/span><\/div>\n\n\n\n<div class=\"wp-block-uagb-icon-list-child uagb-block-af85a1cf\"><a target=\"_self\" aria-label=\"Hyperventilation ou respiration sifflante\" rel=\"noopener noreferrer\" href=\"#\"> <\/a><span class=\"uagb-icon-list__source-wrap\"><svg xmlns=\"https:\/\/www.w3.org\/2000\/svg\" viewBox=\"0 0 512 512\"><path d=\"M256 0C114.6 0 0 114.6 0 256c0 141.4 114.6 256 256 256s256-114.6 256-256C512 114.6 397.4 0 256 0zM406.6 278.6l-103.1 103.1c-12.5 12.5-32.75 12.5-45.25 0s-12.5-32.75 0-45.25L306.8 288H128C110.3 288 96 273.7 96 256s14.31-32 32-32h178.8l-49.38-49.38c-12.5-12.5-12.5-32.75 0-45.25s32.75-12.5 45.25 0l103.1 103.1C414.6 241.3 416 251.1 416 256C416 260.9 414.6 270.7 406.6 278.6z\"><\/path><\/svg><\/span><span class=\"uagb-icon-list__label\">Hyperventilation ou respiration sifflante<\/span><\/div>\n\n\n\n<div class=\"wp-block-uagb-icon-list-child uagb-block-14352d29\"><a target=\"_self\" aria-label=\"Sensations de froid ou de chaleur\" rel=\"noopener noreferrer\" href=\"#\"> <\/a><span class=\"uagb-icon-list__source-wrap\"><svg xmlns=\"https:\/\/www.w3.org\/2000\/svg\" viewBox=\"0 0 512 512\"><path d=\"M256 0C114.6 0 0 114.6 0 256c0 141.4 114.6 256 256 256s256-114.6 256-256C512 114.6 397.4 0 256 0zM406.6 278.6l-103.1 103.1c-12.5 12.5-32.75 12.5-45.25 0s-12.5-32.75 0-45.25L306.8 288H128C110.3 288 96 273.7 96 256s14.31-32 32-32h178.8l-49.38-49.38c-12.5-12.5-12.5-32.75 0-45.25s32.75-12.5 45.25 0l103.1 103.1C414.6 241.3 416 251.1 416 256C416 260.9 414.6 270.7 406.6 278.6z\"><\/path><\/svg><\/span><span class=\"uagb-icon-list__label\">Sensations de froid ou de chaleur<\/span><\/div>\n\n\n\n<div class=\"wp-block-uagb-icon-list-child uagb-block-6219e0ef\"><a target=\"_self\" aria-label=\"Vertiges ou \u00e9tourdissements\" rel=\"noopener noreferrer\" href=\"#\"> <\/a><span class=\"uagb-icon-list__source-wrap\"><svg xmlns=\"https:\/\/www.w3.org\/2000\/svg\" viewBox=\"0 0 512 512\"><path d=\"M256 0C114.6 0 0 114.6 0 256c0 141.4 114.6 256 256 256s256-114.6 256-256C512 114.6 397.4 0 256 0zM406.6 278.6l-103.1 103.1c-12.5 12.5-32.75 12.5-45.25 0s-12.5-32.75 0-45.25L306.8 288H128C110.3 288 96 273.7 96 256s14.31-32 32-32h178.8l-49.38-49.38c-12.5-12.5-12.5-32.75 0-45.25s32.75-12.5 45.25 0l103.1 103.1C414.6 241.3 416 251.1 416 256C416 260.9 414.6 270.7 406.6 278.6z\"><\/path><\/svg><\/span><span class=\"uagb-icon-list__label\">Vertiges ou \u00e9tourdissements<\/span><\/div>\n<\/div><\/div>\n\n\n\n<p><a href=\"https:\/\/www.psy.link\/blog\/2020\/05\/26\/vivre-avec-des-attaques-de-panique\/#:~:text=La%20psycho%2D%C3%A9ducation,dramatiser%20mais%20rationaliser%20celles%2Dci.\">La crise de panique<\/a> peut se manifester par tout ou partie des sympt\u00f4mes ci-dessus.<\/p>\n\n\n\n<h3 class=\"wp-block-heading\">Sympt\u00f4mes psychologiques :<\/h3>\n\n\n\n<div class=\"wp-block-uagb-icon-list uagb-block-31427d04\"><div class=\"uagb-icon-list__wrap\">\n<div class=\"wp-block-uagb-icon-list-child uagb-block-f00c5194\"><a target=\"_self\" aria-label=\"Peur intense ou anxi\u00e9t\u00e9 anticipatoire face \u00e0 une situation ou un endroit pr\u00e9cis\" rel=\"noopener noreferrer\" href=\"#\"> <\/a><span class=\"uagb-icon-list__source-wrap\"><svg xmlns=\"https:\/\/www.w3.org\/2000\/svg\" viewBox=\"0 0 512 512\"><path d=\"M256 0C114.6 0 0 114.6 0 256c0 141.4 114.6 256 256 256s256-114.6 256-256C512 114.6 397.4 0 256 0zM406.6 278.6l-103.1 103.1c-12.5 12.5-32.75 12.5-45.25 0s-12.5-32.75 0-45.25L306.8 288H128C110.3 288 96 273.7 96 256s14.31-32 32-32h178.8l-49.38-49.38c-12.5-12.5-12.5-32.75 0-45.25s32.75-12.5 45.25 0l103.1 103.1C414.6 241.3 416 251.1 416 256C416 260.9 414.6 270.7 406.6 278.6z\"><\/path><\/svg><\/span><span class=\"uagb-icon-list__label\">Peur intense ou anxi\u00e9t\u00e9 anticipatoire face \u00e0 une situation ou un endroit pr\u00e9cis<\/span><\/div>\n\n\n\n<div class=\"wp-block-uagb-icon-list-child uagb-block-a741ab5f\"><a target=\"_self\" aria-label=\"Pens\u00e9es et croyances irrationnelles concernant la situation ou l'endroit (comme par exemple croire qu'il est dangereux de sortir de chez soi)\" rel=\"noopener noreferrer\" href=\"#\"> <\/a><span class=\"uagb-icon-list__source-wrap\"><svg xmlns=\"https:\/\/www.w3.org\/2000\/svg\" viewBox=\"0 0 512 512\"><path d=\"M256 0C114.6 0 0 114.6 0 256c0 141.4 114.6 256 256 256s256-114.6 256-256C512 114.6 397.4 0 256 0zM406.6 278.6l-103.1 103.1c-12.5 12.5-32.75 12.5-45.25 0s-12.5-32.75 0-45.25L306.8 288H128C110.3 288 96 273.7 96 256s14.31-32 32-32h178.8l-49.38-49.38c-12.5-12.5-12.5-32.75 0-45.25s32.75-12.5 45.25 0l103.1 103.1C414.6 241.3 416 251.1 416 256C416 260.9 414.6 270.7 406.6 278.6z\"><\/path><\/svg><\/span><span class=\"uagb-icon-list__label\">Pens\u00e9es et croyances irrationnelles concernant la situation ou l&rsquo;endroit (comme par exemple croire qu&rsquo;il est dangereux de sortir de chez soi)<\/span><\/div>\n\n\n\n<div class=\"wp-block-uagb-icon-list-child uagb-block-9b16e75e\"><a target=\"_self\" aria-label=\"\u00c9vitement syst\u00e9matique de ces situations ou endroits\" rel=\"noopener noreferrer\" href=\"#\"> <\/a><span class=\"uagb-icon-list__source-wrap\"><svg xmlns=\"https:\/\/www.w3.org\/2000\/svg\" viewBox=\"0 0 512 512\"><path d=\"M256 0C114.6 0 0 114.6 0 256c0 141.4 114.6 256 256 256s256-114.6 256-256C512 114.6 397.4 0 256 0zM406.6 278.6l-103.1 103.1c-12.5 12.5-32.75 12.5-45.25 0s-12.5-32.75 0-45.25L306.8 288H128C110.3 288 96 273.7 96 256s14.31-32 32-32h178.8l-49.38-49.38c-12.5-12.5-12.5-32.75 0-45.25s32.75-12.5 45.25 0l103.1 103.1C414.6 241.3 416 251.1 416 256C416 260.9 414.6 270.7 406.6 278.6z\"><\/path><\/svg><\/span><span class=\"uagb-icon-list__label\">\u00c9vitement syst\u00e9matique de ces situations ou endroits<\/span><\/div>\n\n\n\n<div class=\"wp-block-uagb-icon-list-child uagb-block-3d2b9b7d\"><a target=\"_self\" aria-label=\"Sentiment d'\u00eatre pi\u00e9g\u00e9 ou d'\u00eatre incapables de quitter la situation\" rel=\"noopener noreferrer\" href=\"#\"> <\/a><span class=\"uagb-icon-list__source-wrap\"><svg xmlns=\"https:\/\/www.w3.org\/2000\/svg\" viewBox=\"0 0 512 512\"><path d=\"M256 0C114.6 0 0 114.6 0 256c0 141.4 114.6 256 256 256s256-114.6 256-256C512 114.6 397.4 0 256 0zM406.6 278.6l-103.1 103.1c-12.5 12.5-32.75 12.5-45.25 0s-12.5-32.75 0-45.25L306.8 288H128C110.3 288 96 273.7 96 256s14.31-32 32-32h178.8l-49.38-49.38c-12.5-12.5-12.5-32.75 0-45.25s32.75-12.5 45.25 0l103.1 103.1C414.6 241.3 416 251.1 416 256C416 260.9 414.6 270.7 406.6 278.6z\"><\/path><\/svg><\/span><span class=\"uagb-icon-list__label\">Sentiment d&rsquo;\u00eatre pi\u00e9g\u00e9 ou d&rsquo;\u00eatre incapables de quitter la situation<\/span><\/div>\n\n\n\n<div class=\"wp-block-uagb-icon-list-child uagb-block-c804665e\"><a target=\"_self\" aria-label=\"D\u00e9pendance excessive d'une personne de confiance pour vous accompagner dans ces situations\" rel=\"noopener noreferrer\" href=\"#\"> <\/a><span class=\"uagb-icon-list__source-wrap\"><svg xmlns=\"https:\/\/www.w3.org\/2000\/svg\" viewBox=\"0 0 512 512\"><path d=\"M256 0C114.6 0 0 114.6 0 256c0 141.4 114.6 256 256 256s256-114.6 256-256C512 114.6 397.4 0 256 0zM406.6 278.6l-103.1 103.1c-12.5 12.5-32.75 12.5-45.25 0s-12.5-32.75 0-45.25L306.8 288H128C110.3 288 96 273.7 96 256s14.31-32 32-32h178.8l-49.38-49.38c-12.5-12.5-12.5-32.75 0-45.25s32.75-12.5 45.25 0l103.1 103.1C414.6 241.3 416 251.1 416 256C416 260.9 414.6 270.7 406.6 278.6z\"><\/path><\/svg><\/span><span class=\"uagb-icon-list__label\">D\u00e9pendance excessive d&rsquo;une personne de confiance pour vous accompagner dans ces situations<\/span><\/div>\n\n\n\n<div class=\"wp-block-uagb-icon-list-child uagb-block-94e37498\"><a target=\"_self\" aria-label=\"Forte anxi\u00e9t\u00e9 g\u00e9n\u00e9rale qui perturbe les activit\u00e9s quotidiennes\" rel=\"noopener noreferrer\" href=\"#\"> <\/a><span class=\"uagb-icon-list__source-wrap\"><svg xmlns=\"https:\/\/www.w3.org\/2000\/svg\" viewBox=\"0 0 512 512\"><path d=\"M256 0C114.6 0 0 114.6 0 256c0 141.4 114.6 256 256 256s256-114.6 256-256C512 114.6 397.4 0 256 0zM406.6 278.6l-103.1 103.1c-12.5 12.5-32.75 12.5-45.25 0s-12.5-32.75 0-45.25L306.8 288H128C110.3 288 96 273.7 96 256s14.31-32 32-32h178.8l-49.38-49.38c-12.5-12.5-12.5-32.75 0-45.25s32.75-12.5 45.25 0l103.1 103.1C414.6 241.3 416 251.1 416 256C416 260.9 414.6 270.7 406.6 278.6z\"><\/path><\/svg><\/span><span class=\"uagb-icon-list__label\">Forte anxi\u00e9t\u00e9 g\u00e9n\u00e9rale qui perturbe les activit\u00e9s quotidiennes<\/span><\/div>\n\n\n\n<div class=\"wp-block-uagb-icon-list-child uagb-block-3b65a8d4\"><a target=\"_self\" aria-label=\"Trouble de la concentration et de la m\u00e9moire.\" rel=\"noopener noreferrer\" href=\"#\"> <\/a><span class=\"uagb-icon-list__source-wrap\"><svg xmlns=\"https:\/\/www.w3.org\/2000\/svg\" viewBox=\"0 0 512 512\"><path d=\"M256 0C114.6 0 0 114.6 0 256c0 141.4 114.6 256 256 256s256-114.6 256-256C512 114.6 397.4 0 256 0zM406.6 278.6l-103.1 103.1c-12.5 12.5-32.75 12.5-45.25 0s-12.5-32.75 0-45.25L306.8 288H128C110.3 288 96 273.7 96 256s14.31-32 32-32h178.8l-49.38-49.38c-12.5-12.5-12.5-32.75 0-45.25s32.75-12.5 45.25 0l103.1 103.1C414.6 241.3 416 251.1 416 256C416 260.9 414.6 270.7 406.6 278.6z\"><\/path><\/svg><\/span><span class=\"uagb-icon-list__label\">Trouble de la concentration et de la m\u00e9moire.<\/span><\/div>\n<\/div><\/div>\n\n\n\n<p>Ces sympt\u00f4mes peuvent \u00eatre tr\u00e8s invalidants pour la vie quotidienne et sociale des personnes atteintes. <\/p>\n\n\n\n<figure class=\"wp-block-image aligncenter size-full\"><img decoding=\"async\" width=\"600\" height=\"400\" src=\"https:\/\/www.psy.link\/blog\/wp-content\/uploads\/2023\/01\/2.jpg\" alt=\"\" class=\"wp-image-5236\" srcset=\"https:\/\/www.psy.link\/blog\/wp-content\/uploads\/2023\/01\/2.jpg 600w, https:\/\/www.psy.link\/blog\/wp-content\/uploads\/2023\/01\/2-300x200.jpg 300w\" sizes=\"(max-width: 600px) 100vw, 600px\" \/><\/figure>\n\n\n\n<h2 class=\"wp-block-heading\">Comment savoir si je souffre d&rsquo;agoraphobie ?&nbsp;<\/h2>\n\n\n\n<p>Il y a certaines caract\u00e9ristiques qui peuvent sugg\u00e9rer que vous pourriez souffrir d&rsquo;agoraphobie :<\/p>\n\n\n\n<div class=\"wp-block-uagb-icon-list uagb-block-acc827f3\"><div class=\"uagb-icon-list__wrap\">\n<div class=\"wp-block-uagb-icon-list-child uagb-block-9b21f3e7\"><a target=\"_self\" aria-label=\"Des \u00e9vitements de certaines situations ou endroits publics par peur de subir une crise de panique ou d'autres sympt\u00f4mes physiques d\u00e9sagr\u00e9ables.\" rel=\"noopener noreferrer\" href=\"#\"> <\/a><span class=\"uagb-icon-list__source-wrap\"><svg xmlns=\"https:\/\/www.w3.org\/2000\/svg\" viewBox=\"0 0 512 512\"><path d=\"M256 0C114.6 0 0 114.6 0 256c0 141.4 114.6 256 256 256s256-114.6 256-256C512 114.6 397.4 0 256 0zM406.6 278.6l-103.1 103.1c-12.5 12.5-32.75 12.5-45.25 0s-12.5-32.75 0-45.25L306.8 288H128C110.3 288 96 273.7 96 256s14.31-32 32-32h178.8l-49.38-49.38c-12.5-12.5-12.5-32.75 0-45.25s32.75-12.5 45.25 0l103.1 103.1C414.6 241.3 416 251.1 416 256C416 260.9 414.6 270.7 406.6 278.6z\"><\/path><\/svg><\/span><span class=\"uagb-icon-list__label\">Des \u00e9vitements de certaines situations ou endroits publics par peur de subir une crise de panique ou d&rsquo;autres sympt\u00f4mes physiques d\u00e9sagr\u00e9ables.<\/span><\/div>\n\n\n\n<div class=\"wp-block-uagb-icon-list-child uagb-block-143c4ee0\"><a target=\"_self\" aria-label=\"Vous ressentez de l'anxi\u00e9t\u00e9 ou de la peur intense lorsque vous \u00eates dans des situations ou des endroits qui vous causent de l'anxi\u00e9t\u00e9.\" rel=\"noopener noreferrer\" href=\"#\"> <\/a><span class=\"uagb-icon-list__source-wrap\"><svg xmlns=\"https:\/\/www.w3.org\/2000\/svg\" viewBox=\"0 0 512 512\"><path d=\"M256 0C114.6 0 0 114.6 0 256c0 141.4 114.6 256 256 256s256-114.6 256-256C512 114.6 397.4 0 256 0zM406.6 278.6l-103.1 103.1c-12.5 12.5-32.75 12.5-45.25 0s-12.5-32.75 0-45.25L306.8 288H128C110.3 288 96 273.7 96 256s14.31-32 32-32h178.8l-49.38-49.38c-12.5-12.5-12.5-32.75 0-45.25s32.75-12.5 45.25 0l103.1 103.1C414.6 241.3 416 251.1 416 256C416 260.9 414.6 270.7 406.6 278.6z\"><\/path><\/svg><\/span><span class=\"uagb-icon-list__label\">Vous ressentez de l&rsquo;anxi\u00e9t\u00e9 ou de la peur intense lorsque vous \u00eates dans des situations ou des endroits qui vous causent de l&rsquo;anxi\u00e9t\u00e9.<\/span><\/div>\n\n\n\n<div class=\"wp-block-uagb-icon-list-child uagb-block-28c7261c\"><a target=\"_self\" aria-label=\"Le sentiment \u00eatre pris au pi\u00e8ge ou pi\u00e9g\u00e9 dans des situations ou des endroits qui vous causent de l'anxi\u00e9t\u00e9.\" rel=\"noopener noreferrer\" href=\"#\"> <\/a><span class=\"uagb-icon-list__source-wrap\"><svg xmlns=\"https:\/\/www.w3.org\/2000\/svg\" viewBox=\"0 0 512 512\"><path d=\"M256 0C114.6 0 0 114.6 0 256c0 141.4 114.6 256 256 256s256-114.6 256-256C512 114.6 397.4 0 256 0zM406.6 278.6l-103.1 103.1c-12.5 12.5-32.75 12.5-45.25 0s-12.5-32.75 0-45.25L306.8 288H128C110.3 288 96 273.7 96 256s14.31-32 32-32h178.8l-49.38-49.38c-12.5-12.5-12.5-32.75 0-45.25s32.75-12.5 45.25 0l103.1 103.1C414.6 241.3 416 251.1 416 256C416 260.9 414.6 270.7 406.6 278.6z\"><\/path><\/svg><\/span><span class=\"uagb-icon-list__label\">Le sentiment \u00eatre pris au pi\u00e8ge ou pi\u00e9g\u00e9 dans des situations ou des endroits qui vous causent de l&rsquo;anxi\u00e9t\u00e9.<\/span><\/div>\n\n\n\n<div class=\"wp-block-uagb-icon-list-child uagb-block-1996e29d\"><a target=\"_self\" aria-label=\"Une peur intense d'\u00eatre incapable de quitter une situation ou un endroit qui vous cause de l'anxi\u00e9t\u00e9.\" rel=\"noopener noreferrer\" href=\"#\"> <\/a><span class=\"uagb-icon-list__source-wrap\"><svg xmlns=\"https:\/\/www.w3.org\/2000\/svg\" viewBox=\"0 0 512 512\"><path d=\"M256 0C114.6 0 0 114.6 0 256c0 141.4 114.6 256 256 256s256-114.6 256-256C512 114.6 397.4 0 256 0zM406.6 278.6l-103.1 103.1c-12.5 12.5-32.75 12.5-45.25 0s-12.5-32.75 0-45.25L306.8 288H128C110.3 288 96 273.7 96 256s14.31-32 32-32h178.8l-49.38-49.38c-12.5-12.5-12.5-32.75 0-45.25s32.75-12.5 45.25 0l103.1 103.1C414.6 241.3 416 251.1 416 256C416 260.9 414.6 270.7 406.6 278.6z\"><\/path><\/svg><\/span><span class=\"uagb-icon-list__label\">Une peur intense d&rsquo;\u00eatre incapable de quitter une situation ou un endroit qui vous cause de l&rsquo;anxi\u00e9t\u00e9.<\/span><\/div>\n\n\n\n<div class=\"wp-block-uagb-icon-list-child uagb-block-eb825e63\"><a target=\"_self\" aria-label=\"Le besoin d'avoir une personne de confiance avec vous dans des situations ou des endroits qui vous causent de l'anxi\u00e9t\u00e9.\" rel=\"noopener noreferrer\" href=\"#\"> <\/a><span class=\"uagb-icon-list__source-wrap\"><svg xmlns=\"https:\/\/www.w3.org\/2000\/svg\" viewBox=\"0 0 512 512\"><path d=\"M256 0C114.6 0 0 114.6 0 256c0 141.4 114.6 256 256 256s256-114.6 256-256C512 114.6 397.4 0 256 0zM406.6 278.6l-103.1 103.1c-12.5 12.5-32.75 12.5-45.25 0s-12.5-32.75 0-45.25L306.8 288H128C110.3 288 96 273.7 96 256s14.31-32 32-32h178.8l-49.38-49.38c-12.5-12.5-12.5-32.75 0-45.25s32.75-12.5 45.25 0l103.1 103.1C414.6 241.3 416 251.1 416 256C416 260.9 414.6 270.7 406.6 278.6z\"><\/path><\/svg><\/span><span class=\"uagb-icon-list__label\">Le besoin d&rsquo;avoir une personne de confiance avec vous dans des situations ou des endroits qui vous causent de l&rsquo;anxi\u00e9t\u00e9.<\/span><\/div>\n\n\n\n<div class=\"wp-block-uagb-icon-list-child uagb-block-e89e1177\"><a target=\"_self\" aria-label=\"Vos peurs et \u00e9vitements affectent votre vie quotidienne et vous emp\u00eachent de faire des choses que vous voulez faire.\" rel=\"noopener noreferrer\" href=\"#\"> <\/a><span class=\"uagb-icon-list__source-wrap\"><svg xmlns=\"https:\/\/www.w3.org\/2000\/svg\" viewBox=\"0 0 512 512\"><path d=\"M256 0C114.6 0 0 114.6 0 256c0 141.4 114.6 256 256 256s256-114.6 256-256C512 114.6 397.4 0 256 0zM406.6 278.6l-103.1 103.1c-12.5 12.5-32.75 12.5-45.25 0s-12.5-32.75 0-45.25L306.8 288H128C110.3 288 96 273.7 96 256s14.31-32 32-32h178.8l-49.38-49.38c-12.5-12.5-12.5-32.75 0-45.25s32.75-12.5 45.25 0l103.1 103.1C414.6 241.3 416 251.1 416 256C416 260.9 414.6 270.7 406.6 278.6z\"><\/path><\/svg><\/span><span class=\"uagb-icon-list__label\">Vos peurs et \u00e9vitements affectent votre vie quotidienne et vous emp\u00eachent de faire des choses que vous voulez faire.<\/span><\/div>\n<\/div><\/div>\n\n\n\n<p>Ces sympt\u00f4mes doivent \u00eatre pr\u00e9sents depuis au moins six mois. Aussi, ils doivent engendrer une d\u00e9tresse significative pour \u00eatre consid\u00e9r\u00e9s comme de l&rsquo;agoraphobie. Soulignons que consulter un professionnel de sant\u00e9 mentale est n\u00e9cessaire pour \u00e9tablir un diagnostic et recevoir un traitement appropri\u00e9.<\/p>\n\n\n\n<h2 class=\"wp-block-heading\">Quelles sont les ant\u00e9c\u00e9dents \u00e0 l&rsquo;origine de l&rsquo;agoraphobie ?&nbsp;<\/h2>\n\n\n\n<p>Il n&rsquo;y a pas de cause unique \u00e0 l&rsquo;origine de l&rsquo;agoraphobie. Cependant, il est g\u00e9n\u00e9ralement admis que l&rsquo;agoraphobie est le r\u00e9sultat d&rsquo;un m\u00e9lange de facteurs g\u00e9n\u00e9tiques, environnementaux et psychologiques.<\/p>\n\n\n\n<h3 class=\"wp-block-heading\">Les facteurs g\u00e9n\u00e9tiques<\/h3>\n\n\n\n<p>Ils semblent jouer un r\u00f4le dans l&rsquo;agoraphobie car il est plus fr\u00e9quent que les personnes atteintes aient des parents ou des proches atteints de troubles anxieux. En plus, cela sugg\u00e8re qu&rsquo;il existe des tendances h\u00e9r\u00e9ditaires \u00e0 d\u00e9velopper des troubles anxieux, y compris l&rsquo;agoraphobie.<\/p>\n\n\n\n<h3 class=\"wp-block-heading\">Les facteurs environnementaux<\/h3>\n\n\n\n<p>Ils peuvent inclure des \u00e9v\u00e9nements stressants ou traumatisants tels que des traumatismes physiques ou \u00e9motionnels, des abus, des pertes ou des changements importants dans la vie (par exemple d\u00e9m\u00e9nagement, changement d&#8217;emploi, etc.). Effectivement, ces \u00e9v\u00e9nements peuvent contribuer \u00e0 d\u00e9clencher ou \u00e0 aggraver l&rsquo;agoraphobie.<\/p>\n\n\n\n<h3 class=\"wp-block-heading\">Les facteurs psychologiques<\/h3>\n\n\n\n<p>Enfin, ces facteurs, tels que les sch\u00e9mas de pens\u00e9e n\u00e9gatifs, la tendance \u00e0 surestimer le danger, la tendance \u00e0 s&rsquo;isoler ou les difficult\u00e9s \u00e0 g\u00e9rer les \u00e9motions, peuvent \u00e9galement contribuer au d\u00e9veloppement de l&rsquo;agoraphobie. En fait, ces facteurs peuvent rendre les individus plus vuln\u00e9rables aux \u00e9v\u00e9nements stressants. Les cognitions irrationnelles peuvent emp\u00eacher de g\u00e9rer efficacement les situations stressantes qui se pr\u00e9sentent, contribuant ainsi au d\u00e9veloppement de l&rsquo;agoraphobie.<\/p>\n\n\n\n<p>Ces facteurs peuvent interagir de diff\u00e9rentes mani\u00e8res pour d\u00e9clencher ou aggraver l&rsquo;agoraphobie. Chaque personne est unique, donc les origines de ce trouble peuvent varier d&rsquo;une personne \u00e0 l&rsquo;autre.<\/p>\n\n\n\n<figure class=\"wp-block-image aligncenter size-full\"><img decoding=\"async\" width=\"600\" height=\"400\" src=\"https:\/\/www.psy.link\/blog\/wp-content\/uploads\/2023\/01\/5.jpg\" alt=\"\" class=\"wp-image-5239\" srcset=\"https:\/\/www.psy.link\/blog\/wp-content\/uploads\/2023\/01\/5.jpg 600w, https:\/\/www.psy.link\/blog\/wp-content\/uploads\/2023\/01\/5-300x200.jpg 300w\" sizes=\"(max-width: 600px) 100vw, 600px\" \/><\/figure>\n\n\n\n<h2 class=\"wp-block-heading\">Est-il possible de souffrir d&rsquo;agoraphobie sans le savoir ?&nbsp;<\/h2>\n\n\n\n<p>Il est possible de souffrir d&rsquo;agoraphobie sans en \u00eatre conscient. En effet, certaines personnes agoraphobes peuvent ne pas r\u00e9aliser qu&rsquo;elles ont un trouble anxieux et consid\u00e9rer leur peur comme rationnelle. Par exemple, une personne qui \u00e9vite les ponts par peur de subir un accident peut ne pas r\u00e9aliser qu&rsquo;elle souffre d&rsquo;agoraphobie, car sa peur peut sembler justifi\u00e9e.<\/p>\n\n\n\n<p>Il est \u00e9galement possible de ne pas r\u00e9aliser que l&rsquo;agoraphobie est \u00e0 l&rsquo;origine des difficult\u00e9s dans la vie quotidienne. Certaines personnes peuvent avoir des difficult\u00e9s \u00e0 travailler, \u00e0 sortir avec des amis ou \u00e0 mener une vie sociale normale sans r\u00e9aliser que leur peur ou leur \u00e9vitement de certaines situations est li\u00e9 \u00e0 l&rsquo;agoraphobie.<\/p>\n\n\n\n<p>Des professionnels de sant\u00e9 mentale vont utiliser des crit\u00e8res pour poser le diagnostic. Ces crit\u00e8res diagnostiques sont list\u00e9s dans des manuels tels que le DSM-5 ou la CIM-11. Ainsi, il est donc primordial de consulter un professionnel de sant\u00e9 mentale lorsque vous pensez que vous pourriez souffrir d&rsquo;agoraphobie, m\u00eame si vous n&rsquo;\u00eates pas s\u00fbr. <\/p>\n\n\n\n<h2 class=\"wp-block-heading\">Quelle est la pr\u00e9valence de l&rsquo;agoraphobie? <\/h2>\n\n\n\n<p>Le pourcentage de personnes souffrant d&rsquo;agoraphobie varie selon les \u00e9tudes et les populations \u00e9tudi\u00e9es. Selon<a href=\"https:\/\/www.msdmanuals.com\/fr\/accueil\/troubles-mentaux\/anxi\u00e9t\u00e9-et-troubles-li\u00e9s-au-stress\/agoraphobie\"><strong> les donn\u00e9es les plus r\u00e9centes disponibles<\/strong><\/a>, environ 2 % des femmes et 1 % des hommes seraient atteints d\u2019agoraphobie au cours d\u2019une p\u00e9riode de 12 mois. La plupart des personnes atteintes d\u2019agoraphobie la d\u00e9veloppent avant 35 ans. <\/p>\n\n\n\n<p>Cela signifie qu&rsquo;entre 1 et 2 personnes sur 100 pourraient souffrir d&rsquo;agoraphobie. Notons que la pr\u00e9valence de l&rsquo;agoraphobie peut varier consid\u00e9rablement selon les populations \u00e9tudi\u00e9es. En effet, elle peut \u00eatre plus \u00e9lev\u00e9e chez les personnes souffrant d&rsquo;autres troubles anxieux ou de d\u00e9pression, ou encore chez les personnes ayant des ant\u00e9c\u00e9dents familiaux de troubles mentaux.<\/p>\n\n\n\n<figure class=\"wp-block-image aligncenter size-full\"><img decoding=\"async\" width=\"600\" height=\"400\" src=\"https:\/\/www.psy.link\/blog\/wp-content\/uploads\/2023\/01\/1.jpg\" alt=\"\" class=\"wp-image-5235\" srcset=\"https:\/\/www.psy.link\/blog\/wp-content\/uploads\/2023\/01\/1.jpg 600w, https:\/\/www.psy.link\/blog\/wp-content\/uploads\/2023\/01\/1-300x200.jpg 300w\" sizes=\"(max-width: 600px) 100vw, 600px\" \/><\/figure>\n\n\n\n<h2 class=\"wp-block-heading\">Quel est le meilleur traitement contre l&rsquo;agoraphobie ?<\/h2>\n\n\n\n<p>Il n&rsquo;y a pas de traitement unique qui convient \u00e0 toutes les personnes souffrant d&rsquo;agoraphobie. Mais, il existe plusieurs options de traitement efficaces pour ce trouble. Les traitements les plus couramment utilis\u00e9s pour l&rsquo;agoraphobie comprennent :<\/p>\n\n\n\n<div class=\"wp-block-uagb-info-box uagb-block-c0be982b uagb-infobox__content-wrap  uagb-infobox-icon-above-title uagb-infobox-image-valign-top\"><div class=\"uagb-ifb-content\"><div class=\"uagb-ifb-title-wrap\"><h3 class=\"uagb-ifb-title\">Bo\u00eete d\u2019info<\/h3><\/div><div class=\"uagb-ifb-separator\"><\/div><p class=\"uagb-ifb-desc\">La th\u00e9rapie cognitivo-comportementale (TCC) : Cette forme de th\u00e9rapie vise \u00e0 identifier et \u00e0 changer les pens\u00e9es et les comportements qui maintiennent l&rsquo;agoraphobie. Elle peut inclure de l&rsquo;apprentissage de techniques de relaxation pour g\u00e9rer les sympt\u00f4mes physiques d&rsquo;anxi\u00e9t\u00e9, ainsi que des techniques d&rsquo;exposition pour aider les personnes \u00e0 faire face \u00e0 leurs peurs.<br>La th\u00e9rapie d&rsquo;exposition : Cette th\u00e9rapie consiste \u00e0 exposer les personnes \u00e0 leurs peurs de mani\u00e8re graduelle pour qu&rsquo;elles puissent apprendre \u00e0 les surmonter. Cela peut se faire \u00e0 travers des s\u00e9ances de visualisation, des exercices d&rsquo;imagination, ou encore en exposant physiquement la personne \u00e0 la situation crainte.<br>Les m\u00e9dicaments : Certains m\u00e9dicaments comme les antid\u00e9presseurs, les benzodiaz\u00e9pines ou encore les b\u00eatabloquants peuvent \u00eatre utilis\u00e9s pour r\u00e9duire les sympt\u00f4mes d&rsquo;anxi\u00e9t\u00e9 et permettre aux personnes de participer \u00e0 la th\u00e9rapie.<\/p><\/div><\/div>\n\n\n\n<div class=\"wp-block-group is-layout-constrained wp-block-group-is-layout-constrained\"><div class=\"wp-block-group__inner-container\">\n<div class=\"wp-block-columns is-layout-flex wp-container-core-columns-is-layout-28f84493 wp-block-columns-is-layout-flex\">\n<div class=\"wp-block-column is-layout-flow wp-block-column-is-layout-flow\" style=\"flex-basis:100%\">\n<div class=\"wp-block-uagb-container uagb-layout-grid uagb-block-6588ff3e alignfull uagb-is-root-container\">\n<div class=\"wp-block-uagb-container uagb-block-22367a12\">\n<div class=\"wp-block-uagb-call-to-action uagb-block-0bd688a4 wp-block-button\"><div class=\"uagb-cta__wrap\"><h3 class=\"uagb-cta__title\"><strong>Prenez rendez-vous avec un psychologue TCC v\u00e9rifi\u00e9<\/strong><\/h3><p class=\"uagb-cta__desc\">Des psychologues form\u00e9s, disponibles rapidement, pour une prise en charge efficace d\u00e8s la premi\u00e8re s\u00e9ance.<\/p><\/div><div class=\"uagb-cta__buttons\"><a href=\"https:\/\/app.psy.link\/psychologues-tcc\" class=\"uagb-cta__button-link-wrapper wp-block-button__link\" target=\"_self\" rel=\"noopener noreferrer\">\ud83d\udc49 Trouver un psychologue TCC maintenant<\/a><\/div><\/div>\n<\/div>\n<\/div>\n<\/div>\n<\/div>\n<\/div><\/div>\n\n\n\n<p>Cependant, le traitement le plus efficace d\u00e9pendra de la personne, de ses sympt\u00f4mes, et de son histoire personnelle. Il peut \u00eatre n\u00e9cessaire de combiner diff\u00e9rents traitements pour obtenir les meilleurs r\u00e9sultats. Il est donc recommand\u00e9 de consulter un professionnel de la sant\u00e9 mentale. Celui-ci pourra vous aider \u00e0 \u00e9laborer un plan de traitement.<\/p>\n\n\n\n<figure class=\"wp-block-image aligncenter size-full\"><img decoding=\"async\" width=\"600\" height=\"400\" src=\"https:\/\/www.psy.link\/blog\/wp-content\/uploads\/2023\/01\/6.jpg\" alt=\"\" class=\"wp-image-5240\" srcset=\"https:\/\/www.psy.link\/blog\/wp-content\/uploads\/2023\/01\/6.jpg 600w, https:\/\/www.psy.link\/blog\/wp-content\/uploads\/2023\/01\/6-300x200.jpg 300w\" sizes=\"(max-width: 600px) 100vw, 600px\" \/><\/figure>\n\n\n\n<h2 class=\"wp-block-heading\">Existe t-il un questionnaire pour savoir si je suis agoraphobe ?<\/h2>\n\n\n\n<p>Il existe plusieurs questionnaires qui peuvent aider \u00e0 \u00e9valuer si vous \u00eates atteint.e d&rsquo;agoraphobie. Ces questionnaires ont \u00e9t\u00e9 \u00e9labor\u00e9s pour vous aider \u00e0 comprendre les sympt\u00f4mes que vous pouvez ressentir et pour \u00e9valuer leur s\u00e9v\u00e9rit\u00e9. Cependant, il est important de noter que ces questionnaires ne sont pas des tests diagnostiques. En effet, ils ne peuvent pas remplacer l&rsquo;avis d&rsquo;un professionnel de sant\u00e9 mentale. Il est important de consulter un m\u00e9decin ou un psychologue pour un diagnostic.<\/p>\n\n\n\n<p>L&rsquo;un des questionnaires les plus couramment utilis\u00e9s pour \u00e9valuer l&rsquo;agoraphobie est le \u00ab\u00a0<strong><a href=\"https:\/\/www.psy.link\/blog\/quiz\/questionnaire-sur-les-sensations-physiques\/\">Questionnaire des sensations physiologiques<\/a><\/strong>\u00ab\u00a0. Ce dernier mesure la peur des sensations physiques associ\u00e9es aux crises de panique. Ainsi, il comporte des questions sur la fr\u00e9quence et la s\u00e9v\u00e9rit\u00e9 de diff\u00e9rentes sensations physiques telles que des palpitations cardiaques, de la transpiration, de la respiration rapide, des vertiges, etc\u2026<\/p>\n\n\n\n<p>Puis, on peut trouver aussi le \u00ab\u00a0<a href=\"https:\/\/www.psy.link\/blog\/quiz\/questionnaire-des-cognitions-agoraphobiques-chambless\/\"><strong>Questionnaire des cognitions agoraphobiques<\/strong><\/a>\u00ab\u00a0. Ce dernier \u00e9value les croyances, les \u00e9vitements et les comportements li\u00e9s \u00e0 l&rsquo;agoraphobie qui permet de mesurer les croyances erron\u00e9es et les \u00e9vitements qui sont li\u00e9s \u00e0 l&rsquo;agoraphobie.<\/p>\n\n\n\n<p>Soulignons, que les questionnaires sont un outil d&rsquo;auto-\u00e9valuation, permettant de mieux comprendre les sympt\u00f4mes et les difficult\u00e9s. Malheureusement, ils ne remplaceront jamais l&rsquo;avis d&rsquo;un professionnel.<\/p>\n\n\n\n<p>Lire aussi : <a href=\"https:\/\/www.psy.link\/trouble-panique-tcc\/\"><strong>Trouble panique et crises de panique.<\/strong><\/a><\/p>\n\n\n","protected":false},"excerpt":{"rendered":"<p>Cet article relatif \u00e0 l&rsquo;agoraphobie a \u00e9t\u00e9 relu et v\u00e9rifi\u00e9 par Linda Kempe, psychologue clinicienne et psychoth\u00e9rapeute ACT. L&rsquo;agoraphobie est un trouble anxieux caract\u00e9ris\u00e9 par une peur intense et irraisonn\u00e9e de se retrouver dans des situations ou des lieux publics ou ouverts. Les personnes agoraphobes peuvent \u00e9prouver de la peur dans des situations telles que [&hellip;]<\/p>\n","protected":false},"author":14,"featured_media":5237,"comment_status":"closed","ping_status":"closed","sticky":false,"template":"","format":"standard","meta":{"_uag_custom_page_level_css":"","_exactmetrics_skip_tracking":false,"_exactmetrics_sitenote_active":false,"_exactmetrics_sitenote_note":"","_exactmetrics_sitenote_category":0,"site-sidebar-layout":"default","site-content-layout":"","ast-site-content-layout":"default","site-content-style":"default","site-sidebar-style":"default","ast-global-header-display":"","ast-banner-title-visibility":"","ast-main-header-display":"","ast-hfb-above-header-display":"","ast-hfb-below-header-display":"","ast-hfb-mobile-header-display":"","site-post-title":"","ast-breadcrumbs-content":"","ast-featured-img":"","footer-sml-layout":"","theme-transparent-header-meta":"","adv-header-id-meta":"","stick-header-meta":"","header-above-stick-meta":"","header-main-stick-meta":"","header-below-stick-meta":"","astra-migrate-meta-layouts":"set","ast-page-background-enabled":"default","ast-page-background-meta":{"desktop":{"background-color":"","background-image":"","background-repeat":"repeat","background-position":"center center","background-size":"auto","background-attachment":"scroll","background-type":"","background-media":"","overlay-type":"","overlay-color":"","overlay-opacity":"","overlay-gradient":""},"tablet":{"background-color":"","background-image":"","background-repeat":"repeat","background-position":"center center","background-size":"auto","background-attachment":"scroll","background-type":"","background-media":"","overlay-type":"","overlay-color":"","overlay-opacity":"","overlay-gradient":""},"mobile":{"background-color":"","background-image":"","background-repeat":"repeat","background-position":"center center","background-size":"auto","background-attachment":"scroll","background-type":"","background-media":"","overlay-type":"","overlay-color":"","overlay-opacity":"","overlay-gradient":""}},"ast-content-background-meta":{"desktop":{"background-color":"var(--ast-global-color-5)","background-image":"","background-repeat":"repeat","background-position":"center center","background-size":"auto","background-attachment":"scroll","background-type":"","background-media":"","overlay-type":"","overlay-color":"","overlay-opacity":"","overlay-gradient":""},"tablet":{"background-color":"var(--ast-global-color-5)","background-image":"","background-repeat":"repeat","background-position":"center center","background-size":"auto","background-attachment":"scroll","background-type":"","background-media":"","overlay-type":"","overlay-color":"","overlay-opacity":"","overlay-gradient":""},"mobile":{"background-color":"var(--ast-global-color-5)","background-image":"","background-repeat":"repeat","background-position":"center center","background-size":"auto","background-attachment":"scroll","background-type":"","background-media":"","overlay-type":"","overlay-color":"","overlay-opacity":"","overlay-gradient":""}},"footnotes":""},"categories":[60],"tags":[],"class_list":["post-5225","post","type-post","status-publish","format-standard","has-post-thumbnail","hentry","category-anxiete"],"yoast_head":"<!-- This site is optimized with the Yoast SEO plugin v26.2 - https:\/\/yoast.com\/wordpress\/plugins\/seo\/ -->\n<title>L&#039;agoraphobie, qu&#039;est-ce que c&#039;est ? | Blog Psy.link<\/title>\n<meta name=\"description\" content=\"L&#039;agoraphobie est un trouble anxieux caract\u00e9ris\u00e9 par une peur intense et irraisonn\u00e9e de se retrouver dans des lieux publics ou ouverts.\" \/>\n<meta name=\"robots\" content=\"index, follow, max-snippet:-1, max-image-preview:large, max-video-preview:-1\" \/>\n<link rel=\"canonical\" href=\"https:\/\/www.psy.link\/blog\/2023\/01\/10\/quest-ce-que-agoraphobie\/\" \/>\n<meta property=\"og:locale\" content=\"fr_FR\" \/>\n<meta property=\"og:type\" content=\"article\" \/>\n<meta property=\"og:title\" content=\"L&#039;agoraphobie, qu&#039;est-ce que c&#039;est ? | Blog Psy.link\" \/>\n<meta property=\"og:description\" content=\"L&#039;agoraphobie est un trouble anxieux caract\u00e9ris\u00e9 par une peur intense et irraisonn\u00e9e de se retrouver dans des lieux publics ou ouverts.\" \/>\n<meta property=\"og:url\" content=\"https:\/\/www.psy.link\/blog\/2023\/01\/10\/quest-ce-que-agoraphobie\/\" \/>\n<meta property=\"og:site_name\" content=\"Blog Psy.link\" \/>\n<meta property=\"article:publisher\" content=\"https:\/\/www.facebook.com\/psy.link.therapie\/\" \/>\n<meta property=\"article:published_time\" content=\"2023-01-10T17:05:16+00:00\" \/>\n<meta property=\"article:modified_time\" content=\"2026-02-13T10:50:16+00:00\" \/>\n<meta property=\"og:image\" content=\"https:\/\/www.psy.link\/blog\/wp-content\/uploads\/2023\/01\/3.jpg\" \/>\n\t<meta property=\"og:image:width\" content=\"600\" \/>\n\t<meta property=\"og:image:height\" content=\"400\" \/>\n\t<meta property=\"og:image:type\" content=\"image\/jpeg\" \/>\n<meta name=\"author\" content=\"Auteur Invit\u00e9\" \/>\n<meta name=\"twitter:card\" content=\"summary_large_image\" \/>\n<meta name=\"twitter:creator\" content=\"@Psylink_tcc\" \/>\n<meta name=\"twitter:site\" content=\"@Psylink_tcc\" \/>\n<meta name=\"twitter:label1\" content=\"\u00c9crit par\" \/>\n\t<meta name=\"twitter:data1\" content=\"Auteur Invit\u00e9\" \/>\n\t<meta name=\"twitter:label2\" content=\"Dur\u00e9e de lecture estim\u00e9e\" \/>\n\t<meta name=\"twitter:data2\" content=\"8 minutes\" \/>\n<script type=\"application\/ld+json\" class=\"yoast-schema-graph\">{\"@context\":\"https:\/\/schema.org\",\"@graph\":[{\"@type\":\"Article\",\"@id\":\"https:\/\/www.psy.link\/blog\/2023\/01\/10\/quest-ce-que-agoraphobie\/#article\",\"isPartOf\":{\"@id\":\"https:\/\/www.psy.link\/blog\/2023\/01\/10\/quest-ce-que-agoraphobie\/\"},\"author\":{\"name\":\"Auteur Invit\u00e9\",\"@id\":\"https:\/\/www.psy.link\/blog\/#\/schema\/person\/8767b1e672ba0c905256571afaef2f2c\"},\"headline\":\"L&rsquo;agoraphobie, qu&rsquo;est-ce que c&rsquo;est ?\",\"datePublished\":\"2023-01-10T17:05:16+00:00\",\"dateModified\":\"2026-02-13T10:50:16+00:00\",\"mainEntityOfPage\":{\"@id\":\"https:\/\/www.psy.link\/blog\/2023\/01\/10\/quest-ce-que-agoraphobie\/\"},\"wordCount\":1712,\"publisher\":{\"@id\":\"https:\/\/www.psy.link\/blog\/#organization\"},\"image\":{\"@id\":\"https:\/\/www.psy.link\/blog\/2023\/01\/10\/quest-ce-que-agoraphobie\/#primaryimage\"},\"thumbnailUrl\":\"https:\/\/www.psy.link\/blog\/wp-content\/uploads\/2023\/01\/3.jpg\",\"articleSection\":[\"Anxi\u00e9t\u00e9\"],\"inLanguage\":\"fr-FR\"},{\"@type\":\"WebPage\",\"@id\":\"https:\/\/www.psy.link\/blog\/2023\/01\/10\/quest-ce-que-agoraphobie\/\",\"url\":\"https:\/\/www.psy.link\/blog\/2023\/01\/10\/quest-ce-que-agoraphobie\/\",\"name\":\"L'agoraphobie, qu'est-ce que c'est ? | Blog Psy.link\",\"isPartOf\":{\"@id\":\"https:\/\/www.psy.link\/blog\/#website\"},\"primaryImageOfPage\":{\"@id\":\"https:\/\/www.psy.link\/blog\/2023\/01\/10\/quest-ce-que-agoraphobie\/#primaryimage\"},\"image\":{\"@id\":\"https:\/\/www.psy.link\/blog\/2023\/01\/10\/quest-ce-que-agoraphobie\/#primaryimage\"},\"thumbnailUrl\":\"https:\/\/www.psy.link\/blog\/wp-content\/uploads\/2023\/01\/3.jpg\",\"datePublished\":\"2023-01-10T17:05:16+00:00\",\"dateModified\":\"2026-02-13T10:50:16+00:00\",\"description\":\"L'agoraphobie est un trouble anxieux caract\u00e9ris\u00e9 par une peur intense et irraisonn\u00e9e de se retrouver dans des lieux publics ou ouverts.\",\"breadcrumb\":{\"@id\":\"https:\/\/www.psy.link\/blog\/2023\/01\/10\/quest-ce-que-agoraphobie\/#breadcrumb\"},\"inLanguage\":\"fr-FR\",\"potentialAction\":[{\"@type\":\"ReadAction\",\"target\":[\"https:\/\/www.psy.link\/blog\/2023\/01\/10\/quest-ce-que-agoraphobie\/\"]}]},{\"@type\":\"ImageObject\",\"inLanguage\":\"fr-FR\",\"@id\":\"https:\/\/www.psy.link\/blog\/2023\/01\/10\/quest-ce-que-agoraphobie\/#primaryimage\",\"url\":\"https:\/\/www.psy.link\/blog\/wp-content\/uploads\/2023\/01\/3.jpg\",\"contentUrl\":\"https:\/\/www.psy.link\/blog\/wp-content\/uploads\/2023\/01\/3.jpg\",\"width\":600,\"height\":400},{\"@type\":\"BreadcrumbList\",\"@id\":\"https:\/\/www.psy.link\/blog\/2023\/01\/10\/quest-ce-que-agoraphobie\/#breadcrumb\",\"itemListElement\":[{\"@type\":\"ListItem\",\"position\":1,\"name\":\"Accueil\",\"item\":\"https:\/\/www.psy.link\/blog\/\"},{\"@type\":\"ListItem\",\"position\":2,\"name\":\"L&rsquo;agoraphobie, qu&rsquo;est-ce que c&rsquo;est ?\"}]},{\"@type\":\"WebSite\",\"@id\":\"https:\/\/www.psy.link\/blog\/#website\",\"url\":\"https:\/\/www.psy.link\/blog\/\",\"name\":\"Blog Psy.link\",\"description\":\"Votre guide pour comprendre la psychologie et cultiver votre sant\u00e9 mentale\",\"publisher\":{\"@id\":\"https:\/\/www.psy.link\/blog\/#organization\"},\"potentialAction\":[{\"@type\":\"SearchAction\",\"target\":{\"@type\":\"EntryPoint\",\"urlTemplate\":\"https:\/\/www.psy.link\/blog\/?s={search_term_string}\"},\"query-input\":{\"@type\":\"PropertyValueSpecification\",\"valueRequired\":true,\"valueName\":\"search_term_string\"}}],\"inLanguage\":\"fr-FR\"},{\"@type\":\"Organization\",\"@id\":\"https:\/\/www.psy.link\/blog\/#organization\",\"name\":\"Psy.link\",\"url\":\"https:\/\/www.psy.link\/blog\/\",\"logo\":{\"@type\":\"ImageObject\",\"inLanguage\":\"fr-FR\",\"@id\":\"https:\/\/www.psy.link\/blog\/#\/schema\/logo\/image\/\",\"url\":\"https:\/\/www.psy.link\/blog\/wp-content\/uploads\/2022\/06\/full_logo.png\",\"contentUrl\":\"https:\/\/www.psy.link\/blog\/wp-content\/uploads\/2022\/06\/full_logo.png\",\"width\":2461,\"height\":1642,\"caption\":\"Psy.link\"},\"image\":{\"@id\":\"https:\/\/www.psy.link\/blog\/#\/schema\/logo\/image\/\"},\"sameAs\":[\"https:\/\/www.facebook.com\/psy.link.therapie\/\",\"https:\/\/x.com\/Psylink_tcc\",\"https:\/\/www.instagram.com\/psy.link_\/\",\"https:\/\/www.linkedin.com\/company\/psy-link-therapie\"]},{\"@type\":\"Person\",\"@id\":\"https:\/\/www.psy.link\/blog\/#\/schema\/person\/8767b1e672ba0c905256571afaef2f2c\",\"name\":\"Auteur Invit\u00e9\",\"url\":\"https:\/\/www.psy.link\/blog\/author\/auteurinvite\/\"}]}<\/script>\n<!-- \/ Yoast SEO plugin. -->","yoast_head_json":{"title":"L'agoraphobie, qu'est-ce que c'est ? | Blog Psy.link","description":"L'agoraphobie est un trouble anxieux caract\u00e9ris\u00e9 par une peur intense et irraisonn\u00e9e de se retrouver dans des lieux publics ou ouverts.","robots":{"index":"index","follow":"follow","max-snippet":"max-snippet:-1","max-image-preview":"max-image-preview:large","max-video-preview":"max-video-preview:-1"},"canonical":"https:\/\/www.psy.link\/blog\/2023\/01\/10\/quest-ce-que-agoraphobie\/","og_locale":"fr_FR","og_type":"article","og_title":"L'agoraphobie, qu'est-ce que c'est ? | Blog Psy.link","og_description":"L'agoraphobie est un trouble anxieux caract\u00e9ris\u00e9 par une peur intense et irraisonn\u00e9e de se retrouver dans des lieux publics ou ouverts.","og_url":"https:\/\/www.psy.link\/blog\/2023\/01\/10\/quest-ce-que-agoraphobie\/","og_site_name":"Blog Psy.link","article_publisher":"https:\/\/www.facebook.com\/psy.link.therapie\/","article_published_time":"2023-01-10T17:05:16+00:00","article_modified_time":"2026-02-13T10:50:16+00:00","og_image":[{"width":600,"height":400,"url":"https:\/\/www.psy.link\/blog\/wp-content\/uploads\/2023\/01\/3.jpg","type":"image\/jpeg"}],"author":"Auteur Invit\u00e9","twitter_card":"summary_large_image","twitter_creator":"@Psylink_tcc","twitter_site":"@Psylink_tcc","twitter_misc":{"\u00c9crit par":"Auteur Invit\u00e9","Dur\u00e9e de lecture estim\u00e9e":"8 minutes"},"schema":{"@context":"https:\/\/schema.org","@graph":[{"@type":"Article","@id":"https:\/\/www.psy.link\/blog\/2023\/01\/10\/quest-ce-que-agoraphobie\/#article","isPartOf":{"@id":"https:\/\/www.psy.link\/blog\/2023\/01\/10\/quest-ce-que-agoraphobie\/"},"author":{"name":"Auteur Invit\u00e9","@id":"https:\/\/www.psy.link\/blog\/#\/schema\/person\/8767b1e672ba0c905256571afaef2f2c"},"headline":"L&rsquo;agoraphobie, qu&rsquo;est-ce que c&rsquo;est ?","datePublished":"2023-01-10T17:05:16+00:00","dateModified":"2026-02-13T10:50:16+00:00","mainEntityOfPage":{"@id":"https:\/\/www.psy.link\/blog\/2023\/01\/10\/quest-ce-que-agoraphobie\/"},"wordCount":1712,"publisher":{"@id":"https:\/\/www.psy.link\/blog\/#organization"},"image":{"@id":"https:\/\/www.psy.link\/blog\/2023\/01\/10\/quest-ce-que-agoraphobie\/#primaryimage"},"thumbnailUrl":"https:\/\/www.psy.link\/blog\/wp-content\/uploads\/2023\/01\/3.jpg","articleSection":["Anxi\u00e9t\u00e9"],"inLanguage":"fr-FR"},{"@type":"WebPage","@id":"https:\/\/www.psy.link\/blog\/2023\/01\/10\/quest-ce-que-agoraphobie\/","url":"https:\/\/www.psy.link\/blog\/2023\/01\/10\/quest-ce-que-agoraphobie\/","name":"L'agoraphobie, qu'est-ce que c'est ? | Blog Psy.link","isPartOf":{"@id":"https:\/\/www.psy.link\/blog\/#website"},"primaryImageOfPage":{"@id":"https:\/\/www.psy.link\/blog\/2023\/01\/10\/quest-ce-que-agoraphobie\/#primaryimage"},"image":{"@id":"https:\/\/www.psy.link\/blog\/2023\/01\/10\/quest-ce-que-agoraphobie\/#primaryimage"},"thumbnailUrl":"https:\/\/www.psy.link\/blog\/wp-content\/uploads\/2023\/01\/3.jpg","datePublished":"2023-01-10T17:05:16+00:00","dateModified":"2026-02-13T10:50:16+00:00","description":"L'agoraphobie est un trouble anxieux caract\u00e9ris\u00e9 par une peur intense et irraisonn\u00e9e de se retrouver dans des lieux publics ou ouverts.","breadcrumb":{"@id":"https:\/\/www.psy.link\/blog\/2023\/01\/10\/quest-ce-que-agoraphobie\/#breadcrumb"},"inLanguage":"fr-FR","potentialAction":[{"@type":"ReadAction","target":["https:\/\/www.psy.link\/blog\/2023\/01\/10\/quest-ce-que-agoraphobie\/"]}]},{"@type":"ImageObject","inLanguage":"fr-FR","@id":"https:\/\/www.psy.link\/blog\/2023\/01\/10\/quest-ce-que-agoraphobie\/#primaryimage","url":"https:\/\/www.psy.link\/blog\/wp-content\/uploads\/2023\/01\/3.jpg","contentUrl":"https:\/\/www.psy.link\/blog\/wp-content\/uploads\/2023\/01\/3.jpg","width":600,"height":400},{"@type":"BreadcrumbList","@id":"https:\/\/www.psy.link\/blog\/2023\/01\/10\/quest-ce-que-agoraphobie\/#breadcrumb","itemListElement":[{"@type":"ListItem","position":1,"name":"Accueil","item":"https:\/\/www.psy.link\/blog\/"},{"@type":"ListItem","position":2,"name":"L&rsquo;agoraphobie, qu&rsquo;est-ce que c&rsquo;est ?"}]},{"@type":"WebSite","@id":"https:\/\/www.psy.link\/blog\/#website","url":"https:\/\/www.psy.link\/blog\/","name":"Blog Psy.link","description":"Votre guide pour comprendre la psychologie et cultiver votre sant\u00e9 mentale","publisher":{"@id":"https:\/\/www.psy.link\/blog\/#organization"},"potentialAction":[{"@type":"SearchAction","target":{"@type":"EntryPoint","urlTemplate":"https:\/\/www.psy.link\/blog\/?s={search_term_string}"},"query-input":{"@type":"PropertyValueSpecification","valueRequired":true,"valueName":"search_term_string"}}],"inLanguage":"fr-FR"},{"@type":"Organization","@id":"https:\/\/www.psy.link\/blog\/#organization","name":"Psy.link","url":"https:\/\/www.psy.link\/blog\/","logo":{"@type":"ImageObject","inLanguage":"fr-FR","@id":"https:\/\/www.psy.link\/blog\/#\/schema\/logo\/image\/","url":"https:\/\/www.psy.link\/blog\/wp-content\/uploads\/2022\/06\/full_logo.png","contentUrl":"https:\/\/www.psy.link\/blog\/wp-content\/uploads\/2022\/06\/full_logo.png","width":2461,"height":1642,"caption":"Psy.link"},"image":{"@id":"https:\/\/www.psy.link\/blog\/#\/schema\/logo\/image\/"},"sameAs":["https:\/\/www.facebook.com\/psy.link.therapie\/","https:\/\/x.com\/Psylink_tcc","https:\/\/www.instagram.com\/psy.link_\/","https:\/\/www.linkedin.com\/company\/psy-link-therapie"]},{"@type":"Person","@id":"https:\/\/www.psy.link\/blog\/#\/schema\/person\/8767b1e672ba0c905256571afaef2f2c","name":"Auteur Invit\u00e9","url":"https:\/\/www.psy.link\/blog\/author\/auteurinvite\/"}]}},"uagb_featured_image_src":{"full":["https:\/\/www.psy.link\/blog\/wp-content\/uploads\/2023\/01\/3.jpg",600,400,false],"thumbnail":["https:\/\/www.psy.link\/blog\/wp-content\/uploads\/2023\/01\/3-150x150.jpg",150,150,true],"medium":["https:\/\/www.psy.link\/blog\/wp-content\/uploads\/2023\/01\/3-300x200.jpg",300,200,true],"medium_large":["https:\/\/www.psy.link\/blog\/wp-content\/uploads\/2023\/01\/3.jpg",600,400,false],"large":["https:\/\/www.psy.link\/blog\/wp-content\/uploads\/2023\/01\/3.jpg",600,400,false],"1536x1536":["https:\/\/www.psy.link\/blog\/wp-content\/uploads\/2023\/01\/3.jpg",600,400,false],"2048x2048":["https:\/\/www.psy.link\/blog\/wp-content\/uploads\/2023\/01\/3.jpg",600,400,false]},"uagb_author_info":{"display_name":"Auteur Invit\u00e9","author_link":"https:\/\/www.psy.link\/blog\/author\/auteurinvite\/"},"uagb_comment_info":0,"uagb_excerpt":"Cet article relatif \u00e0 l&rsquo;agoraphobie a \u00e9t\u00e9 relu et v\u00e9rifi\u00e9 par Linda Kempe, psychologue clinicienne et psychoth\u00e9rapeute ACT. L&rsquo;agoraphobie est un trouble anxieux caract\u00e9ris\u00e9 par une peur intense et irraisonn\u00e9e de se retrouver dans des situations ou des lieux publics ou ouverts. Les personnes agoraphobes peuvent \u00e9prouver de la peur dans des situations telles que\u2026","_links":{"self":[{"href":"https:\/\/www.psy.link\/blog\/wp-json\/wp\/v2\/posts\/5225","targetHints":{"allow":["GET"]}}],"collection":[{"href":"https:\/\/www.psy.link\/blog\/wp-json\/wp\/v2\/posts"}],"about":[{"href":"https:\/\/www.psy.link\/blog\/wp-json\/wp\/v2\/types\/post"}],"author":[{"embeddable":true,"href":"https:\/\/www.psy.link\/blog\/wp-json\/wp\/v2\/users\/14"}],"replies":[{"embeddable":true,"href":"https:\/\/www.psy.link\/blog\/wp-json\/wp\/v2\/comments?post=5225"}],"version-history":[{"count":39,"href":"https:\/\/www.psy.link\/blog\/wp-json\/wp\/v2\/posts\/5225\/revisions"}],"predecessor-version":[{"id":14528,"href":"https:\/\/www.psy.link\/blog\/wp-json\/wp\/v2\/posts\/5225\/revisions\/14528"}],"wp:featuredmedia":[{"embeddable":true,"href":"https:\/\/www.psy.link\/blog\/wp-json\/wp\/v2\/media\/5237"}],"wp:attachment":[{"href":"https:\/\/www.psy.link\/blog\/wp-json\/wp\/v2\/media?parent=5225"}],"wp:term":[{"taxonomy":"category","embeddable":true,"href":"https:\/\/www.psy.link\/blog\/wp-json\/wp\/v2\/categories?post=5225"},{"taxonomy":"post_tag","embeddable":true,"href":"https:\/\/www.psy.link\/blog\/wp-json\/wp\/v2\/tags?post=5225"}],"curies":[{"name":"wp","href":"https:\/\/api.w.org\/{rel}","templated":true}]}}