{"id":551,"date":"2020-02-29T10:04:04","date_gmt":"2020-02-29T09:04:04","guid":{"rendered":"https:\/\/www.psy.link\/blog\/?p=551"},"modified":"2026-01-28T14:39:13","modified_gmt":"2026-01-28T13:39:13","slug":"rapport-psychologues-profession-sante","status":"publish","type":"post","link":"https:\/\/www.psy.link\/blog\/2020\/02\/29\/rapport-psychologues-profession-sante\/","title":{"rendered":"Psychologue clinicien, profession de sant\u00e9?"},"content":{"rendered":"\n<p><strong>Ordre des psychologues? Code de d\u00e9ontologie opposable? \u00c7a pourrait changer bient\u00f4t! Le rapport de l&rsquo;Inspection G\u00e9n\u00e9rale des Affaires <\/strong> <strong>Sociales<\/strong><\/p>\n\n\n\n<p><\/p>\n\n\n\n<blockquote class=\"wp-block-quote is-layout-flow wp-block-quote-is-layout-flow\">\n<p>Notre profession de psychologue est en pleine \u00e9volution. Le d\u00e9bat actuel initi\u00e9 par une inad\u00e9quation de l&rsquo;offre de prise en charge avance. En effet, la demande de soins psychiques en France est en croissance et une r\u00e9flexion au niveau national est en cours. Adapter une prise en charge \u00e0 la situation actuelle semble primordiale. L&rsquo;Inspection G\u00e9n\u00e9rale des Affaires Sociales vient de publier le rapport avec les propositions pour changer notre profession.<\/p>\n<\/blockquote>\n\n\n\n<h2 class=\"wp-block-heading\"><strong><em>Inad\u00e9quation de l&rsquo;offre de soin<\/em><\/strong><\/h2>\n\n\n\n<p>Nous suivons de pr\u00e8s l&rsquo;avancement des dispositifs des exp\u00e9rimentations des psychoth\u00e9rapies et le d\u00e9bat quant au r\u00f4le du psychologue dans le syst\u00e8me de sant\u00e9 actuel. En effet, le rapport de <a href=\"http:\/\/www.igas.gouv.fr\/spip.php?article766\">l\u2019IGAS (Inspection G\u00e9n\u00e9rale des Affaires Sociales)<\/a>  fait \u00e9tat d\u2019une&nbsp;demande croissante de soins psychiques en France. Les troubles psychiques sont en forte croissance et de plus en plus complexes. Ils occupent une place devenue centrale au plan de la sant\u00e9.&nbsp;&nbsp;Ainsi, une red\u00e9finition de la place et du r\u00f4le du psychologue dans le syst\u00e8me de soins fran\u00e7ais s\u2019impose.&nbsp;<\/p>\n\n\n\n<p>Dans ce contexte d\u2019inflation de la demande et d\u2019inad\u00e9quation de l\u2019offre, la prise en charge des troubles psychiques est devenue un enjeu majeur, aussi bien financier que sanitaire. Actuellement, les principes de prise en charge reposent principalement sur une approche m\u00e9dicale. Les troubles psychiques sont trop souvent trait\u00e9es seulement avec des m\u00e9dicaments et pas assez par une prise en charge du psychologue.&nbsp;<\/p>\n\n\n\n<div class=\"wp-block-columns is-layout-flex wp-container-core-columns-is-layout-28f84493 wp-block-columns-is-layout-flex\">\n<div class=\"wp-block-column is-vertically-aligned-stretch has-ast-global-color-4-background-color has-background is-layout-flow wp-block-column-is-layout-flow\" style=\"padding-top:var(--wp--preset--spacing--20);padding-right:var(--wp--preset--spacing--20);padding-bottom:var(--wp--preset--spacing--20);padding-left:var(--wp--preset--spacing--20)\">\n<div class=\"wp-block-group is-nowrap is-layout-flex wp-container-core-group-is-layout-6c531013 wp-block-group-is-layout-flex\">\n<figure class=\"wp-block-image aligncenter size-full is-resized\"><img decoding=\"async\" width=\"400\" height=\"600\" src=\"https:\/\/www.psy.link\/blog\/wp-content\/uploads\/2025\/11\/9.png\" alt=\"\" class=\"wp-image-14284\" style=\"width:170px;height:auto\" srcset=\"https:\/\/www.psy.link\/blog\/wp-content\/uploads\/2025\/11\/9.png 400w, https:\/\/www.psy.link\/blog\/wp-content\/uploads\/2025\/11\/9-200x300.png 200w\" sizes=\"(max-width: 400px) 100vw, 400px\" \/><\/figure>\n\n\n\n<div class=\"wp-block-uagb-call-to-action uagb-block-4806f25e wp-block-button\"><div class=\"uagb-cta__wrap\"><h2 class=\"uagb-cta__title\"><strong>Trouvez un psychologue TCC qualifi\u00e9 pr\u00e8s de chez vous<\/strong><\/h2><p class=\"uagb-cta__desc\">L\u2019annuaire national Psy.link regroupe des praticiens form\u00e9s et v\u00e9rifi\u00e9s, disponibles rapidement.<\/p><\/div><div class=\"uagb-cta__buttons\"><a href=\"https:\/\/app.psy.link\/psychologues-tcc\" class=\"uagb-cta__button-link-wrapper wp-block-button__link\" target=\"_blank\" rel=\"noopener noreferrer\">\ud83d\udd0e Consulter l\u2019annuaire<\/a><\/div><\/div>\n<\/div>\n<\/div>\n<\/div>\n\n\n\n<h2 class=\"wp-block-heading\"><strong><span><i>Exp\u00e9rimentations des remboursements<\/i><\/span><\/strong><\/h2>\n\n\n\n<p>L\u2019IGAS a examin\u00e9 l\u2019\u00e9tat d\u2019avancement des exp\u00e9rimentations de remboursement des psychoth\u00e9rapies en place actuellement en France. Ces dispositifs visent \u00e0 am\u00e9liorer les r\u00e9ponses \u00e0 la souffrance psychique en renfor\u00e7ant l\u2019orientation des patients et en facilitant l\u2019exercice pluridisciplinaire coordonn\u00e9.&nbsp;Ils donnent des indications positives quant \u00e0 l&rsquo;utilisation de la psychoth\u00e9rapie. Ils montrent que la collaboration avec les autres professionnels de la sant\u00e9 est possible.  Les conditions d\u2019admission au remboursement par l\u2019assurance maladie pour les psychologues cliniciens qui le souhaitent (ceux qui accepteraient de devenir \u00ab\u00a0professionnels de sant\u00e9\u00a0\u00bb via une formation suppl\u00e9mentaire) doivent \u00eatre pr\u00e9cis\u00e9es.&nbsp; <\/p>\n\n\n\n<figure class=\"wp-block-image aligncenter size-large is-resized\"><img decoding=\"async\" width=\"1024\" height=\"683\" src=\"https:\/\/www.psy.link\/blog\/wp-content\/uploads\/2020\/02\/21447272_m-1-1024x683.jpg\" alt=\"Consultation psychologue th\u00e9rapie cognitive et comportementale\" class=\"wp-image-553\" style=\"width:641px;height:501px\" srcset=\"https:\/\/www.psy.link\/blog\/wp-content\/uploads\/2020\/02\/21447272_m-1-1024x683.jpg 1024w, https:\/\/www.psy.link\/blog\/wp-content\/uploads\/2020\/02\/21447272_m-1-300x200.jpg 300w, https:\/\/www.psy.link\/blog\/wp-content\/uploads\/2020\/02\/21447272_m-1-768x512.jpg 768w, https:\/\/www.psy.link\/blog\/wp-content\/uploads\/2020\/02\/21447272_m-1-1536x1024.jpg 1536w, https:\/\/www.psy.link\/blog\/wp-content\/uploads\/2020\/02\/21447272_m-1.jpg 2048w\" sizes=\"(max-width: 1024px) 100vw, 1024px\" \/><\/figure>\n\n\n\n<h2 class=\"wp-block-heading\"><strong><em><span><i>La formation <\/i><\/span>du psychologue<\/em><\/strong> <strong><em>clinicien<\/em><\/strong><\/h2>\n\n\n\n<p>Le rapport de l&rsquo;IGAS souligne que&nbsp;<strong>la formation des psychologues est \u00e9loign\u00e9e du syst\u00e8me de soins et la place et le r\u00f4le des psychologues cliniciens sont mal d\u00e9finis<\/strong>. Dans le respect de l\u2019autonomie des universit\u00e9s, il faudra s\u2019assurer des comp\u00e9tences des praticiens et pr\u00e9ciser leur cadre d\u2019activit\u00e9. Il est n\u00e9cessaire de s\u2019assurer des comp\u00e9tences th\u00e9oriques et cliniques requises. Il faut construire un cadre juridique d\u2019activit\u00e9 et cr\u00e9er les conditions d\u2019un remboursement par l\u2019assurance maladie.<\/p>\n\n\n\n<p>Aussi, la dur\u00e9e des stages doit \u00eatre allong\u00e9e, leurs conditions d\u2019agr\u00e9ment pr\u00e9cis\u00e9es et la labellisation des pratiques organis\u00e9e. <\/p>\n\n\n\n<div class=\"wp-block-group is-layout-constrained wp-block-group-is-layout-constrained\"><div class=\"wp-block-group__inner-container\">\n<div class=\"wp-block-columns is-layout-flex wp-container-core-columns-is-layout-28f84493 wp-block-columns-is-layout-flex\">\n<div class=\"wp-block-column is-layout-flow wp-block-column-is-layout-flow\" style=\"flex-basis:100%\">\n<div class=\"wp-block-uagb-container uagb-layout-grid uagb-block-6588ff3e alignfull uagb-is-root-container\">\n<div class=\"wp-block-uagb-container uagb-block-22367a12\">\n<div class=\"wp-block-uagb-call-to-action uagb-block-0bd688a4 wp-block-button\"><div class=\"uagb-cta__wrap\"><h3 class=\"uagb-cta__title\"><strong>Prenez rendez-vous avec un psychologue TCC v\u00e9rifi\u00e9<\/strong><\/h3><p class=\"uagb-cta__desc\">Des psychologues form\u00e9s, disponibles rapidement, pour une prise en charge efficace d\u00e8s la premi\u00e8re s\u00e9ance.<\/p><\/div><div class=\"uagb-cta__buttons\"><a href=\"https:\/\/app.psy.link\/psychologues-tcc\" class=\"uagb-cta__button-link-wrapper wp-block-button__link\" target=\"_self\" rel=\"noopener noreferrer\">\ud83d\udc49 Trouver un psychologue TCC maintenant<\/a><\/div><\/div>\n<\/div>\n<\/div>\n<\/div>\n<\/div>\n<\/div><\/div>\n\n\n\n<h2 class=\"wp-block-heading\"><strong><em>Un code de d\u00e9ontologie opposable<\/em><\/strong><\/h2>\n\n\n\n<p>Les experts de l&rsquo;IGAS proposent qu&rsquo;un code de d\u00e9ontologie opposable soit adopt\u00e9 dont il faudra tirer les cons\u00e9quences institutionnelles. Ces \u00e9volutions devront s\u2019inscrire dans une r\u00e9ponse sanitaire par niveaux. <\/p>\n\n\n\n<figure class=\"wp-block-image aligncenter size-large is-resized\"><img decoding=\"async\" width=\"1024\" height=\"683\" src=\"https:\/\/www.psy.link\/blog\/wp-content\/uploads\/2020\/02\/93360913_m-1-1024x683.jpg\" alt=\"Th\u00e9rapies efficaces \" class=\"wp-image-555\" style=\"width:640px;height:500px\" srcset=\"https:\/\/www.psy.link\/blog\/wp-content\/uploads\/2020\/02\/93360913_m-1-1024x683.jpg 1024w, https:\/\/www.psy.link\/blog\/wp-content\/uploads\/2020\/02\/93360913_m-1-300x200.jpg 300w, https:\/\/www.psy.link\/blog\/wp-content\/uploads\/2020\/02\/93360913_m-1-768x512.jpg 768w, https:\/\/www.psy.link\/blog\/wp-content\/uploads\/2020\/02\/93360913_m-1-1536x1024.jpg 1536w, https:\/\/www.psy.link\/blog\/wp-content\/uploads\/2020\/02\/93360913_m-1.jpg 2048w\" sizes=\"(max-width: 1024px) 100vw, 1024px\" \/><\/figure>\n\n\n\n<h2 class=\"wp-block-heading\"><strong><em>La profession (de psychologue clinicien?) doit s&rsquo;organiser.<\/em><\/strong><\/h2>\n\n\n\n<p>En tout \u00e9tat de cause, les psychologues,&nbsp;<strong>au-del\u00e0 de la diversit\u00e9 de leurs formations et pratiques, doivent poser un regard conjoint sur les risques et d\u00e9fis qui se pr\u00e9sentent \u00e0 leur profession<\/strong>&nbsp;:<\/p>\n\n\n\n<ul class=\"wp-block-list\">\n<li>Demeurer en dehors de la communaut\u00e9 des professionnels de la sant\u00e9 avec le risque de voir d\u2019autres professions apporter une r\u00e9ponse \u00e0 la souffrance psychique conforme aux garanties (sanitaires, mais aussi juridiques ; pour les malades comme pour les professionnels) qu\u2019apportent les r\u00e8gles contenues dans le code de la sant\u00e9 ;<\/li>\n\n\n\n<li>Organiser la profession afin que soient assur\u00e9es la libert\u00e9 des approches de soins ; une \u00e9valuation adapt\u00e9e mais r\u00e9elle de ces derni\u00e8res et une coordination fonctionnelle et territoriale avec les autres acteurs de sant\u00e9. Pour y parvenir, un code r\u00e9ellement opposable de d\u00e9ontologie, une instance garantissant son respect et s\u2019assurant d\u2019une supervision des pratiques entre pairs constitue une \u00e9tape que beaucoup des psychologues rencontr\u00e9s estiment n\u00e9cessaire.<\/li>\n<\/ul>\n\n\n\n<h2 class=\"wp-block-heading\"><strong><em>Les recommandations&nbsp;<\/em><\/strong><\/h2>\n\n\n\n<p>L&rsquo;IGAS donne cinq recommandations prioritaires pour la suite de la mission avec des \u00e9ch\u00e9ances qui sont au plus tard en 2021. Vous pouvez trouver les autres ici : <a href=\"http:\/\/www.igas.gouv.fr\/spip.php?article766\">RAPPORT IGAS<\/a><\/p>\n\n\n\n<figure class=\"wp-block-table\"><table><tbody><tr><td>1<\/td><td>Cr\u00e9er des dipl\u00f4mes universitaires ou interuniversitaires permettant aux psychologues se destinant \u00e0 la pratique clinique de connaitre l\u2019ensemble des approches, de s\u2019approprier des modules th\u00e9rapeutiques \u00e9valu\u00e9s ainsi que des instruments de d\u00e9marche d\u2019\u00e9valuation scientifique.&nbsp;<\/td><\/tr><tr><td>2<\/td><td>Pr\u00e9voir un dispositif de lab\u00e9lisation par les autorit\u00e9s sanitaires afin de prendre en compte les flux (formation initiale) et les stocks (validation des acquis d\u2019exp\u00e9rience -VAE-) de psychologues cliniciens susceptibles d\u2019intervenir dans les parcours de soins coordonn\u00e9s.&nbsp;<\/td><\/tr><tr><td>3<\/td><td>A partir des fichiers ADELI et des labellisations ARS, pr\u00e9ciser le nombre et la r\u00e9partition g\u00e9ographique des psychologues cliniciens mobilisables pour participer au parcours de soins coordonn\u00e9s.&nbsp;<\/td><\/tr><tr><td>4<\/td><td>Doter l\u2019ensemble de la profession de psychologues ayant un exercice clinique d\u2019un code de d\u00e9ontologie opposable.&nbsp;<\/td><\/tr><tr><td>5<\/td><td>Conditionner l\u2019ouverture au remboursement de l\u2019activit\u00e9 des psychologues cliniciens, pour ceux qui le souhaitent, \u00e0 l\u2019acceptation d\u2019un cadre juridique et de modalit\u00e9s d\u2019intervention th\u00e9rapeutiques compatibles avec celles des autres professions de la sant\u00e9 et les r\u00e8gles du parcours de soins coordonn\u00e9s.&nbsp;<\/td><\/tr><\/tbody><\/table><\/figure>\n\n\n\n<blockquote class=\"wp-block-quote is-layout-flow wp-block-quote-is-layout-flow\">\n<p>Une revalorisation de notre profession serait en effet souhaitable, afin d&rsquo;y arriver, nous devons r\u00e9fl\u00e9chir ensemble afin d&rsquo;inciter les autorit\u00e9s \u00e0 prendre les bonnes d\u00e9cisions!<\/p>\n<cite>Pierluigi Graziani<\/cite><\/blockquote>\n\n\n\n<p><\/p>\n","protected":false},"excerpt":{"rendered":"<p>Ordre des psychologues? Code de d\u00e9ontologie opposable? \u00c7a pourrait changer bient\u00f4t! Le rapport de l&rsquo;Inspection G\u00e9n\u00e9rale des Affaires Sociales Notre profession de psychologue est en pleine \u00e9volution. Le d\u00e9bat actuel initi\u00e9 par une inad\u00e9quation de l&rsquo;offre de prise en charge avance. En effet, la demande de soins psychiques en France est en croissance et une [&hellip;]<\/p>\n","protected":false},"author":6,"featured_media":559,"comment_status":"open","ping_status":"closed","sticky":false,"template":"","format":"standard","meta":{"_uag_custom_page_level_css":"","_exactmetrics_skip_tracking":false,"_exactmetrics_sitenote_active":false,"_exactmetrics_sitenote_note":"","_exactmetrics_sitenote_category":0,"site-sidebar-layout":"default","site-content-layout":"default","ast-site-content-layout":"default","site-content-style":"default","site-sidebar-style":"default","ast-global-header-display":"","ast-banner-title-visibility":"","ast-main-header-display":"","ast-hfb-above-header-display":"","ast-hfb-below-header-display":"","ast-hfb-mobile-header-display":"","site-post-title":"","ast-breadcrumbs-content":"","ast-featured-img":"","footer-sml-layout":"","theme-transparent-header-meta":"default","adv-header-id-meta":"","stick-header-meta":"default","header-above-stick-meta":"","header-main-stick-meta":"","header-below-stick-meta":"","astra-migrate-meta-layouts":"set","ast-page-background-enabled":"default","ast-page-background-meta":{"desktop":{"background-color":"","background-image":"","background-repeat":"repeat","background-position":"center center","background-size":"auto","background-attachment":"scroll","background-type":"","background-media":"","overlay-type":"","overlay-color":"","overlay-opacity":"","overlay-gradient":""},"tablet":{"background-color":"","background-image":"","background-repeat":"repeat","background-position":"center center","background-size":"auto","background-attachment":"scroll","background-type":"","background-media":"","overlay-type":"","overlay-color":"","overlay-opacity":"","overlay-gradient":""},"mobile":{"background-color":"","background-image":"","background-repeat":"repeat","background-position":"center center","background-size":"auto","background-attachment":"scroll","background-type":"","background-media":"","overlay-type":"","overlay-color":"","overlay-opacity":"","overlay-gradient":""}},"ast-content-background-meta":{"desktop":{"background-color":"var(--ast-global-color-5)","background-image":"","background-repeat":"repeat","background-position":"center center","background-size":"auto","background-attachment":"scroll","background-type":"","background-media":"","overlay-type":"","overlay-color":"","overlay-opacity":"","overlay-gradient":""},"tablet":{"background-color":"var(--ast-global-color-5)","background-image":"","background-repeat":"repeat","background-position":"center center","background-size":"auto","background-attachment":"scroll","background-type":"","background-media":"","overlay-type":"","overlay-color":"","overlay-opacity":"","overlay-gradient":""},"mobile":{"background-color":"var(--ast-global-color-5)","background-image":"","background-repeat":"repeat","background-position":"center center","background-size":"auto","background-attachment":"scroll","background-type":"","background-media":"","overlay-type":"","overlay-color":"","overlay-opacity":"","overlay-gradient":""}},"footnotes":""},"categories":[30],"tags":[],"class_list":["post-551","post","type-post","status-publish","format-standard","has-post-thumbnail","hentry","category-actualites-psychologues"],"yoast_head":"<!-- This site is optimized with the Yoast SEO plugin v26.2 - https:\/\/yoast.com\/wordpress\/plugins\/seo\/ -->\n<title>Psychologue clinicien, profession de sant\u00e9? | Psy.link<\/title>\n<meta name=\"description\" content=\"Notre profession de psychologue est en pleine \u00e9volution. La demande de soins psychiques est en croissance et une r\u00e9flexion au niveau national est en cours.\" \/>\n<meta name=\"robots\" content=\"index, follow, max-snippet:-1, max-image-preview:large, max-video-preview:-1\" \/>\n<link rel=\"canonical\" href=\"https:\/\/www.psy.link\/blog\/2020\/02\/29\/rapport-psychologues-profession-sante\/\" \/>\n<meta property=\"og:locale\" content=\"fr_FR\" \/>\n<meta property=\"og:type\" content=\"article\" \/>\n<meta property=\"og:title\" content=\"Comment donner du sens \u00e0 sa vie?\" \/>\n<meta property=\"og:description\" content=\"R\u00e9flexions guid\u00e9es sur le bonheur &amp; nos valeurs avec Pierluigi Graziani.\" \/>\n<meta property=\"og:url\" content=\"https:\/\/www.psy.link\/blog\/2020\/02\/29\/rapport-psychologues-profession-sante\/\" \/>\n<meta property=\"og:site_name\" content=\"Blog Psy.link\" \/>\n<meta property=\"article:publisher\" content=\"https:\/\/www.facebook.com\/psy.link.therapie\/\" \/>\n<meta property=\"article:published_time\" content=\"2020-02-29T09:04:04+00:00\" \/>\n<meta property=\"article:modified_time\" content=\"2026-01-28T13:39:13+00:00\" \/>\n<meta property=\"og:image\" content=\"https:\/\/www.psy.link\/blog\/wp-content\/uploads\/2020\/02\/pierluigi-graziai-donne-du-sens-a-ta-vie.jpg\" \/>\n\t<meta property=\"og:image:width\" content=\"1200\" \/>\n\t<meta property=\"og:image:height\" content=\"630\" \/>\n\t<meta property=\"og:image:type\" content=\"image\/jpeg\" \/>\n<meta name=\"author\" content=\"Linda Kempe\" \/>\n<meta name=\"twitter:card\" content=\"summary_large_image\" \/>\n<meta name=\"twitter:creator\" content=\"@Psylink_tcc\" \/>\n<meta name=\"twitter:site\" content=\"@Psylink_tcc\" \/>\n<meta name=\"twitter:label1\" content=\"\u00c9crit par\" \/>\n\t<meta name=\"twitter:data1\" content=\"Linda Kempe\" \/>\n\t<meta name=\"twitter:label2\" content=\"Dur\u00e9e de lecture estim\u00e9e\" \/>\n\t<meta name=\"twitter:data2\" content=\"5 minutes\" \/>\n<script type=\"application\/ld+json\" class=\"yoast-schema-graph\">{\"@context\":\"https:\/\/schema.org\",\"@graph\":[{\"@type\":\"Article\",\"@id\":\"https:\/\/www.psy.link\/blog\/2020\/02\/29\/rapport-psychologues-profession-sante\/#article\",\"isPartOf\":{\"@id\":\"https:\/\/www.psy.link\/blog\/2020\/02\/29\/rapport-psychologues-profession-sante\/\"},\"author\":{\"name\":\"Linda Kempe\",\"@id\":\"https:\/\/www.psy.link\/blog\/#\/schema\/person\/42e87036448e52b90611c0559a5f005a\"},\"headline\":\"Psychologue clinicien, profession de sant\u00e9?\",\"datePublished\":\"2020-02-29T09:04:04+00:00\",\"dateModified\":\"2026-01-28T13:39:13+00:00\",\"mainEntityOfPage\":{\"@id\":\"https:\/\/www.psy.link\/blog\/2020\/02\/29\/rapport-psychologues-profession-sante\/\"},\"wordCount\":993,\"commentCount\":0,\"publisher\":{\"@id\":\"https:\/\/www.psy.link\/blog\/#organization\"},\"image\":{\"@id\":\"https:\/\/www.psy.link\/blog\/2020\/02\/29\/rapport-psychologues-profession-sante\/#primaryimage\"},\"thumbnailUrl\":\"https:\/\/www.psy.link\/blog\/wp-content\/uploads\/2020\/02\/waldemar-brandt-3zml4wkcZis-unsplash-1.jpg\",\"articleSection\":[\"Actualit\u00e9s psychologues\"],\"inLanguage\":\"fr-FR\",\"potentialAction\":[{\"@type\":\"CommentAction\",\"name\":\"Comment\",\"target\":[\"https:\/\/www.psy.link\/blog\/2020\/02\/29\/rapport-psychologues-profession-sante\/#respond\"]}]},{\"@type\":\"WebPage\",\"@id\":\"https:\/\/www.psy.link\/blog\/2020\/02\/29\/rapport-psychologues-profession-sante\/\",\"url\":\"https:\/\/www.psy.link\/blog\/2020\/02\/29\/rapport-psychologues-profession-sante\/\",\"name\":\"Psychologue clinicien, profession de sant\u00e9? | Psy.link\",\"isPartOf\":{\"@id\":\"https:\/\/www.psy.link\/blog\/#website\"},\"primaryImageOfPage\":{\"@id\":\"https:\/\/www.psy.link\/blog\/2020\/02\/29\/rapport-psychologues-profession-sante\/#primaryimage\"},\"image\":{\"@id\":\"https:\/\/www.psy.link\/blog\/2020\/02\/29\/rapport-psychologues-profession-sante\/#primaryimage\"},\"thumbnailUrl\":\"https:\/\/www.psy.link\/blog\/wp-content\/uploads\/2020\/02\/waldemar-brandt-3zml4wkcZis-unsplash-1.jpg\",\"datePublished\":\"2020-02-29T09:04:04+00:00\",\"dateModified\":\"2026-01-28T13:39:13+00:00\",\"description\":\"Notre profession de psychologue est en pleine \u00e9volution. La demande de soins psychiques est en croissance et une r\u00e9flexion au niveau national est en cours.\",\"breadcrumb\":{\"@id\":\"https:\/\/www.psy.link\/blog\/2020\/02\/29\/rapport-psychologues-profession-sante\/#breadcrumb\"},\"inLanguage\":\"fr-FR\",\"potentialAction\":[{\"@type\":\"ReadAction\",\"target\":[\"https:\/\/www.psy.link\/blog\/2020\/02\/29\/rapport-psychologues-profession-sante\/\"]}]},{\"@type\":\"ImageObject\",\"inLanguage\":\"fr-FR\",\"@id\":\"https:\/\/www.psy.link\/blog\/2020\/02\/29\/rapport-psychologues-profession-sante\/#primaryimage\",\"url\":\"https:\/\/www.psy.link\/blog\/wp-content\/uploads\/2020\/02\/waldemar-brandt-3zml4wkcZis-unsplash-1.jpg\",\"contentUrl\":\"https:\/\/www.psy.link\/blog\/wp-content\/uploads\/2020\/02\/waldemar-brandt-3zml4wkcZis-unsplash-1.jpg\",\"width\":750,\"height\":500},{\"@type\":\"BreadcrumbList\",\"@id\":\"https:\/\/www.psy.link\/blog\/2020\/02\/29\/rapport-psychologues-profession-sante\/#breadcrumb\",\"itemListElement\":[{\"@type\":\"ListItem\",\"position\":1,\"name\":\"Accueil\",\"item\":\"https:\/\/www.psy.link\/blog\/\"},{\"@type\":\"ListItem\",\"position\":2,\"name\":\"Psychologue clinicien, profession de sant\u00e9?\"}]},{\"@type\":\"WebSite\",\"@id\":\"https:\/\/www.psy.link\/blog\/#website\",\"url\":\"https:\/\/www.psy.link\/blog\/\",\"name\":\"Blog Psy.link\",\"description\":\"Votre guide pour comprendre la psychologie et cultiver votre sant\u00e9 mentale\",\"publisher\":{\"@id\":\"https:\/\/www.psy.link\/blog\/#organization\"},\"potentialAction\":[{\"@type\":\"SearchAction\",\"target\":{\"@type\":\"EntryPoint\",\"urlTemplate\":\"https:\/\/www.psy.link\/blog\/?s={search_term_string}\"},\"query-input\":{\"@type\":\"PropertyValueSpecification\",\"valueRequired\":true,\"valueName\":\"search_term_string\"}}],\"inLanguage\":\"fr-FR\"},{\"@type\":\"Organization\",\"@id\":\"https:\/\/www.psy.link\/blog\/#organization\",\"name\":\"Psy.link\",\"url\":\"https:\/\/www.psy.link\/blog\/\",\"logo\":{\"@type\":\"ImageObject\",\"inLanguage\":\"fr-FR\",\"@id\":\"https:\/\/www.psy.link\/blog\/#\/schema\/logo\/image\/\",\"url\":\"https:\/\/www.psy.link\/blog\/wp-content\/uploads\/2022\/06\/full_logo.png\",\"contentUrl\":\"https:\/\/www.psy.link\/blog\/wp-content\/uploads\/2022\/06\/full_logo.png\",\"width\":2461,\"height\":1642,\"caption\":\"Psy.link\"},\"image\":{\"@id\":\"https:\/\/www.psy.link\/blog\/#\/schema\/logo\/image\/\"},\"sameAs\":[\"https:\/\/www.facebook.com\/psy.link.therapie\/\",\"https:\/\/x.com\/Psylink_tcc\",\"https:\/\/www.instagram.com\/psy.link_\/\",\"https:\/\/www.linkedin.com\/company\/psy-link-therapie\"]},{\"@type\":\"Person\",\"@id\":\"https:\/\/www.psy.link\/blog\/#\/schema\/person\/42e87036448e52b90611c0559a5f005a\",\"name\":\"Linda Kempe\",\"description\":\"Fondateur de Psy.link - Psychologue clinicienne - Charg\u00e9e de cours \u00e0 l'Universit\u00e9\",\"sameAs\":[\"https:\/\/psy.link\/\"],\"url\":\"https:\/\/www.psy.link\/blog\/author\/linda\/\"}]}<\/script>\n<!-- \/ Yoast SEO plugin. -->","yoast_head_json":{"title":"Psychologue clinicien, profession de sant\u00e9? | Psy.link","description":"Notre profession de psychologue est en pleine \u00e9volution. La demande de soins psychiques est en croissance et une r\u00e9flexion au niveau national est en cours.","robots":{"index":"index","follow":"follow","max-snippet":"max-snippet:-1","max-image-preview":"max-image-preview:large","max-video-preview":"max-video-preview:-1"},"canonical":"https:\/\/www.psy.link\/blog\/2020\/02\/29\/rapport-psychologues-profession-sante\/","og_locale":"fr_FR","og_type":"article","og_title":"Comment donner du sens \u00e0 sa vie?","og_description":"R\u00e9flexions guid\u00e9es sur le bonheur & nos valeurs avec Pierluigi Graziani.","og_url":"https:\/\/www.psy.link\/blog\/2020\/02\/29\/rapport-psychologues-profession-sante\/","og_site_name":"Blog Psy.link","article_publisher":"https:\/\/www.facebook.com\/psy.link.therapie\/","article_published_time":"2020-02-29T09:04:04+00:00","article_modified_time":"2026-01-28T13:39:13+00:00","og_image":[{"width":1200,"height":630,"url":"https:\/\/www.psy.link\/blog\/wp-content\/uploads\/2020\/02\/pierluigi-graziai-donne-du-sens-a-ta-vie.jpg","type":"image\/jpeg"}],"author":"Linda Kempe","twitter_card":"summary_large_image","twitter_creator":"@Psylink_tcc","twitter_site":"@Psylink_tcc","twitter_misc":{"\u00c9crit par":"Linda Kempe","Dur\u00e9e de lecture estim\u00e9e":"5 minutes"},"schema":{"@context":"https:\/\/schema.org","@graph":[{"@type":"Article","@id":"https:\/\/www.psy.link\/blog\/2020\/02\/29\/rapport-psychologues-profession-sante\/#article","isPartOf":{"@id":"https:\/\/www.psy.link\/blog\/2020\/02\/29\/rapport-psychologues-profession-sante\/"},"author":{"name":"Linda Kempe","@id":"https:\/\/www.psy.link\/blog\/#\/schema\/person\/42e87036448e52b90611c0559a5f005a"},"headline":"Psychologue clinicien, profession de sant\u00e9?","datePublished":"2020-02-29T09:04:04+00:00","dateModified":"2026-01-28T13:39:13+00:00","mainEntityOfPage":{"@id":"https:\/\/www.psy.link\/blog\/2020\/02\/29\/rapport-psychologues-profession-sante\/"},"wordCount":993,"commentCount":0,"publisher":{"@id":"https:\/\/www.psy.link\/blog\/#organization"},"image":{"@id":"https:\/\/www.psy.link\/blog\/2020\/02\/29\/rapport-psychologues-profession-sante\/#primaryimage"},"thumbnailUrl":"https:\/\/www.psy.link\/blog\/wp-content\/uploads\/2020\/02\/waldemar-brandt-3zml4wkcZis-unsplash-1.jpg","articleSection":["Actualit\u00e9s psychologues"],"inLanguage":"fr-FR","potentialAction":[{"@type":"CommentAction","name":"Comment","target":["https:\/\/www.psy.link\/blog\/2020\/02\/29\/rapport-psychologues-profession-sante\/#respond"]}]},{"@type":"WebPage","@id":"https:\/\/www.psy.link\/blog\/2020\/02\/29\/rapport-psychologues-profession-sante\/","url":"https:\/\/www.psy.link\/blog\/2020\/02\/29\/rapport-psychologues-profession-sante\/","name":"Psychologue clinicien, profession de sant\u00e9? | Psy.link","isPartOf":{"@id":"https:\/\/www.psy.link\/blog\/#website"},"primaryImageOfPage":{"@id":"https:\/\/www.psy.link\/blog\/2020\/02\/29\/rapport-psychologues-profession-sante\/#primaryimage"},"image":{"@id":"https:\/\/www.psy.link\/blog\/2020\/02\/29\/rapport-psychologues-profession-sante\/#primaryimage"},"thumbnailUrl":"https:\/\/www.psy.link\/blog\/wp-content\/uploads\/2020\/02\/waldemar-brandt-3zml4wkcZis-unsplash-1.jpg","datePublished":"2020-02-29T09:04:04+00:00","dateModified":"2026-01-28T13:39:13+00:00","description":"Notre profession de psychologue est en pleine \u00e9volution. La demande de soins psychiques est en croissance et une r\u00e9flexion au niveau national est en cours.","breadcrumb":{"@id":"https:\/\/www.psy.link\/blog\/2020\/02\/29\/rapport-psychologues-profession-sante\/#breadcrumb"},"inLanguage":"fr-FR","potentialAction":[{"@type":"ReadAction","target":["https:\/\/www.psy.link\/blog\/2020\/02\/29\/rapport-psychologues-profession-sante\/"]}]},{"@type":"ImageObject","inLanguage":"fr-FR","@id":"https:\/\/www.psy.link\/blog\/2020\/02\/29\/rapport-psychologues-profession-sante\/#primaryimage","url":"https:\/\/www.psy.link\/blog\/wp-content\/uploads\/2020\/02\/waldemar-brandt-3zml4wkcZis-unsplash-1.jpg","contentUrl":"https:\/\/www.psy.link\/blog\/wp-content\/uploads\/2020\/02\/waldemar-brandt-3zml4wkcZis-unsplash-1.jpg","width":750,"height":500},{"@type":"BreadcrumbList","@id":"https:\/\/www.psy.link\/blog\/2020\/02\/29\/rapport-psychologues-profession-sante\/#breadcrumb","itemListElement":[{"@type":"ListItem","position":1,"name":"Accueil","item":"https:\/\/www.psy.link\/blog\/"},{"@type":"ListItem","position":2,"name":"Psychologue clinicien, profession de sant\u00e9?"}]},{"@type":"WebSite","@id":"https:\/\/www.psy.link\/blog\/#website","url":"https:\/\/www.psy.link\/blog\/","name":"Blog Psy.link","description":"Votre guide pour comprendre la psychologie et cultiver votre sant\u00e9 mentale","publisher":{"@id":"https:\/\/www.psy.link\/blog\/#organization"},"potentialAction":[{"@type":"SearchAction","target":{"@type":"EntryPoint","urlTemplate":"https:\/\/www.psy.link\/blog\/?s={search_term_string}"},"query-input":{"@type":"PropertyValueSpecification","valueRequired":true,"valueName":"search_term_string"}}],"inLanguage":"fr-FR"},{"@type":"Organization","@id":"https:\/\/www.psy.link\/blog\/#organization","name":"Psy.link","url":"https:\/\/www.psy.link\/blog\/","logo":{"@type":"ImageObject","inLanguage":"fr-FR","@id":"https:\/\/www.psy.link\/blog\/#\/schema\/logo\/image\/","url":"https:\/\/www.psy.link\/blog\/wp-content\/uploads\/2022\/06\/full_logo.png","contentUrl":"https:\/\/www.psy.link\/blog\/wp-content\/uploads\/2022\/06\/full_logo.png","width":2461,"height":1642,"caption":"Psy.link"},"image":{"@id":"https:\/\/www.psy.link\/blog\/#\/schema\/logo\/image\/"},"sameAs":["https:\/\/www.facebook.com\/psy.link.therapie\/","https:\/\/x.com\/Psylink_tcc","https:\/\/www.instagram.com\/psy.link_\/","https:\/\/www.linkedin.com\/company\/psy-link-therapie"]},{"@type":"Person","@id":"https:\/\/www.psy.link\/blog\/#\/schema\/person\/42e87036448e52b90611c0559a5f005a","name":"Linda Kempe","description":"Fondateur de Psy.link - Psychologue clinicienne - Charg\u00e9e de cours \u00e0 l'Universit\u00e9","sameAs":["https:\/\/psy.link\/"],"url":"https:\/\/www.psy.link\/blog\/author\/linda\/"}]}},"uagb_featured_image_src":{"full":["https:\/\/www.psy.link\/blog\/wp-content\/uploads\/2020\/02\/waldemar-brandt-3zml4wkcZis-unsplash-1.jpg",750,500,false],"thumbnail":["https:\/\/www.psy.link\/blog\/wp-content\/uploads\/2020\/02\/waldemar-brandt-3zml4wkcZis-unsplash-1-150x150.jpg",150,150,true],"medium":["https:\/\/www.psy.link\/blog\/wp-content\/uploads\/2020\/02\/waldemar-brandt-3zml4wkcZis-unsplash-1-300x200.jpg",300,200,true],"medium_large":["https:\/\/www.psy.link\/blog\/wp-content\/uploads\/2020\/02\/waldemar-brandt-3zml4wkcZis-unsplash-1.jpg",750,500,false],"large":["https:\/\/www.psy.link\/blog\/wp-content\/uploads\/2020\/02\/waldemar-brandt-3zml4wkcZis-unsplash-1.jpg",750,500,false],"1536x1536":["https:\/\/www.psy.link\/blog\/wp-content\/uploads\/2020\/02\/waldemar-brandt-3zml4wkcZis-unsplash-1.jpg",750,500,false],"2048x2048":["https:\/\/www.psy.link\/blog\/wp-content\/uploads\/2020\/02\/waldemar-brandt-3zml4wkcZis-unsplash-1.jpg",750,500,false]},"uagb_author_info":{"display_name":"Linda Kempe","author_link":"https:\/\/www.psy.link\/blog\/author\/linda\/"},"uagb_comment_info":0,"uagb_excerpt":"Ordre des psychologues? Code de d\u00e9ontologie opposable? \u00c7a pourrait changer bient\u00f4t! Le rapport de l&rsquo;Inspection G\u00e9n\u00e9rale des Affaires Sociales Notre profession de psychologue est en pleine \u00e9volution. Le d\u00e9bat actuel initi\u00e9 par une inad\u00e9quation de l&rsquo;offre de prise en charge avance. En effet, la demande de soins psychiques en France est en croissance et une\u2026","_links":{"self":[{"href":"https:\/\/www.psy.link\/blog\/wp-json\/wp\/v2\/posts\/551","targetHints":{"allow":["GET"]}}],"collection":[{"href":"https:\/\/www.psy.link\/blog\/wp-json\/wp\/v2\/posts"}],"about":[{"href":"https:\/\/www.psy.link\/blog\/wp-json\/wp\/v2\/types\/post"}],"author":[{"embeddable":true,"href":"https:\/\/www.psy.link\/blog\/wp-json\/wp\/v2\/users\/6"}],"replies":[{"embeddable":true,"href":"https:\/\/www.psy.link\/blog\/wp-json\/wp\/v2\/comments?post=551"}],"version-history":[{"count":1,"href":"https:\/\/www.psy.link\/blog\/wp-json\/wp\/v2\/posts\/551\/revisions"}],"predecessor-version":[{"id":14483,"href":"https:\/\/www.psy.link\/blog\/wp-json\/wp\/v2\/posts\/551\/revisions\/14483"}],"wp:featuredmedia":[{"embeddable":true,"href":"https:\/\/www.psy.link\/blog\/wp-json\/wp\/v2\/media\/559"}],"wp:attachment":[{"href":"https:\/\/www.psy.link\/blog\/wp-json\/wp\/v2\/media?parent=551"}],"wp:term":[{"taxonomy":"category","embeddable":true,"href":"https:\/\/www.psy.link\/blog\/wp-json\/wp\/v2\/categories?post=551"},{"taxonomy":"post_tag","embeddable":true,"href":"https:\/\/www.psy.link\/blog\/wp-json\/wp\/v2\/tags?post=551"}],"curies":[{"name":"wp","href":"https:\/\/api.w.org\/{rel}","templated":true}]}}