{"id":587,"date":"2020-03-09T18:31:33","date_gmt":"2020-03-09T17:31:33","guid":{"rendered":"https:\/\/www.psy.link\/blog\/?p=587"},"modified":"2026-01-28T14:39:58","modified_gmt":"2026-01-28T13:39:58","slug":"communiquer-mieux-avec-son-ado","status":"publish","type":"post","link":"https:\/\/www.psy.link\/blog\/2020\/03\/09\/communiquer-mieux-avec-son-ado\/","title":{"rendered":"Bien communiquer avec son ado"},"content":{"rendered":"\n<blockquote class=\"wp-block-quote is-style-default is-layout-flow wp-block-quote-is-layout-flow\">\n<p><em>\u00ab<\/em> Mon ado ne me parle pas souvent. Je lui demande comment s&rsquo;est pass\u00e9 sa journ\u00e9e. Il me r\u00e9pond \u00ab\u00a0bien\u00a0\u00bb, et c&rsquo;est tout. J&rsquo;aimerais conna\u00eetre ses occupations et pr\u00e9occupations. Quand j&rsquo;insiste, il s&rsquo;enferme dans sa chambre.  <em>\u00bb <\/em><\/p>\n<cite>Sonia, maman de Thomas, 16 ans<\/cite><\/blockquote>\n\n\n\n<h2 class=\"wp-block-heading\"><em><strong>Comportements \u00e0 risque&nbsp;<\/strong><\/em><\/h2>\n\n\n\n<p>C\u2019est tout \u00e0 fait normal et plut\u00f4t instinctif de s\u2019inqui\u00e9ter pour nos enfants. Quand ils sont petits, on a peur qu\u2019ils aillent se faire mal accidentellement. Les risques semblent nombreux&nbsp;: tomber, se couper, les voitures, les bagarres etc. Nos inqui\u00e9tudes concernent aussi leurs r\u00e9sultats acad\u00e9miques, les fr\u00e9quentations, les premi\u00e8res relations amoureuses, leur sant\u00e9&#8230; Leur bonheur nous importe et on aimerait leur \u00e9viter de souffrir. <\/p>\n\n\n\n<p>A l\u2019adolescence, le fonctionnement de l\u2019enfant \u00e9volue d\u2019une mani\u00e8re parfois inattendue. Des nouveaux comportements font leur apparition. La socialisation joue un r\u00f4le majeur. L\u2019identification aux pairs ainsi que l\u2019individuation m\u00e8neront plus tard \u00e0 leur autonomie en tant qu\u2019adulte. Parmi ces comportements, peuvent \u00e9merger des nouveaux dangers.<\/p>\n\n\n\n<p>En effet, nombreux sont les adolescents qui ont des conduites \u00e0 risque. Celles-ci peuvent \u00eatre li\u00e9es \u00e0 la consommation de drogues ou l\u2019alcool. La sexualit\u00e9 implique \u00e9galement des nouveaux comportements qui peuvent mettre l&rsquo;ado dans des situations \u00e0 risque. La conduite de v\u00e9hicules motoris\u00e9s, peut \u00eatre dangereuse, si elle n&rsquo;est pas mesur\u00e9e. En effet tous ces comportements peuvent mettre le jeune en danger. Les addictions au cannabis, les maladies sexuellement transmissibles ou les accidents de la route sont des sujets d\u2019inqui\u00e9tudes. La majorit\u00e9 des parents s&rsquo;en inqui\u00e8te. Si on pouvait assurer une protection contre ces dangers, aucun parent n\u2019h\u00e9siterait.<\/p>\n\n\n\n<figure class=\"wp-block-image aligncenter size-large is-resized\"><img decoding=\"async\" width=\"750\" height=\"500\" src=\"https:\/\/www.psy.link\/blog\/wp-content\/uploads\/2020\/02\/alternative-cassette-girl-hipster-1669.jpg\" alt=\"Conduites \u00e0 risque, chez l'adolescent.\" class=\"wp-image-590\" style=\"width:640px\" srcset=\"https:\/\/www.psy.link\/blog\/wp-content\/uploads\/2020\/02\/alternative-cassette-girl-hipster-1669.jpg 750w, https:\/\/www.psy.link\/blog\/wp-content\/uploads\/2020\/02\/alternative-cassette-girl-hipster-1669-300x200.jpg 300w\" sizes=\"(max-width: 750px) 100vw, 750px\" \/><\/figure>\n\n\n\n<h2 class=\"wp-block-heading\" id=\"0-\u00e0-quoi-correspond-un-verre\u00a0\"><strong><em>La communication pour pr\u00e9venir<\/em><\/strong><\/h2>\n\n\n\n<p>Je re\u00e7ois des adolescents en consultation r\u00e9guli\u00e8rement. J\u2019aimerais donner quelques conseils issus de la recherche et de mon exp\u00e9rience. Des pistes pour aider les parents \u00e0 utiliser les bonnes m\u00e9thodes pour communiquer avec leurs ados.  Les parents peuvent parfois oublier que la communication et l\u2019entente sont les fondations d\u2019une bonne relation. Plus on communique, plus on se comprend, plus on est proche.<\/p>\n\n\n\n<p>Aussi, selon les \u00e9tudes, il semblerait que bien conna\u00eetre les activit\u00e9s et occupations de son ado permettrait de le prot\u00e9ger. Cela peut nous para\u00eetre simple. Cependant, nombreux sont les parents qui se plaignent de ne pas avoir suffisamment d\u2019information sur les passe-temps de leurs enfants. En effet, ces informations sont communiqu\u00e9es au sein d\u2019un dialogue r\u00e9gulier et \u00e9quilibr\u00e9. Ce dialogue ne peut s\u2019\u00e9tablir que dans un climat de confiance.<\/p>\n\n\n\n<p>En effet, la communication est tr\u00e8s importante. Elle peut \u00eatre soit principalement initi\u00e9e par le parent. Celui-ci va solliciter activement l\u2019\u00e9change. Mais le solliciter constamment peut \u00eatre per\u00e7u comme intrusif et l\u2019ado pourrait avoir tendance \u00e0 se fermer davantage. Soit, une communication plus \u00e9quilibr\u00e9e avec des \u00e9changes r\u00e9guliers. C\u2019est-\u00e0-dire que l\u2019ado sera initiateur autant que le parent. Ce type d\u2019\u00e9change est id\u00e9al.&nbsp;<\/p>\n\n\n\n<figure class=\"wp-block-image aligncenter size-large is-resized\"><img decoding=\"async\" width=\"750\" height=\"500\" src=\"https:\/\/www.psy.link\/blog\/wp-content\/uploads\/2020\/02\/adult-architecture-blonde-casual-267775.jpg\" alt=\"Ado, pr\u00e9occup\u00e9e.\" class=\"wp-image-589\" style=\"width:640px\" srcset=\"https:\/\/www.psy.link\/blog\/wp-content\/uploads\/2020\/02\/adult-architecture-blonde-casual-267775.jpg 750w, https:\/\/www.psy.link\/blog\/wp-content\/uploads\/2020\/02\/adult-architecture-blonde-casual-267775-300x200.jpg 300w\" sizes=\"(max-width: 750px) 100vw, 750px\" \/><\/figure>\n\n\n\n<p>Exercer un contr\u00f4le sur les activit\u00e9s de son ado, en en imposant certaines et en en interdisant d\u2019autres peut aussi permettre de conna\u00eetre ses occupations. En effet, le contr\u00f4le peut donner un sentiment rassurant. Or, si le contr\u00f4le est trop rigide, il va interf\u00e9rer avec la bonne communication. <\/p>\n\n\n\n<p>Des \u00e9tudes nous montrent que lorsque l\u2019ado communique spontan\u00e9ment et partage son v\u00e9cu avec ses parents, il sera aussi plus \u00e0 l\u2019\u00e9coute des conseils qu\u2019il peut recevoir en retour. Lors des discussions, les avis sont \u00e9chang\u00e9s naturellement. Il sera d\u2019autant plus important, d\u2019\u00eatre attentif \u00e0 ces moments de partage afin de se rendre disponible. Bien que la vie active a tendance \u00e0 \u00eatre bien remplie, les moments propices sont \u00e0 rep\u00e9rer avec soin. \u00catre attentif et disponible pour son ado, lui donnera confiance en ses parents. Il n\u2019h\u00e9sitera pas \u00e0 venir vers eux m\u00eame dans des moments de crise.&nbsp;<\/p>\n\n\n\n<div class=\"wp-block-columns is-layout-flex wp-container-core-columns-is-layout-28f84493 wp-block-columns-is-layout-flex\">\n<div class=\"wp-block-column is-vertically-aligned-stretch has-ast-global-color-4-background-color has-background is-layout-flow wp-block-column-is-layout-flow\" style=\"padding-top:var(--wp--preset--spacing--20);padding-right:var(--wp--preset--spacing--20);padding-bottom:var(--wp--preset--spacing--20);padding-left:var(--wp--preset--spacing--20)\">\n<div class=\"wp-block-group is-nowrap is-layout-flex wp-container-core-group-is-layout-6c531013 wp-block-group-is-layout-flex\">\n<figure class=\"wp-block-image aligncenter size-full is-resized\"><img decoding=\"async\" width=\"400\" height=\"600\" src=\"https:\/\/www.psy.link\/blog\/wp-content\/uploads\/2025\/11\/9.png\" alt=\"\" class=\"wp-image-14284\" style=\"width:170px;height:auto\" srcset=\"https:\/\/www.psy.link\/blog\/wp-content\/uploads\/2025\/11\/9.png 400w, https:\/\/www.psy.link\/blog\/wp-content\/uploads\/2025\/11\/9-200x300.png 200w\" sizes=\"(max-width: 400px) 100vw, 400px\" \/><\/figure>\n\n\n\n<div class=\"wp-block-uagb-call-to-action uagb-block-4806f25e wp-block-button\"><div class=\"uagb-cta__wrap\"><h2 class=\"uagb-cta__title\"><strong>Trouvez un psychologue TCC qualifi\u00e9 pr\u00e8s de chez vous<\/strong><\/h2><p class=\"uagb-cta__desc\">L\u2019annuaire national Psy.link regroupe des praticiens form\u00e9s et v\u00e9rifi\u00e9s, disponibles rapidement.<\/p><\/div><div class=\"uagb-cta__buttons\"><a href=\"https:\/\/app.psy.link\/psychologues-tcc\" class=\"uagb-cta__button-link-wrapper wp-block-button__link\" target=\"_blank\" rel=\"noopener noreferrer\">\ud83d\udd0e Consulter l\u2019annuaire<\/a><\/div><\/div>\n<\/div>\n<\/div>\n<\/div>\n\n\n\n<h2 class=\"wp-block-heading\"><strong><em>&nbsp;\u00c9changer sans juger<\/em><\/strong><\/h2>\n\n\n\n<p>L\u2019adolescent qui a confiance parle naturellement \u00e0 ses parent. Il raconte facilement sa vie, ses pr\u00e9occupations et son v\u00e9cu. Il s\u2019attend \u00e0 ne pas \u00eatre jug\u00e9. Confiant que ses parents ne porteront pas de jugement mais un regard bienveillant, il aura d\u2019autant plus envie de partager avec eux. En effet, il est presque adulte et il a ses propres valeurs. Celles-ci lui ont \u00e9t\u00e9 \u00ab&nbsp;transmises&nbsp;\u00bb depuis son enfance par les parents essentiellement. Ayez confiance.<\/p>\n\n\n\n<figure class=\"wp-block-image aligncenter size-large is-resized\"><img decoding=\"async\" width=\"750\" height=\"500\" src=\"https:\/\/www.psy.link\/blog\/wp-content\/uploads\/2020\/02\/man-wearing-green-printed-crew-neck-shirt-while-sleeping-296817.jpg\" alt=\"\" class=\"wp-image-591\" style=\"width:640px\" srcset=\"https:\/\/www.psy.link\/blog\/wp-content\/uploads\/2020\/02\/man-wearing-green-printed-crew-neck-shirt-while-sleeping-296817.jpg 750w, https:\/\/www.psy.link\/blog\/wp-content\/uploads\/2020\/02\/man-wearing-green-printed-crew-neck-shirt-while-sleeping-296817-300x200.jpg 300w\" sizes=\"(max-width: 750px) 100vw, 750px\" \/><\/figure>\n\n\n\n<p>Parfois dans le discours des parents, le jugement fait son apparition dans les conseils. Les parents peuvent avoir peur que l\u2019ado prenne des mauvaises d\u00e9cisions. Afin de le dissuader ou persuader de faire diff\u00e9remment, ils peuvent avoir tendance \u00e0 lui imposer leurs propres jugements et croyances. Au lieu de lui donner des conseils neutres et objectifs. Pourtant, les d\u00e9cisions importantes lui appartiennent. Ainsi, son \u00e9nergie ne doit pas \u00eatre consacr\u00e9e \u00e0 s&rsquo;opposer \u00e0 ses parents. Id\u00e9alement, il doit pouvoir raisonner sans influence. Il saura prendre les meilleures d\u00e9cisions pour lui et son avenir. <\/p>\n\n\n\n<p>Il faut savoir que le processus d\u2019individuation est fort et que l\u2019adolescent se sent presque oblig\u00e9 de s\u2019opposer \u00e0 l\u2019adulte. Ainsi l&rsquo;adulte qui essaie d\u2019imposer ses propres choix, ne peut gagner que par force. Le jugement dans un discours est toujours ressenti par l\u2019autre m\u00eame s\u2019il ne peut pas toujours \u00eatre point\u00e9 et verbalis\u00e9. Les man\u0153uvres de manipulation sont de m\u00eame. Aussi, lui faire confiance, lui donnera confiance en vous.&nbsp;Ce n&rsquo;est pas pareil s&rsquo;il demande votre avis que lorsque vous essayez de l&rsquo;imposer. Il sera plus \u00e0 l&rsquo;\u00e9coute si c&rsquo;est lui qui l&rsquo;a demand\u00e9.<\/p>\n\n\n\n<div class=\"wp-block-group is-layout-constrained wp-block-group-is-layout-constrained\"><div class=\"wp-block-group__inner-container\">\n<div class=\"wp-block-columns is-layout-flex wp-container-core-columns-is-layout-28f84493 wp-block-columns-is-layout-flex\">\n<div class=\"wp-block-column is-layout-flow wp-block-column-is-layout-flow\" style=\"flex-basis:100%\">\n<div class=\"wp-block-uagb-container uagb-layout-grid uagb-block-6588ff3e alignfull uagb-is-root-container\">\n<div class=\"wp-block-uagb-container uagb-block-22367a12\">\n<div class=\"wp-block-uagb-call-to-action uagb-block-0bd688a4 wp-block-button\"><div class=\"uagb-cta__wrap\"><h3 class=\"uagb-cta__title\"><strong>Prenez rendez-vous avec un psychologue TCC v\u00e9rifi\u00e9<\/strong><\/h3><p class=\"uagb-cta__desc\">Des psychologues form\u00e9s, disponibles rapidement, pour une prise en charge efficace d\u00e8s la premi\u00e8re s\u00e9ance.<\/p><\/div><div class=\"uagb-cta__buttons\"><a href=\"https:\/\/app.psy.link\/psychologues-tcc\" class=\"uagb-cta__button-link-wrapper wp-block-button__link\" target=\"_self\" rel=\"noopener noreferrer\">\ud83d\udc49 Trouver un psychologue TCC maintenant<\/a><\/div><\/div>\n<\/div>\n<\/div>\n<\/div>\n<\/div>\n<\/div><\/div>\n\n\n\n<h2 class=\"wp-block-heading\"><strong><em>\u00catre proche \u00e9motionnellement<\/em><\/strong><\/h2>\n\n\n\n<p>La proximit\u00e9 \u00e9motionnelle est importante. Elle consiste \u00e0 valider et \u00eatre compr\u00e9hensif des \u00e9tats \u00e9motionnels de l\u2019ado. Il faut garder \u00e0 l\u2019esprit que l\u2019adolescence est une phase. Celle-ci est caract\u00e9ris\u00e9e par des fluctuations de l\u2019humeur dont l\u2019ado n\u2019est pas forc\u00e9ment ma\u00eetre. Cela ne veut pas dire qu\u2019il peut se comporter d\u2019une mani\u00e8re inadapt\u00e9e. N\u2019oublions pas que le comportement n\u2019est, en effet, pas le r\u00e9sultat d\u2019une \u00e9motion, mais d\u2019un processus intentionnel. En effet, ce n\u2019est pas parce que quelqu\u2019un ressent une \u00e9motion que son comportement doit \u00eatre assorti. Par exemple, \u00eatre triste ou frustr\u00e9 ne donne pas des droits particuliers. A part le droit d\u2019avoir cette \u00e9motion-l\u00e0 et ne pas en \u00eatre jug\u00e9.&nbsp;<\/p>\n\n\n\n<p>Valider l\u2019\u00e9motion de l\u2019autre permet de se rapprocher. Cela consiste \u00e0 montrer qu\u2019on comprend l\u2019\u00e9motion et qu\u2019on a de l\u2019empathie avec l\u2019autre. Quand quelqu\u2019un est triste, on pourrait dire \u00ab&nbsp;je comprends que tu sois triste&nbsp;\u00bb. Pour la col\u00e8re, \u00ab&nbsp;je comprends ta col\u00e8re&nbsp;\u00bb. Ces petites validations suffisent pour que la personne se sente comprise dans son \u00e9motion.&nbsp;<\/p>\n\n\n\n<p>Cependant, actuellement il y a une contradiction. Puisqu&rsquo;on nous conseille de cacher nos \u00e9tats \u00e9motionnels. \u00ab\u00a0Il n\u2019est pas normal d\u2019\u00eatre anxieux et le stress ne devrait pas exister \u00bb, \u00ab&nbsp;Pourquoi \u00eatre triste, \u00e7a ne sert \u00e0 rien \u00ab\u00a0.  Alors que, les \u00e9motions sont normales et nous ne pouvons pas les \u00e9viter&nbsp;! Apprenons plut\u00f4t \u00e0 nos ados d&rsquo;accepter leur \u00e9tats \u00e9motionnels, \u00ab\u00a0de surfer dessus\u00a0\u00bb et \u00e0 mettre en oeuvre des comportements adapt\u00e9s pour les r\u00e9guler efficacement.<\/p>\n\n\n\n<p>Vous seriez \u00e9tonn\u00e9 de voir comment la validation des \u00e9motions peut vous rapprocher de votre ado&nbsp;!<\/p>\n\n\n\n<blockquote class=\"wp-block-quote is-layout-flow wp-block-quote-is-layout-flow\">\n<p><em>\u00abSi vous parlez<\/em>. S<em>i vous m\u00eame vous partagez et que vous n&rsquo;\u00eates pas dans le jugement<\/em>.<em> Tout peut \u00eatre dit et tout peut \u00eatre entendu. Puis, validez ses \u00e9motions, montrez de l&#8217;empathie et la confiance s&rsquo;installera.\u00a0\u00bb.\u00a0<\/em><\/p>\n<cite>Conseil du psychologue pour les parents d&rsquo;ados<\/cite><\/blockquote>\n","protected":false},"excerpt":{"rendered":"<p>\u00ab Mon ado ne me parle pas souvent. Je lui demande comment s&rsquo;est pass\u00e9 sa journ\u00e9e. Il me r\u00e9pond \u00ab\u00a0bien\u00a0\u00bb, et c&rsquo;est tout. J&rsquo;aimerais conna\u00eetre ses occupations et pr\u00e9occupations. Quand j&rsquo;insiste, il s&rsquo;enferme dans sa chambre. \u00bb Sonia, maman de Thomas, 16 ans Comportements \u00e0 risque&nbsp; C\u2019est tout \u00e0 fait normal et plut\u00f4t instinctif de [&hellip;]<\/p>\n","protected":false},"author":6,"featured_media":592,"comment_status":"closed","ping_status":"closed","sticky":false,"template":"","format":"standard","meta":{"_uag_custom_page_level_css":"","_exactmetrics_skip_tracking":false,"_exactmetrics_sitenote_active":false,"_exactmetrics_sitenote_note":"","_exactmetrics_sitenote_category":0,"site-sidebar-layout":"default","site-content-layout":"default","ast-site-content-layout":"default","site-content-style":"default","site-sidebar-style":"default","ast-global-header-display":"","ast-banner-title-visibility":"","ast-main-header-display":"","ast-hfb-above-header-display":"","ast-hfb-below-header-display":"","ast-hfb-mobile-header-display":"","site-post-title":"","ast-breadcrumbs-content":"","ast-featured-img":"","footer-sml-layout":"","theme-transparent-header-meta":"default","adv-header-id-meta":"","stick-header-meta":"default","header-above-stick-meta":"","header-main-stick-meta":"","header-below-stick-meta":"","astra-migrate-meta-layouts":"set","ast-page-background-enabled":"default","ast-page-background-meta":{"desktop":{"background-color":"","background-image":"","background-repeat":"repeat","background-position":"center center","background-size":"auto","background-attachment":"scroll","background-type":"","background-media":"","overlay-type":"","overlay-color":"","overlay-opacity":"","overlay-gradient":""},"tablet":{"background-color":"","background-image":"","background-repeat":"repeat","background-position":"center center","background-size":"auto","background-attachment":"scroll","background-type":"","background-media":"","overlay-type":"","overlay-color":"","overlay-opacity":"","overlay-gradient":""},"mobile":{"background-color":"","background-image":"","background-repeat":"repeat","background-position":"center center","background-size":"auto","background-attachment":"scroll","background-type":"","background-media":"","overlay-type":"","overlay-color":"","overlay-opacity":"","overlay-gradient":""}},"ast-content-background-meta":{"desktop":{"background-color":"var(--ast-global-color-5)","background-image":"","background-repeat":"repeat","background-position":"center center","background-size":"auto","background-attachment":"scroll","background-type":"","background-media":"","overlay-type":"","overlay-color":"","overlay-opacity":"","overlay-gradient":""},"tablet":{"background-color":"var(--ast-global-color-5)","background-image":"","background-repeat":"repeat","background-position":"center center","background-size":"auto","background-attachment":"scroll","background-type":"","background-media":"","overlay-type":"","overlay-color":"","overlay-opacity":"","overlay-gradient":""},"mobile":{"background-color":"var(--ast-global-color-5)","background-image":"","background-repeat":"repeat","background-position":"center center","background-size":"auto","background-attachment":"scroll","background-type":"","background-media":"","overlay-type":"","overlay-color":"","overlay-opacity":"","overlay-gradient":""}},"footnotes":""},"categories":[27,9,42],"tags":[40,41],"class_list":["post-587","post","type-post","status-publish","format-standard","has-post-thumbnail","hentry","category-adolescence","category-emotions","category-parentalite","tag-communication","tag-parentalite"],"yoast_head":"<!-- This site is optimized with the Yoast SEO plugin v26.2 - https:\/\/yoast.com\/wordpress\/plugins\/seo\/ -->\n<title>A l&#039;adolescence, comment communiquer avec son ado | Psy.link\/blog<\/title>\n<meta name=\"description\" content=\"Quelques conseils pour communiquer avec l&#039;ado. L&#039;\u00e9change initi\u00e9 par lui sera plus informatif que l&#039;\u00e9change forc\u00e9 par les parents. Rendez vous disponibles.\" \/>\n<meta name=\"robots\" content=\"index, follow, max-snippet:-1, max-image-preview:large, max-video-preview:-1\" \/>\n<link rel=\"canonical\" href=\"https:\/\/www.psy.link\/blog\/2020\/03\/09\/communiquer-mieux-avec-son-ado\/\" \/>\n<meta property=\"og:locale\" content=\"fr_FR\" \/>\n<meta property=\"og:type\" content=\"article\" \/>\n<meta property=\"og:title\" content=\"Bien communiquer avec son ado\" \/>\n<meta property=\"og:description\" content=\"Quelques conseils pour communiquer avec l&#039;ado. L&#039;\u00e9change initi\u00e9 par lui sera plus informatif que l&#039;\u00e9change forc\u00e9 par les parents. Rendez vous disponibles.\" \/>\n<meta property=\"og:url\" content=\"https:\/\/www.psy.link\/blog\/2020\/03\/09\/communiquer-mieux-avec-son-ado\/\" \/>\n<meta property=\"og:site_name\" content=\"Blog Psy.link\" \/>\n<meta property=\"article:publisher\" content=\"https:\/\/www.facebook.com\/psy.link.therapie\/\" \/>\n<meta property=\"article:published_time\" content=\"2020-03-09T17:31:33+00:00\" \/>\n<meta property=\"article:modified_time\" content=\"2026-01-28T13:39:58+00:00\" \/>\n<meta property=\"og:image\" content=\"https:\/\/www.psy.link\/blog\/wp-content\/uploads\/2020\/03\/vignette-communication-ado-facebook.jpg\" \/>\n\t<meta property=\"og:image:width\" content=\"1100\" \/>\n\t<meta property=\"og:image:height\" content=\"630\" \/>\n\t<meta property=\"og:image:type\" content=\"image\/jpeg\" \/>\n<meta name=\"author\" content=\"Linda Kempe\" \/>\n<meta name=\"twitter:card\" content=\"summary_large_image\" \/>\n<meta name=\"twitter:creator\" content=\"@Psylink_tcc\" \/>\n<meta name=\"twitter:site\" content=\"@Psylink_tcc\" \/>\n<meta name=\"twitter:label1\" content=\"\u00c9crit par\" \/>\n\t<meta name=\"twitter:data1\" content=\"Linda Kempe\" \/>\n\t<meta name=\"twitter:label2\" content=\"Dur\u00e9e de lecture estim\u00e9e\" \/>\n\t<meta name=\"twitter:data2\" content=\"7 minutes\" \/>\n<script type=\"application\/ld+json\" class=\"yoast-schema-graph\">{\"@context\":\"https:\/\/schema.org\",\"@graph\":[{\"@type\":\"Article\",\"@id\":\"https:\/\/www.psy.link\/blog\/2020\/03\/09\/communiquer-mieux-avec-son-ado\/#article\",\"isPartOf\":{\"@id\":\"https:\/\/www.psy.link\/blog\/2020\/03\/09\/communiquer-mieux-avec-son-ado\/\"},\"author\":{\"name\":\"Linda Kempe\",\"@id\":\"https:\/\/www.psy.link\/blog\/#\/schema\/person\/42e87036448e52b90611c0559a5f005a\"},\"headline\":\"Bien communiquer avec son ado\",\"datePublished\":\"2020-03-09T17:31:33+00:00\",\"dateModified\":\"2026-01-28T13:39:58+00:00\",\"mainEntityOfPage\":{\"@id\":\"https:\/\/www.psy.link\/blog\/2020\/03\/09\/communiquer-mieux-avec-son-ado\/\"},\"wordCount\":1325,\"publisher\":{\"@id\":\"https:\/\/www.psy.link\/blog\/#organization\"},\"image\":{\"@id\":\"https:\/\/www.psy.link\/blog\/2020\/03\/09\/communiquer-mieux-avec-son-ado\/#primaryimage\"},\"thumbnailUrl\":\"https:\/\/www.psy.link\/blog\/wp-content\/uploads\/2020\/02\/adult-beautiful-child-cute-289825.jpg\",\"keywords\":[\"communication\",\"parentalit\u00e9\"],\"articleSection\":[\"Adolescence\",\"Emotions\",\"Parentalit\u00e9\"],\"inLanguage\":\"fr-FR\"},{\"@type\":\"WebPage\",\"@id\":\"https:\/\/www.psy.link\/blog\/2020\/03\/09\/communiquer-mieux-avec-son-ado\/\",\"url\":\"https:\/\/www.psy.link\/blog\/2020\/03\/09\/communiquer-mieux-avec-son-ado\/\",\"name\":\"A l'adolescence, comment communiquer avec son ado | Psy.link\/blog\",\"isPartOf\":{\"@id\":\"https:\/\/www.psy.link\/blog\/#website\"},\"primaryImageOfPage\":{\"@id\":\"https:\/\/www.psy.link\/blog\/2020\/03\/09\/communiquer-mieux-avec-son-ado\/#primaryimage\"},\"image\":{\"@id\":\"https:\/\/www.psy.link\/blog\/2020\/03\/09\/communiquer-mieux-avec-son-ado\/#primaryimage\"},\"thumbnailUrl\":\"https:\/\/www.psy.link\/blog\/wp-content\/uploads\/2020\/02\/adult-beautiful-child-cute-289825.jpg\",\"datePublished\":\"2020-03-09T17:31:33+00:00\",\"dateModified\":\"2026-01-28T13:39:58+00:00\",\"description\":\"Quelques conseils pour communiquer avec l'ado. L'\u00e9change initi\u00e9 par lui sera plus informatif que l'\u00e9change forc\u00e9 par les parents. Rendez vous disponibles.\",\"breadcrumb\":{\"@id\":\"https:\/\/www.psy.link\/blog\/2020\/03\/09\/communiquer-mieux-avec-son-ado\/#breadcrumb\"},\"inLanguage\":\"fr-FR\",\"potentialAction\":[{\"@type\":\"ReadAction\",\"target\":[\"https:\/\/www.psy.link\/blog\/2020\/03\/09\/communiquer-mieux-avec-son-ado\/\"]}]},{\"@type\":\"ImageObject\",\"inLanguage\":\"fr-FR\",\"@id\":\"https:\/\/www.psy.link\/blog\/2020\/03\/09\/communiquer-mieux-avec-son-ado\/#primaryimage\",\"url\":\"https:\/\/www.psy.link\/blog\/wp-content\/uploads\/2020\/02\/adult-beautiful-child-cute-289825.jpg\",\"contentUrl\":\"https:\/\/www.psy.link\/blog\/wp-content\/uploads\/2020\/02\/adult-beautiful-child-cute-289825.jpg\",\"width\":750,\"height\":500},{\"@type\":\"BreadcrumbList\",\"@id\":\"https:\/\/www.psy.link\/blog\/2020\/03\/09\/communiquer-mieux-avec-son-ado\/#breadcrumb\",\"itemListElement\":[{\"@type\":\"ListItem\",\"position\":1,\"name\":\"Accueil\",\"item\":\"https:\/\/www.psy.link\/blog\/\"},{\"@type\":\"ListItem\",\"position\":2,\"name\":\"Bien communiquer avec son ado\"}]},{\"@type\":\"WebSite\",\"@id\":\"https:\/\/www.psy.link\/blog\/#website\",\"url\":\"https:\/\/www.psy.link\/blog\/\",\"name\":\"Blog Psy.link\",\"description\":\"Votre guide pour comprendre la psychologie et cultiver votre sant\u00e9 mentale\",\"publisher\":{\"@id\":\"https:\/\/www.psy.link\/blog\/#organization\"},\"potentialAction\":[{\"@type\":\"SearchAction\",\"target\":{\"@type\":\"EntryPoint\",\"urlTemplate\":\"https:\/\/www.psy.link\/blog\/?s={search_term_string}\"},\"query-input\":{\"@type\":\"PropertyValueSpecification\",\"valueRequired\":true,\"valueName\":\"search_term_string\"}}],\"inLanguage\":\"fr-FR\"},{\"@type\":\"Organization\",\"@id\":\"https:\/\/www.psy.link\/blog\/#organization\",\"name\":\"Psy.link\",\"url\":\"https:\/\/www.psy.link\/blog\/\",\"logo\":{\"@type\":\"ImageObject\",\"inLanguage\":\"fr-FR\",\"@id\":\"https:\/\/www.psy.link\/blog\/#\/schema\/logo\/image\/\",\"url\":\"https:\/\/www.psy.link\/blog\/wp-content\/uploads\/2022\/06\/full_logo.png\",\"contentUrl\":\"https:\/\/www.psy.link\/blog\/wp-content\/uploads\/2022\/06\/full_logo.png\",\"width\":2461,\"height\":1642,\"caption\":\"Psy.link\"},\"image\":{\"@id\":\"https:\/\/www.psy.link\/blog\/#\/schema\/logo\/image\/\"},\"sameAs\":[\"https:\/\/www.facebook.com\/psy.link.therapie\/\",\"https:\/\/x.com\/Psylink_tcc\",\"https:\/\/www.instagram.com\/psy.link_\/\",\"https:\/\/www.linkedin.com\/company\/psy-link-therapie\"]},{\"@type\":\"Person\",\"@id\":\"https:\/\/www.psy.link\/blog\/#\/schema\/person\/42e87036448e52b90611c0559a5f005a\",\"name\":\"Linda Kempe\",\"description\":\"Fondateur de Psy.link - Psychologue clinicienne - Charg\u00e9e de cours \u00e0 l'Universit\u00e9\",\"sameAs\":[\"https:\/\/psy.link\/\"],\"url\":\"https:\/\/www.psy.link\/blog\/author\/linda\/\"}]}<\/script>\n<!-- \/ Yoast SEO plugin. -->","yoast_head_json":{"title":"A l'adolescence, comment communiquer avec son ado | Psy.link\/blog","description":"Quelques conseils pour communiquer avec l'ado. L'\u00e9change initi\u00e9 par lui sera plus informatif que l'\u00e9change forc\u00e9 par les parents. Rendez vous disponibles.","robots":{"index":"index","follow":"follow","max-snippet":"max-snippet:-1","max-image-preview":"max-image-preview:large","max-video-preview":"max-video-preview:-1"},"canonical":"https:\/\/www.psy.link\/blog\/2020\/03\/09\/communiquer-mieux-avec-son-ado\/","og_locale":"fr_FR","og_type":"article","og_title":"Bien communiquer avec son ado","og_description":"Quelques conseils pour communiquer avec l'ado. L'\u00e9change initi\u00e9 par lui sera plus informatif que l'\u00e9change forc\u00e9 par les parents. Rendez vous disponibles.","og_url":"https:\/\/www.psy.link\/blog\/2020\/03\/09\/communiquer-mieux-avec-son-ado\/","og_site_name":"Blog Psy.link","article_publisher":"https:\/\/www.facebook.com\/psy.link.therapie\/","article_published_time":"2020-03-09T17:31:33+00:00","article_modified_time":"2026-01-28T13:39:58+00:00","og_image":[{"width":1100,"height":630,"url":"https:\/\/www.psy.link\/blog\/wp-content\/uploads\/2020\/03\/vignette-communication-ado-facebook.jpg","type":"image\/jpeg"}],"author":"Linda Kempe","twitter_card":"summary_large_image","twitter_creator":"@Psylink_tcc","twitter_site":"@Psylink_tcc","twitter_misc":{"\u00c9crit par":"Linda Kempe","Dur\u00e9e de lecture estim\u00e9e":"7 minutes"},"schema":{"@context":"https:\/\/schema.org","@graph":[{"@type":"Article","@id":"https:\/\/www.psy.link\/blog\/2020\/03\/09\/communiquer-mieux-avec-son-ado\/#article","isPartOf":{"@id":"https:\/\/www.psy.link\/blog\/2020\/03\/09\/communiquer-mieux-avec-son-ado\/"},"author":{"name":"Linda Kempe","@id":"https:\/\/www.psy.link\/blog\/#\/schema\/person\/42e87036448e52b90611c0559a5f005a"},"headline":"Bien communiquer avec son ado","datePublished":"2020-03-09T17:31:33+00:00","dateModified":"2026-01-28T13:39:58+00:00","mainEntityOfPage":{"@id":"https:\/\/www.psy.link\/blog\/2020\/03\/09\/communiquer-mieux-avec-son-ado\/"},"wordCount":1325,"publisher":{"@id":"https:\/\/www.psy.link\/blog\/#organization"},"image":{"@id":"https:\/\/www.psy.link\/blog\/2020\/03\/09\/communiquer-mieux-avec-son-ado\/#primaryimage"},"thumbnailUrl":"https:\/\/www.psy.link\/blog\/wp-content\/uploads\/2020\/02\/adult-beautiful-child-cute-289825.jpg","keywords":["communication","parentalit\u00e9"],"articleSection":["Adolescence","Emotions","Parentalit\u00e9"],"inLanguage":"fr-FR"},{"@type":"WebPage","@id":"https:\/\/www.psy.link\/blog\/2020\/03\/09\/communiquer-mieux-avec-son-ado\/","url":"https:\/\/www.psy.link\/blog\/2020\/03\/09\/communiquer-mieux-avec-son-ado\/","name":"A l'adolescence, comment communiquer avec son ado | Psy.link\/blog","isPartOf":{"@id":"https:\/\/www.psy.link\/blog\/#website"},"primaryImageOfPage":{"@id":"https:\/\/www.psy.link\/blog\/2020\/03\/09\/communiquer-mieux-avec-son-ado\/#primaryimage"},"image":{"@id":"https:\/\/www.psy.link\/blog\/2020\/03\/09\/communiquer-mieux-avec-son-ado\/#primaryimage"},"thumbnailUrl":"https:\/\/www.psy.link\/blog\/wp-content\/uploads\/2020\/02\/adult-beautiful-child-cute-289825.jpg","datePublished":"2020-03-09T17:31:33+00:00","dateModified":"2026-01-28T13:39:58+00:00","description":"Quelques conseils pour communiquer avec l'ado. L'\u00e9change initi\u00e9 par lui sera plus informatif que l'\u00e9change forc\u00e9 par les parents. Rendez vous disponibles.","breadcrumb":{"@id":"https:\/\/www.psy.link\/blog\/2020\/03\/09\/communiquer-mieux-avec-son-ado\/#breadcrumb"},"inLanguage":"fr-FR","potentialAction":[{"@type":"ReadAction","target":["https:\/\/www.psy.link\/blog\/2020\/03\/09\/communiquer-mieux-avec-son-ado\/"]}]},{"@type":"ImageObject","inLanguage":"fr-FR","@id":"https:\/\/www.psy.link\/blog\/2020\/03\/09\/communiquer-mieux-avec-son-ado\/#primaryimage","url":"https:\/\/www.psy.link\/blog\/wp-content\/uploads\/2020\/02\/adult-beautiful-child-cute-289825.jpg","contentUrl":"https:\/\/www.psy.link\/blog\/wp-content\/uploads\/2020\/02\/adult-beautiful-child-cute-289825.jpg","width":750,"height":500},{"@type":"BreadcrumbList","@id":"https:\/\/www.psy.link\/blog\/2020\/03\/09\/communiquer-mieux-avec-son-ado\/#breadcrumb","itemListElement":[{"@type":"ListItem","position":1,"name":"Accueil","item":"https:\/\/www.psy.link\/blog\/"},{"@type":"ListItem","position":2,"name":"Bien communiquer avec son ado"}]},{"@type":"WebSite","@id":"https:\/\/www.psy.link\/blog\/#website","url":"https:\/\/www.psy.link\/blog\/","name":"Blog Psy.link","description":"Votre guide pour comprendre la psychologie et cultiver votre sant\u00e9 mentale","publisher":{"@id":"https:\/\/www.psy.link\/blog\/#organization"},"potentialAction":[{"@type":"SearchAction","target":{"@type":"EntryPoint","urlTemplate":"https:\/\/www.psy.link\/blog\/?s={search_term_string}"},"query-input":{"@type":"PropertyValueSpecification","valueRequired":true,"valueName":"search_term_string"}}],"inLanguage":"fr-FR"},{"@type":"Organization","@id":"https:\/\/www.psy.link\/blog\/#organization","name":"Psy.link","url":"https:\/\/www.psy.link\/blog\/","logo":{"@type":"ImageObject","inLanguage":"fr-FR","@id":"https:\/\/www.psy.link\/blog\/#\/schema\/logo\/image\/","url":"https:\/\/www.psy.link\/blog\/wp-content\/uploads\/2022\/06\/full_logo.png","contentUrl":"https:\/\/www.psy.link\/blog\/wp-content\/uploads\/2022\/06\/full_logo.png","width":2461,"height":1642,"caption":"Psy.link"},"image":{"@id":"https:\/\/www.psy.link\/blog\/#\/schema\/logo\/image\/"},"sameAs":["https:\/\/www.facebook.com\/psy.link.therapie\/","https:\/\/x.com\/Psylink_tcc","https:\/\/www.instagram.com\/psy.link_\/","https:\/\/www.linkedin.com\/company\/psy-link-therapie"]},{"@type":"Person","@id":"https:\/\/www.psy.link\/blog\/#\/schema\/person\/42e87036448e52b90611c0559a5f005a","name":"Linda Kempe","description":"Fondateur de Psy.link - Psychologue clinicienne - Charg\u00e9e de cours \u00e0 l'Universit\u00e9","sameAs":["https:\/\/psy.link\/"],"url":"https:\/\/www.psy.link\/blog\/author\/linda\/"}]}},"uagb_featured_image_src":{"full":["https:\/\/www.psy.link\/blog\/wp-content\/uploads\/2020\/02\/adult-beautiful-child-cute-289825.jpg",750,500,false],"thumbnail":["https:\/\/www.psy.link\/blog\/wp-content\/uploads\/2020\/02\/adult-beautiful-child-cute-289825-150x150.jpg",150,150,true],"medium":["https:\/\/www.psy.link\/blog\/wp-content\/uploads\/2020\/02\/adult-beautiful-child-cute-289825-300x200.jpg",300,200,true],"medium_large":["https:\/\/www.psy.link\/blog\/wp-content\/uploads\/2020\/02\/adult-beautiful-child-cute-289825.jpg",750,500,false],"large":["https:\/\/www.psy.link\/blog\/wp-content\/uploads\/2020\/02\/adult-beautiful-child-cute-289825.jpg",750,500,false],"1536x1536":["https:\/\/www.psy.link\/blog\/wp-content\/uploads\/2020\/02\/adult-beautiful-child-cute-289825.jpg",750,500,false],"2048x2048":["https:\/\/www.psy.link\/blog\/wp-content\/uploads\/2020\/02\/adult-beautiful-child-cute-289825.jpg",750,500,false]},"uagb_author_info":{"display_name":"Linda Kempe","author_link":"https:\/\/www.psy.link\/blog\/author\/linda\/"},"uagb_comment_info":0,"uagb_excerpt":"\u00ab Mon ado ne me parle pas souvent. Je lui demande comment s&rsquo;est pass\u00e9 sa journ\u00e9e. Il me r\u00e9pond \u00ab\u00a0bien\u00a0\u00bb, et c&rsquo;est tout. J&rsquo;aimerais conna\u00eetre ses occupations et pr\u00e9occupations. Quand j&rsquo;insiste, il s&rsquo;enferme dans sa chambre. \u00bb Sonia, maman de Thomas, 16 ans Comportements \u00e0 risque&nbsp; C\u2019est tout \u00e0 fait normal et plut\u00f4t instinctif de\u2026","_links":{"self":[{"href":"https:\/\/www.psy.link\/blog\/wp-json\/wp\/v2\/posts\/587","targetHints":{"allow":["GET"]}}],"collection":[{"href":"https:\/\/www.psy.link\/blog\/wp-json\/wp\/v2\/posts"}],"about":[{"href":"https:\/\/www.psy.link\/blog\/wp-json\/wp\/v2\/types\/post"}],"author":[{"embeddable":true,"href":"https:\/\/www.psy.link\/blog\/wp-json\/wp\/v2\/users\/6"}],"replies":[{"embeddable":true,"href":"https:\/\/www.psy.link\/blog\/wp-json\/wp\/v2\/comments?post=587"}],"version-history":[{"count":1,"href":"https:\/\/www.psy.link\/blog\/wp-json\/wp\/v2\/posts\/587\/revisions"}],"predecessor-version":[{"id":14484,"href":"https:\/\/www.psy.link\/blog\/wp-json\/wp\/v2\/posts\/587\/revisions\/14484"}],"wp:featuredmedia":[{"embeddable":true,"href":"https:\/\/www.psy.link\/blog\/wp-json\/wp\/v2\/media\/592"}],"wp:attachment":[{"href":"https:\/\/www.psy.link\/blog\/wp-json\/wp\/v2\/media?parent=587"}],"wp:term":[{"taxonomy":"category","embeddable":true,"href":"https:\/\/www.psy.link\/blog\/wp-json\/wp\/v2\/categories?post=587"},{"taxonomy":"post_tag","embeddable":true,"href":"https:\/\/www.psy.link\/blog\/wp-json\/wp\/v2\/tags?post=587"}],"curies":[{"name":"wp","href":"https:\/\/api.w.org\/{rel}","templated":true}]}}