{"id":6335,"date":"2023-04-24T08:51:09","date_gmt":"2023-04-24T06:51:09","guid":{"rendered":"https:\/\/www.psy.link\/blog\/?p=6335"},"modified":"2026-02-13T11:45:51","modified_gmt":"2026-02-13T10:45:51","slug":"je-suis-hypocondriaque","status":"publish","type":"post","link":"https:\/\/www.psy.link\/blog\/2023\/04\/24\/je-suis-hypocondriaque\/","title":{"rendered":"Je suis hypocondriaque, mon t\u00e9moignage"},"content":{"rendered":"\n<p>Je souhaite partager mon histoire avec vous pour que ce trouble soit plus connu, et aussi pour donner de l&rsquo;espoir \u00e0 ceux qui en souffrent.<\/p>\n\n\n\n<h2 class=\"wp-block-heading\">Les pr\u00e9misses de mes sympt\u00f4mes d&rsquo;hypocondriaque<\/h2>\n\n\n\n<p>Au d\u00e9but de mes 22 ans j\u2019\u00e9tais une jeune femme assez \u00e9panouie. J&rsquo;avais toujours \u00e9t\u00e9 plut\u00f4t anxieuse, mais cette anxi\u00e9t\u00e9 n&rsquo;\u00e9tait pas non plus envahissante. Je travaillais en tant que serveuse pas tr\u00e8s loin de chez moi. Je faisais en parall\u00e8le mes \u00e9tudes. Mon travail et mes \u00e9tudes me prenaient tout mon temps et cela me convenait. Car, je trouvais toujours un moment dans la semaine pour profiter de ma vie d\u2019\u00e9tudiante. En janvier 2019, j\u2019ai senti une douleur inhabituelle au thorax. Alors que j\u2019\u00e9tais en pleine p\u00e9riode d\u2019examens, cette douleur me pr\u00e9occupait \u00e9norm\u00e9ment. Les examens ont toujours \u00e9t\u00e9 une source de stress consid\u00e9rable pour moi.<\/p>\n\n\n\n<p>La peur et l&rsquo;anxi\u00e9t\u00e9 se sont donc install\u00e9es au fur et \u00e0 mesure du temps. Il est vrai que ma nouvelle vie \u00e0 Paris \u00e9tait plus compliqu\u00e9e que ce \u00e0 quoi je m\u2019attendais. En plus, ma douleur au thorax  \u00e9tait devenu presque chronique et assez quotidienne. Parfois, j&rsquo;avais l&rsquo;impression de ressentir, des palpitations, des difficult\u00e9s pour respirer\u2026<\/p>\n\n\n\n<figure class=\"wp-block-image size-full\"><img decoding=\"async\" width=\"600\" height=\"400\" src=\"https:\/\/www.psy.link\/blog\/wp-content\/uploads\/2023\/04\/pexels-andrea-piacquadio-3768582-1-1.jpg\" alt=\"\" class=\"wp-image-6343\" srcset=\"https:\/\/www.psy.link\/blog\/wp-content\/uploads\/2023\/04\/pexels-andrea-piacquadio-3768582-1-1.jpg 600w, https:\/\/www.psy.link\/blog\/wp-content\/uploads\/2023\/04\/pexels-andrea-piacquadio-3768582-1-1-300x200.jpg 300w\" sizes=\"(max-width: 600px) 100vw, 600px\" \/><\/figure>\n\n\n\n<p>Ces sympt\u00f4mes ont eu pour cons\u00e9quence d\u2019augmenter encore plus mon anxi\u00e9t\u00e9 qui devenait incontr\u00f4lable. J&rsquo;\u00e9tais constamment inqui\u00e8te pour ma sant\u00e9. Mon m\u00e9decin m&rsquo;a prescrit des examens mais tout \u00e9tait normal. Il me rassurait mais le soulagement n&rsquo;\u00e9tait que de courte dur\u00e9e&#8230;<\/p>\n\n\n\n<p>Je passais beaucoup de temps \u00e0 chercher des informations sur Internet pour essayer de comprendre ce qui n&rsquo;allait pas. J&rsquo;allais \u00e9galement fr\u00e9quemment chez le m\u00e9decin pour d&rsquo;autres examens m\u00e9dicaux, m\u00eame si ces examens ne r\u00e9v\u00e9laient rien d&rsquo;anormal. J\u2019\u00e9tais persuad\u00e9 d\u2019avoir une maladie grave, au point d\u2019\u00eatre d\u00e9\u00e7u de ne rien trouver d\u2019anormal. Parce que j\u2019avais l\u2019impression que rien ne pouvait m\u2019\u00e9loigner du danger de l\u2019aggravation de tous mes sympt\u00f4mes.<\/p>\n\n\n\n<div class=\"wp-block-columns is-layout-flex wp-container-core-columns-is-layout-28f84493 wp-block-columns-is-layout-flex\">\n<div class=\"wp-block-column is-vertically-aligned-stretch has-ast-global-color-4-background-color has-background is-layout-flow wp-block-column-is-layout-flow\" style=\"padding-top:var(--wp--preset--spacing--20);padding-right:var(--wp--preset--spacing--20);padding-bottom:var(--wp--preset--spacing--20);padding-left:var(--wp--preset--spacing--20)\">\n<div class=\"wp-block-group is-nowrap is-layout-flex wp-container-core-group-is-layout-6c531013 wp-block-group-is-layout-flex\">\n<figure class=\"wp-block-image aligncenter size-full is-resized\"><img decoding=\"async\" width=\"400\" height=\"600\" src=\"https:\/\/www.psy.link\/blog\/wp-content\/uploads\/2025\/11\/9.png\" alt=\"\" class=\"wp-image-14284\" style=\"width:170px;height:auto\" srcset=\"https:\/\/www.psy.link\/blog\/wp-content\/uploads\/2025\/11\/9.png 400w, https:\/\/www.psy.link\/blog\/wp-content\/uploads\/2025\/11\/9-200x300.png 200w\" sizes=\"(max-width: 400px) 100vw, 400px\" \/><\/figure>\n\n\n\n<div class=\"wp-block-uagb-call-to-action uagb-block-4806f25e wp-block-button\"><div class=\"uagb-cta__wrap\"><h2 class=\"uagb-cta__title\"><strong>Trouvez un psychologue TCC qualifi\u00e9 pr\u00e8s de chez vous<\/strong><\/h2><p class=\"uagb-cta__desc\">L\u2019annuaire national Psy.link regroupe des praticiens form\u00e9s et v\u00e9rifi\u00e9s, disponibles rapidement.<\/p><\/div><div class=\"uagb-cta__buttons\"><a href=\"https:\/\/app.psy.link\/psychologues-tcc\" class=\"uagb-cta__button-link-wrapper wp-block-button__link\" target=\"_blank\" rel=\"noopener noreferrer\">\ud83d\udd0e Consulter l\u2019annuaire<\/a><\/div><\/div>\n<\/div>\n<\/div>\n<\/div>\n\n\n\n<h2 class=\"wp-block-heading\">Hypocondriaque et peur de mourir<\/h2>\n\n\n\n<p>Dans ma vie quotidienne, cette peur d\u2019avoir une maladie grave s&rsquo;\u00e9tait associ\u00e9 \u00e0 la peur de mourir. J\u2019ai commenc\u00e9 \u00e0 moins sortir avec mes amis. J&rsquo;ai quitt\u00e9 mon travail d&rsquo;\u00e9tudiant car j&rsquo;avais peur qu&rsquo;il ne me fatigue trop et contribue \u00e0 mon \u00e9tat. Parfois, j\u2019ai m\u00eame trouv\u00e9 des pr\u00e9textes pour ne plus aller \u00e0 la fac. J\u2019\u00e9tais persuad\u00e9e que mon c\u0153ur pouvait me l\u00e2cher \u00e0 tout moment, \u00e0 cause d\u2019une embolie pulmonaire ou d\u2019un autre probl\u00e8me tout aussi s\u00e9rieux.<\/p>\n\n\n\n<p>Mon grand-p\u00e8re ayant fait un AVC, j&rsquo;\u00e9tais aussi persuad\u00e9e que je risquais d&rsquo;en faire un. J\u2019avais un besoin constant de v\u00e9rifier que tout allait bien. Par exemple, j&rsquo;\u00e9vitais de faire trop d&rsquo;efforts, j&rsquo;arr\u00eatais les activit\u00e9s trop physiques et m\u00eame de boire du caf\u00e9 \u00e0 cause de la caf\u00e9ine. Je faisais tout pour pr\u00e9server mon c\u0153ur, je pensais que le stress ou la pratique des activit\u00e9s physiques pouvait multiplier trop dangereusement mes risques d&rsquo;AVC. Cette angoisse de la maladie \u00e0 laquelle je pensais constamment, m\u2019a amen\u00e9 \u00e0 d\u00e9penser mes \u00e9conomies pour me soigner. J\u2019ai donc consult\u00e9 plusieurs sp\u00e9cialistes comme des cardiologues en vain, cette peur \u00e9tait toujours pr\u00e9sente. J&rsquo;ai aussi pris plusieurs m\u00e9dicaments dont je n&rsquo;avais finalement pas besoin pour lutter contre les AVC et diff\u00e9rentes maladies.<\/p>\n\n\n\n<figure class=\"wp-block-image size-full\"><img decoding=\"async\" width=\"600\" height=\"400\" src=\"https:\/\/www.psy.link\/blog\/wp-content\/uploads\/2023\/04\/pexels-pixabay-208512-1-1.jpg\" alt=\"\" class=\"wp-image-6344\" srcset=\"https:\/\/www.psy.link\/blog\/wp-content\/uploads\/2023\/04\/pexels-pixabay-208512-1-1.jpg 600w, https:\/\/www.psy.link\/blog\/wp-content\/uploads\/2023\/04\/pexels-pixabay-208512-1-1-300x200.jpg 300w\" sizes=\"(max-width: 600px) 100vw, 600px\" \/><\/figure>\n\n\n\n<p>Au fil des mois, je n\u2019avais plus go\u00fbt \u00e0 rien. J\u2019avais beaucoup de mal \u00e0 avancer. Difficile de garder confiance en soi dans ce genre d\u2019\u00e9preuve qui ne finit pas. J\u2019ai donc d\u00fb me r\u00e9signer \u00e0 faire une pause dans mes \u00e9tudes et dans mon job. Malheureusement, au lieu d\u2019aller mieux, je pensais constamment \u00e0 ce qui n\u2019allait plus. J\u2019ai commenc\u00e9 \u00e0 sombrer dans une d\u00e9pression, j\u2019avais du mal \u00e0 en parler \u00e0 des proches de peur de leur jugements.<\/p>\n\n\n\n<div class=\"wp-block-group is-layout-constrained wp-block-group-is-layout-constrained\"><div class=\"wp-block-group__inner-container\">\n<div class=\"wp-block-columns is-layout-flex wp-container-core-columns-is-layout-28f84493 wp-block-columns-is-layout-flex\">\n<div class=\"wp-block-column is-layout-flow wp-block-column-is-layout-flow\" style=\"flex-basis:100%\">\n<div class=\"wp-block-uagb-container uagb-layout-grid uagb-block-6588ff3e alignfull uagb-is-root-container\">\n<div class=\"wp-block-uagb-container uagb-block-22367a12\">\n<div class=\"wp-block-uagb-call-to-action uagb-block-0bd688a4 wp-block-button\"><div class=\"uagb-cta__wrap\"><h3 class=\"uagb-cta__title\"><strong>Prenez rendez-vous avec un psychologue TCC v\u00e9rifi\u00e9<\/strong><\/h3><p class=\"uagb-cta__desc\">Des psychologues form\u00e9s, disponibles rapidement, pour une prise en charge efficace d\u00e8s la premi\u00e8re s\u00e9ance.<\/p><\/div><div class=\"uagb-cta__buttons\"><a href=\"https:\/\/app.psy.link\/psychologues-tcc\" class=\"uagb-cta__button-link-wrapper wp-block-button__link\" target=\"_self\" rel=\"noopener noreferrer\">\ud83d\udc49 Trouver un psychologue TCC maintenant<\/a><\/div><\/div>\n<\/div>\n<\/div>\n<\/div>\n<\/div>\n<\/div><\/div>\n\n\n\n<h2 class=\"wp-block-heading\">Hypocondriaque, les causes <\/h2>\n\n\n\n<p>Finalement, j\u2019ai r\u00e9ussi \u00e0 parler de mon probl\u00e8me \u00e0 l\u2019une de mes meilleures amies d\u2019enfance. Je lui ai avou\u00e9 que cette peur et cette angoisse sont devenues envahissantes apr\u00e8s la mort de mon grand-p\u00e8re. Il \u00e9tait tomb\u00e9 malade, apr\u00e8s un AVC et est d\u00e9c\u00e9d\u00e9 apr\u00e8s une longue p\u00e9riode de traitements m\u00e9dicaux. Cette exp\u00e9rience m&rsquo;avait traumatis\u00e9. Cet \u00e9v\u00e8nement a d\u00e9clench\u00e9 une peur obsessionnelle de la maladie et de la mort.<\/p>\n\n\n\n<figure class=\"wp-block-image size-full\"><img decoding=\"async\" width=\"600\" height=\"400\" src=\"https:\/\/www.psy.link\/blog\/wp-content\/uploads\/2023\/04\/pexels-pixabay-161280-1-1.jpg\" alt=\"\" class=\"wp-image-6345\" srcset=\"https:\/\/www.psy.link\/blog\/wp-content\/uploads\/2023\/04\/pexels-pixabay-161280-1-1.jpg 600w, https:\/\/www.psy.link\/blog\/wp-content\/uploads\/2023\/04\/pexels-pixabay-161280-1-1-300x200.jpg 300w\" sizes=\"(max-width: 600px) 100vw, 600px\" \/><\/figure>\n\n\n\n<p>J\u2019ai pu enfin me r\u00e9signer gr\u00e2ce \u00e0 cette amie qui a pu percevoir ma d\u00e9tresse, d\u2019aller consulter un psychologue. Je me suis renseign\u00e9e sur les forums et j&rsquo;ai appris que les th\u00e9rapies comportementales et cognitives sont pr\u00e9conis\u00e9es pour ce genre de difficult\u00e9. <\/p>\n\n\n\n<p>J&rsquo;ai pris mon premier rendez-vous chez <a href=\"https:\/\/www.psy.link\">Psy.link<\/a>. Le psychologue a \u00e9t\u00e9 tr\u00e8s doux et bienveillant avec moi. Il m&rsquo;a expliqu\u00e9 comment les troubles anxieux s&rsquo;installent et se maintiennent. Notamment, \u00e0 cause des \u00e9vitements. J\u2019ai pu travailler sur moi-m\u00eame sans \u00eatre jug\u00e9e mais en \u00e9tant consid\u00e9r\u00e9e ce dont j&rsquo;avais vraiment besoin. Moi qui avais souvent eu peur d\u2019\u00eatre jug\u00e9e par les autres, je me suis senti \u00e9cout\u00e9e.<\/p>\n\n\n\n<p>J&rsquo;ai finalement r\u00e9alis\u00e9 que j&rsquo;avais d\u00e9velopp\u00e9 une hypocondrie ou plut\u00f4t je l\u2019ai accept\u00e9. J\u2019\u00e9tais victime d\u2019un trouble anxieux qui me faisait avoir une peur obsessionnelle d&rsquo;\u00eatre malade ou de d\u00e9velopper une maladie grave. <\/p>\n\n\n\n<figure class=\"wp-block-image size-full\"><img decoding=\"async\" width=\"600\" height=\"400\" src=\"https:\/\/www.psy.link\/blog\/wp-content\/uploads\/2023\/04\/pexels-andrea-piacquadio-920381-1-1.jpg\" alt=\"\" class=\"wp-image-6350\" srcset=\"https:\/\/www.psy.link\/blog\/wp-content\/uploads\/2023\/04\/pexels-andrea-piacquadio-920381-1-1.jpg 600w, https:\/\/www.psy.link\/blog\/wp-content\/uploads\/2023\/04\/pexels-andrea-piacquadio-920381-1-1-300x200.jpg 300w\" sizes=\"(max-width: 600px) 100vw, 600px\" \/><\/figure>\n\n\n\n<h2 class=\"wp-block-heading\">L&rsquo;aide des TCC <\/h2>\n\n\n\n<p>Les th\u00e9rapies comportementales et cognitives \u00e0 distance m&rsquo;ont permis de mieux g\u00e9rer mon anxi\u00e9t\u00e9 et de me confronter de mani\u00e8re progressive aux situations et pens\u00e9es anxiog\u00e8nes. Gr\u00e2ce \u00e0 une dizaine s\u00e9ances et de nouveaux outils, j&rsquo;ai appris \u00e0 g\u00e9rer mon stress et \u00e0 mieux comprendre mes pens\u00e9es irrationnelles. <\/p>\n\n\n\n<p>Aujourd\u2019hui je suis plut\u00f4t heureuse et fi\u00e8re. J&rsquo;ai repris mes \u00e9tudes. J&rsquo;encourage sinc\u00e8rement ceux qui souffrent d&rsquo;hypochondrie de consulter un psychologue (apr\u00e8s avoir consult\u00e9 votre m\u00e9decin et que celui-ci n&rsquo;a rien trouv\u00e9 d&rsquo;anormal). La th\u00e9rapie peut vraiment vous aider \u00e0 d\u00e9passer ces difficult\u00e9s ! <\/p>\n\n\n\n<p><em>Ce texte est issu de plusieurs t\u00e9moignages et certains d\u00e9tails ont \u00e9t\u00e9 modifi\u00e9s<\/em> <em>pour pr\u00e9server l&rsquo;anonymat de nos patients.<\/em><\/p>\n","protected":false},"excerpt":{"rendered":"<p>Je souhaite partager mon histoire avec vous pour que ce trouble soit plus connu, et aussi pour donner de l&rsquo;espoir \u00e0 ceux qui en souffrent. Les pr\u00e9misses de mes sympt\u00f4mes d&rsquo;hypocondriaque Au d\u00e9but de mes 22 ans j\u2019\u00e9tais une jeune femme assez \u00e9panouie. J&rsquo;avais toujours \u00e9t\u00e9 plut\u00f4t anxieuse, mais cette anxi\u00e9t\u00e9 n&rsquo;\u00e9tait pas non plus [&hellip;]<\/p>\n","protected":false},"author":14,"featured_media":6348,"comment_status":"closed","ping_status":"closed","sticky":false,"template":"","format":"standard","meta":{"_uag_custom_page_level_css":"","_exactmetrics_skip_tracking":false,"_exactmetrics_sitenote_active":false,"_exactmetrics_sitenote_note":"","_exactmetrics_sitenote_category":0,"site-sidebar-layout":"default","site-content-layout":"","ast-site-content-layout":"default","site-content-style":"default","site-sidebar-style":"default","ast-global-header-display":"","ast-banner-title-visibility":"","ast-main-header-display":"","ast-hfb-above-header-display":"","ast-hfb-below-header-display":"","ast-hfb-mobile-header-display":"","site-post-title":"","ast-breadcrumbs-content":"","ast-featured-img":"","footer-sml-layout":"","theme-transparent-header-meta":"","adv-header-id-meta":"","stick-header-meta":"","header-above-stick-meta":"","header-main-stick-meta":"","header-below-stick-meta":"","astra-migrate-meta-layouts":"set","ast-page-background-enabled":"default","ast-page-background-meta":{"desktop":{"background-color":"","background-image":"","background-repeat":"repeat","background-position":"center center","background-size":"auto","background-attachment":"scroll","background-type":"","background-media":"","overlay-type":"","overlay-color":"","overlay-opacity":"","overlay-gradient":""},"tablet":{"background-color":"","background-image":"","background-repeat":"repeat","background-position":"center center","background-size":"auto","background-attachment":"scroll","background-type":"","background-media":"","overlay-type":"","overlay-color":"","overlay-opacity":"","overlay-gradient":""},"mobile":{"background-color":"","background-image":"","background-repeat":"repeat","background-position":"center center","background-size":"auto","background-attachment":"scroll","background-type":"","background-media":"","overlay-type":"","overlay-color":"","overlay-opacity":"","overlay-gradient":""}},"ast-content-background-meta":{"desktop":{"background-color":"var(--ast-global-color-5)","background-image":"","background-repeat":"repeat","background-position":"center center","background-size":"auto","background-attachment":"scroll","background-type":"","background-media":"","overlay-type":"","overlay-color":"","overlay-opacity":"","overlay-gradient":""},"tablet":{"background-color":"var(--ast-global-color-5)","background-image":"","background-repeat":"repeat","background-position":"center center","background-size":"auto","background-attachment":"scroll","background-type":"","background-media":"","overlay-type":"","overlay-color":"","overlay-opacity":"","overlay-gradient":""},"mobile":{"background-color":"var(--ast-global-color-5)","background-image":"","background-repeat":"repeat","background-position":"center center","background-size":"auto","background-attachment":"scroll","background-type":"","background-media":"","overlay-type":"","overlay-color":"","overlay-opacity":"","overlay-gradient":""}},"footnotes":""},"categories":[60],"tags":[],"class_list":["post-6335","post","type-post","status-publish","format-standard","has-post-thumbnail","hentry","category-anxiete"],"yoast_head":"<!-- This site is optimized with the Yoast SEO plugin v26.2 - https:\/\/yoast.com\/wordpress\/plugins\/seo\/ -->\n<title>Je suis hypocondriaque, mon t\u00e9moignage | Blog Psy.link<\/title>\n<meta name=\"description\" content=\"Cette article est le t\u00e9moignage d&#039;une jeune femme qui a travers\u00e9 une p\u00e9riode difficile de sa vie en \u00e9tant hypocondriaque.\" \/>\n<meta name=\"robots\" content=\"index, follow, max-snippet:-1, max-image-preview:large, max-video-preview:-1\" \/>\n<link rel=\"canonical\" href=\"https:\/\/www.psy.link\/blog\/2023\/04\/24\/je-suis-hypocondriaque\/\" \/>\n<meta property=\"og:locale\" content=\"fr_FR\" \/>\n<meta property=\"og:type\" content=\"article\" \/>\n<meta property=\"og:title\" content=\"Je suis hypocondriaque, mon t\u00e9moignage | Blog Psy.link\" \/>\n<meta property=\"og:description\" content=\"Cette article est le t\u00e9moignage d&#039;une jeune femme qui a travers\u00e9 une p\u00e9riode difficile de sa vie en \u00e9tant hypocondriaque.\" \/>\n<meta property=\"og:url\" content=\"https:\/\/www.psy.link\/blog\/2023\/04\/24\/je-suis-hypocondriaque\/\" \/>\n<meta property=\"og:site_name\" content=\"Blog Psy.link\" \/>\n<meta property=\"article:publisher\" content=\"https:\/\/www.facebook.com\/psy.link.therapie\/\" \/>\n<meta property=\"article:published_time\" content=\"2023-04-24T06:51:09+00:00\" \/>\n<meta property=\"article:modified_time\" content=\"2026-02-13T10:45:51+00:00\" \/>\n<meta property=\"og:image\" content=\"https:\/\/www.psy.link\/blog\/wp-content\/uploads\/2023\/04\/pexels-andrea-piacquadio-3768582-1-1-1.jpg\" \/>\n\t<meta property=\"og:image:width\" content=\"600\" \/>\n\t<meta property=\"og:image:height\" content=\"400\" \/>\n\t<meta property=\"og:image:type\" content=\"image\/jpeg\" \/>\n<meta name=\"author\" content=\"Auteur Invit\u00e9\" \/>\n<meta name=\"twitter:card\" content=\"summary_large_image\" \/>\n<meta name=\"twitter:creator\" content=\"@Psylink_tcc\" \/>\n<meta name=\"twitter:site\" content=\"@Psylink_tcc\" \/>\n<meta name=\"twitter:label1\" content=\"\u00c9crit par\" \/>\n\t<meta name=\"twitter:data1\" content=\"Auteur Invit\u00e9\" \/>\n\t<meta name=\"twitter:label2\" content=\"Dur\u00e9e de lecture estim\u00e9e\" \/>\n\t<meta name=\"twitter:data2\" content=\"5 minutes\" \/>\n<script type=\"application\/ld+json\" class=\"yoast-schema-graph\">{\"@context\":\"https:\/\/schema.org\",\"@graph\":[{\"@type\":\"Article\",\"@id\":\"https:\/\/www.psy.link\/blog\/2023\/04\/24\/je-suis-hypocondriaque\/#article\",\"isPartOf\":{\"@id\":\"https:\/\/www.psy.link\/blog\/2023\/04\/24\/je-suis-hypocondriaque\/\"},\"author\":{\"name\":\"Auteur Invit\u00e9\",\"@id\":\"https:\/\/www.psy.link\/blog\/#\/schema\/person\/8767b1e672ba0c905256571afaef2f2c\"},\"headline\":\"Je suis hypocondriaque, mon t\u00e9moignage\",\"datePublished\":\"2023-04-24T06:51:09+00:00\",\"dateModified\":\"2026-02-13T10:45:51+00:00\",\"mainEntityOfPage\":{\"@id\":\"https:\/\/www.psy.link\/blog\/2023\/04\/24\/je-suis-hypocondriaque\/\"},\"wordCount\":1091,\"publisher\":{\"@id\":\"https:\/\/www.psy.link\/blog\/#organization\"},\"image\":{\"@id\":\"https:\/\/www.psy.link\/blog\/2023\/04\/24\/je-suis-hypocondriaque\/#primaryimage\"},\"thumbnailUrl\":\"https:\/\/www.psy.link\/blog\/wp-content\/uploads\/2023\/04\/pexels-andrea-piacquadio-3768582-1-1-1.jpg\",\"articleSection\":[\"Anxi\u00e9t\u00e9\"],\"inLanguage\":\"fr-FR\"},{\"@type\":\"WebPage\",\"@id\":\"https:\/\/www.psy.link\/blog\/2023\/04\/24\/je-suis-hypocondriaque\/\",\"url\":\"https:\/\/www.psy.link\/blog\/2023\/04\/24\/je-suis-hypocondriaque\/\",\"name\":\"Je suis hypocondriaque, mon t\u00e9moignage | Blog Psy.link\",\"isPartOf\":{\"@id\":\"https:\/\/www.psy.link\/blog\/#website\"},\"primaryImageOfPage\":{\"@id\":\"https:\/\/www.psy.link\/blog\/2023\/04\/24\/je-suis-hypocondriaque\/#primaryimage\"},\"image\":{\"@id\":\"https:\/\/www.psy.link\/blog\/2023\/04\/24\/je-suis-hypocondriaque\/#primaryimage\"},\"thumbnailUrl\":\"https:\/\/www.psy.link\/blog\/wp-content\/uploads\/2023\/04\/pexels-andrea-piacquadio-3768582-1-1-1.jpg\",\"datePublished\":\"2023-04-24T06:51:09+00:00\",\"dateModified\":\"2026-02-13T10:45:51+00:00\",\"description\":\"Cette article est le t\u00e9moignage d'une jeune femme qui a travers\u00e9 une p\u00e9riode difficile de sa vie en \u00e9tant hypocondriaque.\",\"breadcrumb\":{\"@id\":\"https:\/\/www.psy.link\/blog\/2023\/04\/24\/je-suis-hypocondriaque\/#breadcrumb\"},\"inLanguage\":\"fr-FR\",\"potentialAction\":[{\"@type\":\"ReadAction\",\"target\":[\"https:\/\/www.psy.link\/blog\/2023\/04\/24\/je-suis-hypocondriaque\/\"]}]},{\"@type\":\"ImageObject\",\"inLanguage\":\"fr-FR\",\"@id\":\"https:\/\/www.psy.link\/blog\/2023\/04\/24\/je-suis-hypocondriaque\/#primaryimage\",\"url\":\"https:\/\/www.psy.link\/blog\/wp-content\/uploads\/2023\/04\/pexels-andrea-piacquadio-3768582-1-1-1.jpg\",\"contentUrl\":\"https:\/\/www.psy.link\/blog\/wp-content\/uploads\/2023\/04\/pexels-andrea-piacquadio-3768582-1-1-1.jpg\",\"width\":600,\"height\":400},{\"@type\":\"BreadcrumbList\",\"@id\":\"https:\/\/www.psy.link\/blog\/2023\/04\/24\/je-suis-hypocondriaque\/#breadcrumb\",\"itemListElement\":[{\"@type\":\"ListItem\",\"position\":1,\"name\":\"Accueil\",\"item\":\"https:\/\/www.psy.link\/blog\/\"},{\"@type\":\"ListItem\",\"position\":2,\"name\":\"Je suis hypocondriaque, mon t\u00e9moignage\"}]},{\"@type\":\"WebSite\",\"@id\":\"https:\/\/www.psy.link\/blog\/#website\",\"url\":\"https:\/\/www.psy.link\/blog\/\",\"name\":\"Blog Psy.link\",\"description\":\"Votre guide pour comprendre la psychologie et cultiver votre sant\u00e9 mentale\",\"publisher\":{\"@id\":\"https:\/\/www.psy.link\/blog\/#organization\"},\"potentialAction\":[{\"@type\":\"SearchAction\",\"target\":{\"@type\":\"EntryPoint\",\"urlTemplate\":\"https:\/\/www.psy.link\/blog\/?s={search_term_string}\"},\"query-input\":{\"@type\":\"PropertyValueSpecification\",\"valueRequired\":true,\"valueName\":\"search_term_string\"}}],\"inLanguage\":\"fr-FR\"},{\"@type\":\"Organization\",\"@id\":\"https:\/\/www.psy.link\/blog\/#organization\",\"name\":\"Psy.link\",\"url\":\"https:\/\/www.psy.link\/blog\/\",\"logo\":{\"@type\":\"ImageObject\",\"inLanguage\":\"fr-FR\",\"@id\":\"https:\/\/www.psy.link\/blog\/#\/schema\/logo\/image\/\",\"url\":\"https:\/\/www.psy.link\/blog\/wp-content\/uploads\/2022\/06\/full_logo.png\",\"contentUrl\":\"https:\/\/www.psy.link\/blog\/wp-content\/uploads\/2022\/06\/full_logo.png\",\"width\":2461,\"height\":1642,\"caption\":\"Psy.link\"},\"image\":{\"@id\":\"https:\/\/www.psy.link\/blog\/#\/schema\/logo\/image\/\"},\"sameAs\":[\"https:\/\/www.facebook.com\/psy.link.therapie\/\",\"https:\/\/x.com\/Psylink_tcc\",\"https:\/\/www.instagram.com\/psy.link_\/\",\"https:\/\/www.linkedin.com\/company\/psy-link-therapie\"]},{\"@type\":\"Person\",\"@id\":\"https:\/\/www.psy.link\/blog\/#\/schema\/person\/8767b1e672ba0c905256571afaef2f2c\",\"name\":\"Auteur Invit\u00e9\",\"url\":\"https:\/\/www.psy.link\/blog\/author\/auteurinvite\/\"}]}<\/script>\n<!-- \/ Yoast SEO plugin. -->","yoast_head_json":{"title":"Je suis hypocondriaque, mon t\u00e9moignage | Blog Psy.link","description":"Cette article est le t\u00e9moignage d'une jeune femme qui a travers\u00e9 une p\u00e9riode difficile de sa vie en \u00e9tant hypocondriaque.","robots":{"index":"index","follow":"follow","max-snippet":"max-snippet:-1","max-image-preview":"max-image-preview:large","max-video-preview":"max-video-preview:-1"},"canonical":"https:\/\/www.psy.link\/blog\/2023\/04\/24\/je-suis-hypocondriaque\/","og_locale":"fr_FR","og_type":"article","og_title":"Je suis hypocondriaque, mon t\u00e9moignage | Blog Psy.link","og_description":"Cette article est le t\u00e9moignage d'une jeune femme qui a travers\u00e9 une p\u00e9riode difficile de sa vie en \u00e9tant hypocondriaque.","og_url":"https:\/\/www.psy.link\/blog\/2023\/04\/24\/je-suis-hypocondriaque\/","og_site_name":"Blog Psy.link","article_publisher":"https:\/\/www.facebook.com\/psy.link.therapie\/","article_published_time":"2023-04-24T06:51:09+00:00","article_modified_time":"2026-02-13T10:45:51+00:00","og_image":[{"width":600,"height":400,"url":"https:\/\/www.psy.link\/blog\/wp-content\/uploads\/2023\/04\/pexels-andrea-piacquadio-3768582-1-1-1.jpg","type":"image\/jpeg"}],"author":"Auteur Invit\u00e9","twitter_card":"summary_large_image","twitter_creator":"@Psylink_tcc","twitter_site":"@Psylink_tcc","twitter_misc":{"\u00c9crit par":"Auteur Invit\u00e9","Dur\u00e9e de lecture estim\u00e9e":"5 minutes"},"schema":{"@context":"https:\/\/schema.org","@graph":[{"@type":"Article","@id":"https:\/\/www.psy.link\/blog\/2023\/04\/24\/je-suis-hypocondriaque\/#article","isPartOf":{"@id":"https:\/\/www.psy.link\/blog\/2023\/04\/24\/je-suis-hypocondriaque\/"},"author":{"name":"Auteur Invit\u00e9","@id":"https:\/\/www.psy.link\/blog\/#\/schema\/person\/8767b1e672ba0c905256571afaef2f2c"},"headline":"Je suis hypocondriaque, mon t\u00e9moignage","datePublished":"2023-04-24T06:51:09+00:00","dateModified":"2026-02-13T10:45:51+00:00","mainEntityOfPage":{"@id":"https:\/\/www.psy.link\/blog\/2023\/04\/24\/je-suis-hypocondriaque\/"},"wordCount":1091,"publisher":{"@id":"https:\/\/www.psy.link\/blog\/#organization"},"image":{"@id":"https:\/\/www.psy.link\/blog\/2023\/04\/24\/je-suis-hypocondriaque\/#primaryimage"},"thumbnailUrl":"https:\/\/www.psy.link\/blog\/wp-content\/uploads\/2023\/04\/pexels-andrea-piacquadio-3768582-1-1-1.jpg","articleSection":["Anxi\u00e9t\u00e9"],"inLanguage":"fr-FR"},{"@type":"WebPage","@id":"https:\/\/www.psy.link\/blog\/2023\/04\/24\/je-suis-hypocondriaque\/","url":"https:\/\/www.psy.link\/blog\/2023\/04\/24\/je-suis-hypocondriaque\/","name":"Je suis hypocondriaque, mon t\u00e9moignage | Blog Psy.link","isPartOf":{"@id":"https:\/\/www.psy.link\/blog\/#website"},"primaryImageOfPage":{"@id":"https:\/\/www.psy.link\/blog\/2023\/04\/24\/je-suis-hypocondriaque\/#primaryimage"},"image":{"@id":"https:\/\/www.psy.link\/blog\/2023\/04\/24\/je-suis-hypocondriaque\/#primaryimage"},"thumbnailUrl":"https:\/\/www.psy.link\/blog\/wp-content\/uploads\/2023\/04\/pexels-andrea-piacquadio-3768582-1-1-1.jpg","datePublished":"2023-04-24T06:51:09+00:00","dateModified":"2026-02-13T10:45:51+00:00","description":"Cette article est le t\u00e9moignage d'une jeune femme qui a travers\u00e9 une p\u00e9riode difficile de sa vie en \u00e9tant hypocondriaque.","breadcrumb":{"@id":"https:\/\/www.psy.link\/blog\/2023\/04\/24\/je-suis-hypocondriaque\/#breadcrumb"},"inLanguage":"fr-FR","potentialAction":[{"@type":"ReadAction","target":["https:\/\/www.psy.link\/blog\/2023\/04\/24\/je-suis-hypocondriaque\/"]}]},{"@type":"ImageObject","inLanguage":"fr-FR","@id":"https:\/\/www.psy.link\/blog\/2023\/04\/24\/je-suis-hypocondriaque\/#primaryimage","url":"https:\/\/www.psy.link\/blog\/wp-content\/uploads\/2023\/04\/pexels-andrea-piacquadio-3768582-1-1-1.jpg","contentUrl":"https:\/\/www.psy.link\/blog\/wp-content\/uploads\/2023\/04\/pexels-andrea-piacquadio-3768582-1-1-1.jpg","width":600,"height":400},{"@type":"BreadcrumbList","@id":"https:\/\/www.psy.link\/blog\/2023\/04\/24\/je-suis-hypocondriaque\/#breadcrumb","itemListElement":[{"@type":"ListItem","position":1,"name":"Accueil","item":"https:\/\/www.psy.link\/blog\/"},{"@type":"ListItem","position":2,"name":"Je suis hypocondriaque, mon t\u00e9moignage"}]},{"@type":"WebSite","@id":"https:\/\/www.psy.link\/blog\/#website","url":"https:\/\/www.psy.link\/blog\/","name":"Blog Psy.link","description":"Votre guide pour comprendre la psychologie et cultiver votre sant\u00e9 mentale","publisher":{"@id":"https:\/\/www.psy.link\/blog\/#organization"},"potentialAction":[{"@type":"SearchAction","target":{"@type":"EntryPoint","urlTemplate":"https:\/\/www.psy.link\/blog\/?s={search_term_string}"},"query-input":{"@type":"PropertyValueSpecification","valueRequired":true,"valueName":"search_term_string"}}],"inLanguage":"fr-FR"},{"@type":"Organization","@id":"https:\/\/www.psy.link\/blog\/#organization","name":"Psy.link","url":"https:\/\/www.psy.link\/blog\/","logo":{"@type":"ImageObject","inLanguage":"fr-FR","@id":"https:\/\/www.psy.link\/blog\/#\/schema\/logo\/image\/","url":"https:\/\/www.psy.link\/blog\/wp-content\/uploads\/2022\/06\/full_logo.png","contentUrl":"https:\/\/www.psy.link\/blog\/wp-content\/uploads\/2022\/06\/full_logo.png","width":2461,"height":1642,"caption":"Psy.link"},"image":{"@id":"https:\/\/www.psy.link\/blog\/#\/schema\/logo\/image\/"},"sameAs":["https:\/\/www.facebook.com\/psy.link.therapie\/","https:\/\/x.com\/Psylink_tcc","https:\/\/www.instagram.com\/psy.link_\/","https:\/\/www.linkedin.com\/company\/psy-link-therapie"]},{"@type":"Person","@id":"https:\/\/www.psy.link\/blog\/#\/schema\/person\/8767b1e672ba0c905256571afaef2f2c","name":"Auteur Invit\u00e9","url":"https:\/\/www.psy.link\/blog\/author\/auteurinvite\/"}]}},"uagb_featured_image_src":{"full":["https:\/\/www.psy.link\/blog\/wp-content\/uploads\/2023\/04\/pexels-andrea-piacquadio-3768582-1-1-1.jpg",600,400,false],"thumbnail":["https:\/\/www.psy.link\/blog\/wp-content\/uploads\/2023\/04\/pexels-andrea-piacquadio-3768582-1-1-1-150x150.jpg",150,150,true],"medium":["https:\/\/www.psy.link\/blog\/wp-content\/uploads\/2023\/04\/pexels-andrea-piacquadio-3768582-1-1-1-300x200.jpg",300,200,true],"medium_large":["https:\/\/www.psy.link\/blog\/wp-content\/uploads\/2023\/04\/pexels-andrea-piacquadio-3768582-1-1-1.jpg",600,400,false],"large":["https:\/\/www.psy.link\/blog\/wp-content\/uploads\/2023\/04\/pexels-andrea-piacquadio-3768582-1-1-1.jpg",600,400,false],"1536x1536":["https:\/\/www.psy.link\/blog\/wp-content\/uploads\/2023\/04\/pexels-andrea-piacquadio-3768582-1-1-1.jpg",600,400,false],"2048x2048":["https:\/\/www.psy.link\/blog\/wp-content\/uploads\/2023\/04\/pexels-andrea-piacquadio-3768582-1-1-1.jpg",600,400,false]},"uagb_author_info":{"display_name":"Auteur Invit\u00e9","author_link":"https:\/\/www.psy.link\/blog\/author\/auteurinvite\/"},"uagb_comment_info":0,"uagb_excerpt":"Je souhaite partager mon histoire avec vous pour que ce trouble soit plus connu, et aussi pour donner de l&rsquo;espoir \u00e0 ceux qui en souffrent. Les pr\u00e9misses de mes sympt\u00f4mes d&rsquo;hypocondriaque Au d\u00e9but de mes 22 ans j\u2019\u00e9tais une jeune femme assez \u00e9panouie. J&rsquo;avais toujours \u00e9t\u00e9 plut\u00f4t anxieuse, mais cette anxi\u00e9t\u00e9 n&rsquo;\u00e9tait pas non plus\u2026","_links":{"self":[{"href":"https:\/\/www.psy.link\/blog\/wp-json\/wp\/v2\/posts\/6335","targetHints":{"allow":["GET"]}}],"collection":[{"href":"https:\/\/www.psy.link\/blog\/wp-json\/wp\/v2\/posts"}],"about":[{"href":"https:\/\/www.psy.link\/blog\/wp-json\/wp\/v2\/types\/post"}],"author":[{"embeddable":true,"href":"https:\/\/www.psy.link\/blog\/wp-json\/wp\/v2\/users\/14"}],"replies":[{"embeddable":true,"href":"https:\/\/www.psy.link\/blog\/wp-json\/wp\/v2\/comments?post=6335"}],"version-history":[{"count":13,"href":"https:\/\/www.psy.link\/blog\/wp-json\/wp\/v2\/posts\/6335\/revisions"}],"predecessor-version":[{"id":14524,"href":"https:\/\/www.psy.link\/blog\/wp-json\/wp\/v2\/posts\/6335\/revisions\/14524"}],"wp:featuredmedia":[{"embeddable":true,"href":"https:\/\/www.psy.link\/blog\/wp-json\/wp\/v2\/media\/6348"}],"wp:attachment":[{"href":"https:\/\/www.psy.link\/blog\/wp-json\/wp\/v2\/media?parent=6335"}],"wp:term":[{"taxonomy":"category","embeddable":true,"href":"https:\/\/www.psy.link\/blog\/wp-json\/wp\/v2\/categories?post=6335"},{"taxonomy":"post_tag","embeddable":true,"href":"https:\/\/www.psy.link\/blog\/wp-json\/wp\/v2\/tags?post=6335"}],"curies":[{"name":"wp","href":"https:\/\/api.w.org\/{rel}","templated":true}]}}